{"id":64201,"date":"2023-08-01T02:10:38","date_gmt":"2023-08-01T02:10:38","guid":{"rendered":"https:\/\/www.ole.com.ar\/opinion\/boom-cavani-boca-opinion_0_kfwH7mR6ng.html"},"modified":"2023-08-01T02:10:38","modified_gmt":"2023-08-01T02:10:38","slug":"ver-mas-alla-del-boom-de-cavani","status":"publish","type":"post","link":"http:\/\/hoycordobaweb.com\/index.php\/2023\/08\/01\/ver-mas-alla-del-boom-de-cavani\/","title":{"rendered":"Ver m\u00e1s all\u00e1 del boom de Cavani"},"content":{"rendered":"<p><img src=\"http:\/\/hoycordobaweb.com\/wp-content\/uploads\/2023\/08\/ver-mas-alla-del-boom-de-cavani.jpg\"><\/p>\n<p><time class=\"createDate\" datetime=\"2023-07-31T23:10:38-03:00\">31\/07\/2023 23:10hs.<\/time><time class=\"modificatedDate\" datetime=\"2023-07-31T23:10:38-03:00\"><\/time><\/p>\n<div id=\"storyBody\">\n<div class=\"custom-text \" readability=\"13.761996161228\">\n<p>Bombonera con gente un lunes y <strong><a href=\"https:\/\/www.ole.com.ar\/boca-juniors\/cavani-presentacion-bombonera-boca-delantero-uruguayo_0_A11NSfdGA0.html\" target=\"_blank\" rel=\"noopener noreferrer\">Cavani con su familia poni\u00e9ndose la de Boc<\/a><\/strong>a. Con parsimonia al declarar antes de tomarse el avi\u00f3n desde Montevideo y en conferencia. Pero en breve viene, como bien dijo, lo que pase en la cancha. Es ah\u00ed donde se lo evaluar\u00e1. Ahora, que el boom no confunda a nadie: Boca debe traerse un buen resultado de Uruguay, sin Cavani, y Almir\u00f3n tiene que seguir construyendo un equipo que a\u00fan est\u00e1 en formaci\u00f3n. <strong>Sumar a esta figura tope de gama no es tenerla atada: deber\u00e1n saber explotarlo.<\/strong><\/p>\n<\/div>\n<div class=\"custom-text \" readability=\"15\">\n<p><strong>La Libertadores contagia y m\u00e1s con Cavani. Pero no s\u00f3lo ilusiona a Boca. River tambi\u00e9n est\u00e1 en esa l\u00ednea<\/strong> con un equipo m\u00e1s consolidado y refuerzos que suman: la experiencia de Funes Mori (campe\u00f3n de la primera Copa con Gallardo) y lo que promete Colidio.<strong> Tambi\u00e9n se engancha Racing, motivado por los colombianos Roger Mart\u00ednez y Juanfer Quintero<\/strong>, aunque el ex River podr\u00e1 estar reci\u00e9n en cuartos de final y antes hay que pasar a un rival accesible como At\u00e9tico Nacional. Y en esa sinton\u00eda de Copa, el gran sue\u00f1o de todo equipo sudamericano, anda Argentinos, que va por el golpe frente a Fluminense con refuerzos de menor renombre.<\/p>\n<\/div>\n<div class=\"custom-text \" readability=\"12\">\n<p><strong>Cavani provoc\u00f3 una explosi\u00f3n. Los dem\u00e1s tambi\u00e9n sumaron calidad, menos marketinera y disruptiva que la de Edinson<\/strong>. Ahora, a no apostar solo por las individualidades que suman mucho, que las copas las ganan los equipos.<\/p>\n<\/div>\n<div class=\"sc-7ce6049-0 dwIKul\">\n<div class=\"sc-7ce6049-1 bdcBBS videoText\" id=\"contentTitleundefinedICefBK67\" readability=\"6\"><svg fill=\"#ffffff\"><symbol id=\"play\" viewBox=\"0 0 512 512\"><path d=\"M512 256C512 397.4 397.4 512 256 512C114.6 512 0 397.4 0 256C0 114.6 114.6 0 256 0C397.4 0 512 114.6 512 256zM176 168V344C176 352.7 180.7 360.7 188.3 364.9C195.8 369.2 205.1 369 212.5 364.5L356.5 276.5C363.6 272.1 368 264.4 368 256C368 247.6 363.6 239.9 356.5 235.5L212.5 147.5C205.1 142.1 195.8 142.8 188.3 147.1C180.7 151.3 176 159.3 176 168V168z\" \/><\/symbol><use xlink:href=\"#play\" \/><\/svg><\/p>\n<div class=\"right\" readability=\"7\">\n<p>Edinson Cavani<!-- --> &#8211;<!-- --> <span>31-7-2023<\/span><\/p>\n<h2 class=\"title-vid\">La Bombonera cant\u00f3 por Cavani<\/h2>\n<\/div>\n<\/div>\n<p><span class=\"back\" id=\"spanBackundefinedICefBK67\"><\/span><\/div>\n<div class=\"sc-7ce6049-0 dwIKul\">\n<div class=\"sc-7ce6049-1 bdcBBS videoText\" id=\"contentTitleundefinedL2zGlpu2\"><svg fill=\"#ffffff\"><symbol id=\"play\" viewBox=\"0 0 512 512\"><path d=\"M512 256C512 397.4 397.4 512 256 512C114.6 512 0 397.4 0 256C0 114.6 114.6 0 256 0C397.4 0 512 114.6 512 256zM176 168V344C176 352.7 180.7 360.7 188.3 364.9C195.8 369.2 205.1 369 212.5 364.5L356.5 276.5C363.6 272.1 368 264.4 368 256C368 247.6 363.6 239.9 356.5 235.5L212.5 147.5C205.1 142.1 195.8 142.8 188.3 147.1C180.7 151.3 176 159.3 176 168V168z\" \/><\/symbol><use xlink:href=\"#play\" \/><\/svg><\/p>\n<div class=\"right\">\n<p>Boca Juniors<!-- --> &#8211;<!-- --> <span>31-7-2023<\/span><\/p>\n<h2 class=\"title-vid\">La locura por Cavani en su llegada a la Argentina.<\/h2>\n<\/div>\n<\/div>\n<p><span class=\"back\" id=\"spanBackundefinedL2zGlpu2\"><\/span><\/div>\n<div class=\"sc-a7166897-0 exHLBh\" readability=\"6\">\n<section readability=\"2\"><picture><img alt=\"La lista de Boca sin Cavani ni Benedetto para ir a Uruguay\" src=\"http:\/\/hoycordobaweb.com\/wp-content\/uploads\/2023\/08\/ver-mas-alla-del-boom-de-cavani-2.jpg\" width=\"290\" height=\"290\" decoding=\"async\" data-nimg=\"future\" loading=\"lazy\"><\/picture>\n<p><span>Mir\u00e1 tambi\u00e9n<\/span><\/p>\n<hr>\n<h3>La lista de Boca sin Cavani ni Benedetto para ir a Uruguay<\/h3>\n<\/p>\n<\/section>\n<\/div>\n<div class=\"sc-a7166897-0 exHLBh\" readability=\"6\">\n<section readability=\"2\"><picture><img alt=\"Malas noticias para Jorge Almir\u00f3n: tremenda baja de Boca en la Libertadores\" src=\"http:\/\/hoycordobaweb.com\/wp-content\/uploads\/2023\/08\/ver-mas-alla-del-boom-de-cavani-3.jpg\" width=\"290\" height=\"290\" decoding=\"async\" data-nimg=\"future\" loading=\"lazy\"><\/picture>\n<p><span>Mir\u00e1 tambi\u00e9n<\/span><\/p>\n<hr>\n<h3>Malas noticias para Jorge Almir\u00f3n: tremenda baja de Boca en la Libertadores<\/h3>\n<\/p>\n<\/section>\n<\/div>\n<div class=\"sc-a7166897-0 exHLBh\" readability=\"6.5\">\n<section readability=\"3\"><picture><img alt=\"Cavani estaba dispuesto: &quot;Si hay que jugar, se juega&quot;\" src=\"http:\/\/hoycordobaweb.com\/wp-content\/uploads\/2023\/08\/ver-mas-alla-del-boom-de-cavani-4.jpg\" width=\"290\" height=\"290\" decoding=\"async\" data-nimg=\"future\" loading=\"lazy\"><\/picture>\n<p><span>Mir\u00e1 tambi\u00e9n<\/span><\/p>\n<hr>\n<h3>Cavani estaba dispuesto: \u00abSi hay que jugar, se juega\u00bb<\/h3>\n<\/p>\n<\/section>\n<\/div>\n<\/div>\n","protected":false},"excerpt":{"rendered":"<p>31\/07\/2023 23:10hs. Bombonera con gente un lunes y Cavani con su familia poni\u00e9ndose la de Boca. Con parsimonia al declarar antes de tomarse el avi\u00f3n desde Montevideo y en conferencia. Pero en breve viene, como bien dijo, lo que pase en la cancha. Es ah\u00ed donde se lo evaluar\u00e1. Ahora, que el boom no confunda [&hellip;]<\/p>\n","protected":false},"author":1,"featured_media":64202,"comment_status":"open","ping_status":"closed","sticky":false,"template":"","format":"standard","meta":[],"categories":[16],"tags":[],"_links":{"self":[{"href":"http:\/\/hoycordobaweb.com\/index.php\/wp-json\/wp\/v2\/posts\/64201"}],"collection":[{"href":"http:\/\/hoycordobaweb.com\/index.php\/wp-json\/wp\/v2\/posts"}],"about":[{"href":"http:\/\/hoycordobaweb.com\/index.php\/wp-json\/wp\/v2\/types\/post"}],"author":[{"embeddable":true,"href":"http:\/\/hoycordobaweb.com\/index.php\/wp-json\/wp\/v2\/users\/1"}],"replies":[{"embeddable":true,"href":"http:\/\/hoycordobaweb.com\/index.php\/wp-json\/wp\/v2\/comments?post=64201"}],"version-history":[{"count":0,"href":"http:\/\/hoycordobaweb.com\/index.php\/wp-json\/wp\/v2\/posts\/64201\/revisions"}],"wp:featuredmedia":[{"embeddable":true,"href":"http:\/\/hoycordobaweb.com\/index.php\/wp-json\/wp\/v2\/media\/64202"}],"wp:attachment":[{"href":"http:\/\/hoycordobaweb.com\/index.php\/wp-json\/wp\/v2\/media?parent=64201"}],"wp:term":[{"taxonomy":"category","embeddable":true,"href":"http:\/\/hoycordobaweb.com\/index.php\/wp-json\/wp\/v2\/categories?post=64201"},{"taxonomy":"post_tag","embeddable":true,"href":"http:\/\/hoycordobaweb.com\/index.php\/wp-json\/wp\/v2\/tags?post=64201"}],"curies":[{"name":"wp","href":"https:\/\/api.w.org\/{rel}","templated":true}]}}