{"id":64087,"date":"2023-07-30T01:27:00","date_gmt":"2023-07-30T01:27:00","guid":{"rendered":"http:\/\/hoycordobaweb.com\/index.php\/2023\/07\/30\/al-fatah-y-hamas-se-reunen-en-egipto-para-unificar-una-postura-frente-a-israel\/"},"modified":"2023-07-30T01:27:00","modified_gmt":"2023-07-30T01:27:00","slug":"al-fatah-y-hamas-se-reunen-en-egipto-para-unificar-una-postura-frente-a-israel","status":"publish","type":"post","link":"http:\/\/hoycordobaweb.com\/index.php\/2023\/07\/30\/al-fatah-y-hamas-se-reunen-en-egipto-para-unificar-una-postura-frente-a-israel\/","title":{"rendered":"Al Fatah y Hamas se re\u00fanen en Egipto para unificar una postura frente a Israel"},"content":{"rendered":"<p><img src=\"http:\/\/hoycordobaweb.com\/wp-content\/uploads\/2023\/07\/al-fatah-y-hamas-se-reunen-en-egipto-para-unificar-una-postura-frente-a-israel.jpg\"><\/p>\n<figure class=\"mb-3\"><img loading=\"lazy\" data-src=\"http:\/\/hoycordobaweb.com\/wp-content\/uploads\/2023\/07\/al-fatah-y-hamas-se-reunen-en-egipto-para-unificar-una-postura-frente-a-israel-2.jpg\" src=\"https:\/\/www.telam.com.ar\/assets\/img\/not_image.png\" class=\" lazy \" width=\"100%\" height=\"100%\" alt=\"Mahmud Abbas presidente de la Autoridad Nacional Palestina\"><figcaption> Mahmud Abbas, presidente de la Autoridad Nacional Palestina <\/figcaption><\/figure>\n<p>Los m\u00e1ximos dirigentes de las <strong>dos principales facciones palestinas<\/strong>, Mahmud Abbas, <strong>de Al Fatah<\/strong>, e Ismail Haniyah, de <strong>Hamas<\/strong>, llegaron este s\u00e1bado a la ciudad egipcia de El Alamein, donde el domingo mantendr\u00e1n una reuni\u00f3n con otros grupos palestinos en busca de <strong>una posici\u00f3n de consenso frente a Israel.<\/strong><\/p>\n<p>El presidente de Egipto, Abdel Fatah al Sisi, \u00abpresidir\u00e1 la reuni\u00f3n\u00bb entre los jefes de las facciones palestinas, inform\u00f3 la agencia de prensa oficial palestina Wafa.<\/p>\n<p>Haniyah lleg\u00f3 primero <strong>junto a una delegaci\u00f3n de su movimiento islamista Hamas<\/strong>, que controla la Franja de Gaza, mientras que horas despu\u00e9s lleg\u00f3 Abbas, <strong>representante de la Autoridad Palestina, que controla Cisjordania.<\/strong><\/p>\n<p>La reuni\u00f3n fue convocada en respuesta a la \u00ab<strong>escalada\u00bb contra los palestinos <\/strong>y en particular frente a los \u00abcontinuos asaltos\u00bb a la Mezquita de Al Aqsa, declar\u00f3 Hamas en un comunicado.<\/p>\n<blockquote class><p>El movimiento precis\u00f3 que el objetivo del encuentro era \u00abunificar una postura palestina y acordar un plan estrat\u00e9gico nacional para enfrentarse a la ocupaci\u00f3n\u00bb.<\/p><\/blockquote>\n<p>Se esperaba la participaci\u00f3n del movimiento Yihad Isl\u00e1mica, pero rechaz\u00f3 la invitaci\u00f3n tras argumentar que <strong>algunos de sus miembros hab\u00edan sido detenidos<\/strong> en las prisiones de la Autoridad Palestina, inform\u00f3 el diario palestino Al Quds.<\/p>\n<figure class=\"mb-3\"><img loading=\"lazy\" data-src=\"http:\/\/hoycordobaweb.com\/wp-content\/uploads\/2023\/07\/al-fatah-y-hamas-se-reunen-en-egipto-para-unificar-una-postura-frente-a-israel-3.jpg\" src=\"https:\/\/www.telam.com.ar\/assets\/img\/not_image.png\" class=\" lazy \" width=\"100%\" height=\"100%\" alt=\"Al Sisi presidir la reunin entre los lderes de las facciones palestinas\"><figcaption> Al Sisi presidir\u00e1 la reuni\u00f3n entre los l\u00edderes de las facciones palestinas <\/figcaption><\/figure>\n<p>Adem\u00e1s de Al Fatah y Hamas, estar\u00e1n presentes el secretario general del Comit\u00e9 Ejecutivo de la Organizaci\u00f3n para la Liberaci\u00f3n de Palestina (OLP), Husein al Sheij, y el <strong>jefe de los servicios secretos palestinos, Mayed Faraj<\/strong>.<\/p>\n<blockquote class><p>Las dos principales formaciones palestinas, Al Fatah y Hamas, est\u00e1n enfrentadas desde las elecciones de 2006, ganadas por Hamas.<\/p><\/blockquote>\n<p>En 2007 se desataron sangrientos combates entre ambas, que terminaron con la creaci\u00f3n de <strong>dos sistemas pol\u00edticos separados.<\/strong><\/p>\n<p>Por una parte, la Autoridad Palestina, con sede en Cisjordania, un territorio ocupado por Israel desde 1967 y donde viven 2,8 millones de palestinos.Por otra, la Franja de Gaza, un <strong>empobrecido y exiguo territorio donde viven 2,3 millones de personas<\/strong>.<\/p>\n<p>Desde 2007, cuando Hamas se hizo con el pleno control del enclave, <strong>est\u00e1 sometido a un estricto bloqueo israel\u00ed.<\/strong><\/p>\n<figure class=\"mb-3\"><img loading=\"lazy\" data-src=\"http:\/\/hoycordobaweb.com\/wp-content\/uploads\/2023\/07\/al-fatah-y-hamas-se-reunen-en-egipto-para-unificar-una-postura-frente-a-israel-4.jpg\" src=\"https:\/\/www.telam.com.ar\/assets\/img\/not_image.png\" class=\" lazy \" width=\"100%\" height=\"100%\" alt=\"Ismail Haniyah mximo dirigente de Hamas\"><figcaption> Ismail Haniyah, m\u00e1ximo dirigente de Hamas <\/figcaption><\/figure>\n<p><\/p>\n<blockquote class><p>La reuni\u00f3n del domingo coincide con un aumento de la violencia en la zona.<\/p><\/blockquote>\n<p>Desde inicios de a\u00f1o, al menos 203 palestinos, 27 israel\u00edes, una ucraniana y un italiano murieron en actos de violencia relacionados con el conflicto palestino-israel\u00ed. <\/p>\n","protected":false},"excerpt":{"rendered":"<p>Mahmud Abbas, presidente de la Autoridad Nacional Palestina Los m\u00e1ximos dirigentes de las dos principales facciones palestinas, Mahmud Abbas, de Al Fatah, e Ismail Haniyah, de Hamas, llegaron este s\u00e1bado a la ciudad egipcia de El Alamein, donde el domingo mantendr\u00e1n una reuni\u00f3n con otros grupos palestinos en busca de una posici\u00f3n de consenso frente [&hellip;]<\/p>\n","protected":false},"author":1,"featured_media":64088,"comment_status":"open","ping_status":"closed","sticky":false,"template":"","format":"standard","meta":[],"categories":[24],"tags":[],"_links":{"self":[{"href":"http:\/\/hoycordobaweb.com\/index.php\/wp-json\/wp\/v2\/posts\/64087"}],"collection":[{"href":"http:\/\/hoycordobaweb.com\/index.php\/wp-json\/wp\/v2\/posts"}],"about":[{"href":"http:\/\/hoycordobaweb.com\/index.php\/wp-json\/wp\/v2\/types\/post"}],"author":[{"embeddable":true,"href":"http:\/\/hoycordobaweb.com\/index.php\/wp-json\/wp\/v2\/users\/1"}],"replies":[{"embeddable":true,"href":"http:\/\/hoycordobaweb.com\/index.php\/wp-json\/wp\/v2\/comments?post=64087"}],"version-history":[{"count":0,"href":"http:\/\/hoycordobaweb.com\/index.php\/wp-json\/wp\/v2\/posts\/64087\/revisions"}],"wp:featuredmedia":[{"embeddable":true,"href":"http:\/\/hoycordobaweb.com\/index.php\/wp-json\/wp\/v2\/media\/64088"}],"wp:attachment":[{"href":"http:\/\/hoycordobaweb.com\/index.php\/wp-json\/wp\/v2\/media?parent=64087"}],"wp:term":[{"taxonomy":"category","embeddable":true,"href":"http:\/\/hoycordobaweb.com\/index.php\/wp-json\/wp\/v2\/categories?post=64087"},{"taxonomy":"post_tag","embeddable":true,"href":"http:\/\/hoycordobaweb.com\/index.php\/wp-json\/wp\/v2\/tags?post=64087"}],"curies":[{"name":"wp","href":"https:\/\/api.w.org\/{rel}","templated":true}]}}