{"id":64064,"date":"2023-07-29T09:00:35","date_gmt":"2023-07-29T09:00:35","guid":{"rendered":"https:\/\/www.trendencias.com\/shopping\/ikea-tiene-macetero-que-convierte-nuestra-terraza-fresco-jardin-40-euros"},"modified":"2023-07-29T09:00:35","modified_gmt":"2023-07-29T09:00:35","slug":"ikea-tiene-el-macetero-que-convierte-nuestra-terraza-en-un-fresco-jardin-por-menos-de-40-euros","status":"publish","type":"post","link":"http:\/\/hoycordobaweb.com\/index.php\/2023\/07\/29\/ikea-tiene-el-macetero-que-convierte-nuestra-terraza-en-un-fresco-jardin-por-menos-de-40-euros\/","title":{"rendered":"Ikea tiene el macetero que convierte nuestra terraza en un fresco jard\u00edn por menos de 40 euros"},"content":{"rendered":"<p>Que nuestro hogar sea un espacio completamente equipado para nuestro confort, es algo que no necesariamente necesita mucho gasto. De hecho, est\u00e1 comprobado que una <a href=\"https:\/\/decoracion.trendencias.com\/comedor\/como-comprar-mesa-comedor-perfecta-recomendaciones-11-mesas-150-euros\" rel=\"noopener noreferrer\" data-id=\"noopener noreferrer\">mesa de comedor<\/a> perfecta para reuniones y veladas interminables, es muy econ\u00f3mica si sabes fijarte en las ofertas que nos brindan cada d\u00eda nuestras tiendas low cost favoritas. De hecho, ahora en verano, no dejamos de ver descuentos en elementos para el jard\u00edn como un buen <a href=\"https:\/\/decoracion.trendencias.com\/jardin\/guia-compras-como-acertar-al-comprar-cenador-jardin-que-necesitas\" rel=\"noopener noreferrer\" data-id=\"noopener noreferrer\">cenador<\/a> o para hacer frente al calor con <a href=\"https:\/\/decoracion.trendencias.com\/electrodomesticos\/mejor-aire-acondicionado-portatil-cual-comprar-consejos-recomendaciones\" rel=\"noopener noreferrer\" data-id=\"noopener noreferrer\">aire acondicionado<\/a>. El <strong>jard\u00edn es mucho m\u00e1s fresco que una terraza<\/strong>, eso est\u00e1 claro.<\/p>\n<p><!-- BREAK 1 --><!-- PIVOT START --><\/p>\n<div class=\"pivot-ecommerce-container\">\n<div class=\"pivot-ecommerce\" readability=\"4.3688524590164\">\n<div class=\"pivot-ecommerce-figure\"> <a rel=\"nofollow noopener noreferrer\" target=\"_blank\" href=\"https:\/\/www.trendencias.com\/redirect?url=https%3A%2F%2Fwww.ikea.com%2Fes%2Fes%2Fp%2Faskholmen-jardinera-tinte-marron-claro-30258673%2F&amp;category=shopping&amp;pivot=1&amp;ecomPostExpiration=perish&amp;postId=449874\"> <img alt=\"ASKHOLMEN Jardinera, tinte marr\u00f3n claro \" src=\"http:\/\/hoycordobaweb.com\/wp-content\/uploads\/2023\/07\/ikea-tiene-el-macetero-que-convierte-nuestra-terraza-en-un-fresco-jardin-por-menos-de-40-euros.jpg\"> <\/a> <\/div>\n<div class=\"pivot-ecommerce-summary\" readability=\"5.3770491803279\">\n<p class=\"pivot-ecommerce-desc\">ASKHOLMEN Jardinera, tinte marr\u00f3n claro\n<\/p>\n<\/p><\/div><\/div>\n<\/div>\n<p><!-- PIVOT END --><\/p>\n<p>Por eso, si este verano quieres <strong>climatizar y dar un toque fresco y natural a tu terraza<\/strong>, la mejor opci\u00f3n es integrar plantas en ella.<strong> Ikea tiene un macetero muy amplio<\/strong> para poder colocar varias macetas y distintas plantitas. Una jardinera, m\u00e1s bien, con el que convertir nuestra terraza en el espacio verde, oxigenado y perfecto para ser un lugar acogedor donde relajarnos.<\/p>\n<p><!-- BREAK 2 --><\/p>\n<div class=\"article-asset article-asset-normal article-asset-center\">\n<div class=\"desvio-container\">\n<div class=\"desvio\">\n<div class=\"desvio-figure js-desvio-figure\"> <a href=\"https:\/\/www.trendencias.com\/shopping\/hamaca-colgante-bonita-barata-lidl-para-convertir-nuestro-jardin-rincon-paz-20-euros\"> <img alt=\"La hamaca colgante, bonita y barata de Lidl para convertir nuestro jard\u00edn en un rinc\u00f3n de paz por menos de 20 euros \" src=\"http:\/\/hoycordobaweb.com\/wp-content\/uploads\/2023\/07\/ikea-tiene-el-macetero-que-convierte-nuestra-terraza-en-un-fresco-jardin-por-menos-de-40-euros-1.jpg\"> <\/a> <\/div><\/div><\/div>\n<\/div>\n<p>Incluso puedes utilizarla para plantar y ver crecer tu propio huerto ecol\u00f3gico. Y es que este macetero adem\u00e1s tiene <strong>un dise\u00f1o muy r\u00fastico que pone un extra decorativo all\u00ed donde lo coloquemos<\/strong>. Tiene una tabla de madera en el interior que puedes regular para colocarla a la altura que desees y as\u00ed que tus plantas sean m\u00e1s vistosas.<\/p>\n<p><!-- BREAK 3 --><\/p>\n<div class=\"article-asset-image article-asset-small article-asset-center\">\n<div class=\"asset-content\">\n<div class=\"base-wrapper-image\"> <img class=\"sf-lazy centro_sinmarco\" data-sf-srcset=\"http:\/\/hoycordobaweb.com\/wp-content\/uploads\/2023\/07\/ikea-tiene-el-macetero-que-convierte-nuestra-terraza-en-un-fresco-jardin-por-menos-de-40-euros-2.jpg 450w, http:\/\/hoycordobaweb.com\/wp-content\/uploads\/2023\/07\/ikea-tiene-el-macetero-que-convierte-nuestra-terraza-en-un-fresco-jardin-por-menos-de-40-euros-7.jpg 681w,http:\/\/hoycordobaweb.com\/wp-content\/uploads\/2023\/07\/ikea-tiene-el-macetero-que-convierte-nuestra-terraza-en-un-fresco-jardin-por-menos-de-40-euros-8.jpg 1024w, http:\/\/hoycordobaweb.com\/wp-content\/uploads\/2023\/07\/ikea-tiene-el-macetero-que-convierte-nuestra-terraza-en-un-fresco-jardin-por-menos-de-40-euros-9.jpg 1366w,\" data-sf-src=\"http:\/\/hoycordobaweb.com\/wp-content\/uploads\/2023\/07\/ikea-tiene-el-macetero-que-convierte-nuestra-terraza-en-un-fresco-jardin-por-menos-de-40-euros-2.jpg\" alt=\"Askholmen Jardinera Tinte Marron\"> <noscript><img alt=\"Askholmen Jardinera Tinte Marron\" class=\"centro_sinmarco\" src=\"http:\/\/hoycordobaweb.com\/wp-content\/uploads\/2023\/07\/ikea-tiene-el-macetero-que-convierte-nuestra-terraza-en-un-fresco-jardin-por-menos-de-40-euros-2.jpg\"><\/noscript> <\/div><\/div>\n<\/div>\n<p>Aunque este macetero no est\u00e1 rebajado, su precio original es de aut\u00e9ntica oferta porque solo cuesta <a class=\"js-ecommerce\" href=\"https:\/\/www.trendencias.com\/redirect?url=https%3A%2F%2Fwww.ikea.com%2Fes%2Fes%2Fp%2Faskholmen-jardinera-tinte-marron-claro-30258673%2F&amp;category=shopping&amp;ecomPostExpiration=perish&amp;postId=449874\" data-vars-affiliate-url=\"https:\/\/www.trendencias.com\/redirect?url=https%3A%2F%2Fwww.ikea.com%2Fes%2Fes%2Fp%2Faskholmen-jardinera-tinte-marron-claro-30258673%2F&amp;category=shopping&amp;ecomPostExpiration=perish&amp;postId=449874\">39,99 euros<\/a>. Por este precio, podr\u00e1s dar <strong>un giro a tu terraza seca y aburrida <\/strong>por un rinc\u00f3n fresco y agradable que te encantar\u00e1 y disfrutar\u00e1s al m\u00e1ximo.<\/p>\n<p><!-- BREAK 4 --><\/p>\n<h2>Las editoras de Trendencias recomiendan<\/h2>\n<p><!-- PIVOT START --><\/p>\n<div class=\"pivot-ecommerce-container\">\n<div class=\"pivot-ecommerce\" readability=\"6.9795918367347\">\n<div class=\"pivot-ecommerce-figure\"> <a rel=\"nofollow noopener noreferrer\" target=\"_blank\" href=\"https:\/\/www.trendencias.com\/redirect?url=https%3A%2F%2Fwww.amazon.es%2Fdp%2FB0B21GQRMR%3Ftag%3Dtrendencias-21%26linkCode%3Dosi%26th%3D1%26psc%3D1&amp;category=shopping&amp;pivot=1&amp;ecomPostExpiration=perish&amp;postId=449874\"> <img alt=\"AC \u2013 Maceta para Plantas \u2013 Pl\u00e1stico Resistente - Ideal para el Hogar, Plantas, Jard\u00edn, Decoraci\u00f3n. - Cuidado de Plantas - Forma Redonda \u2013 12 cm \u2013 Color Marr\u00f3n\" src=\"http:\/\/hoycordobaweb.com\/wp-content\/uploads\/2023\/07\/ikea-tiene-el-macetero-que-convierte-nuestra-terraza-en-un-fresco-jardin-por-menos-de-40-euros-3.jpg\"> <\/a> <\/div>\n<div class=\"pivot-ecommerce-summary\" readability=\"9.5969387755102\">\n<p class=\"pivot-ecommerce-desc\">AC \u2013 Maceta para Plantas \u2013 Pl\u00e1stico Resistente &#8211; Ideal para el Hogar, Plantas, Jard\u00edn, Decoraci\u00f3n. &#8211; Cuidado de Plantas &#8211; Forma Redonda \u2013 12 cm \u2013 Color Marr\u00f3n<\/p>\n<\/p><\/div><\/div>\n<\/div>\n<p><!-- PIVOT END --><br \/>\n<!-- PIVOT START --><\/p>\n<div class=\"pivot-ecommerce-container\">\n<div class=\"pivot-ecommerce\" readability=\"4.7577319587629\">\n<div class=\"pivot-ecommerce-figure\"> <a rel=\"nofollow noopener noreferrer\" target=\"_blank\" href=\"https:\/\/www.trendencias.com\/redirect?url=https%3A%2F%2Fwww.amazon.es%2Fdp%2FB07MZLW3L4%3Ftag%3Dtrendencias-21%26linkCode%3Dosi%26th%3D1%26psc%3D1&amp;category=shopping&amp;pivot=1&amp;ecomPostExpiration=perish&amp;postId=449874\"> <img alt=\"Binoster Maceta decorativa de cer\u00e1mica para manualidades, color verde\" src=\"http:\/\/hoycordobaweb.com\/wp-content\/uploads\/2023\/07\/ikea-tiene-el-macetero-que-convierte-nuestra-terraza-en-un-fresco-jardin-por-menos-de-40-euros-4.jpg\"> <\/a> <\/div>\n<div class=\"pivot-ecommerce-summary\" readability=\"5.8556701030928\">\n<p class=\"pivot-ecommerce-desc\">Binoster Maceta decorativa de cer\u00e1mica para manualidades, color verde<\/p>\n<\/p><\/div><\/div>\n<\/div>\n<p><!-- PIVOT END --><br \/>\n<!-- PIVOT START --><\/p>\n<div class=\"pivot-ecommerce-container\">\n<div class=\"pivot-ecommerce\" readability=\"5.3014184397163\">\n<div class=\"pivot-ecommerce-figure\"> <a rel=\"nofollow noopener noreferrer\" target=\"_blank\" href=\"https:\/\/www.trendencias.com\/redirect?url=https%3A%2F%2Fwww.amazon.es%2Fdp%2FB08PNL6TJR%3Ftag%3Dtrendencias-21%26linkCode%3Dosi%26th%3D1%26psc%3D1&amp;category=shopping&amp;pivot=1&amp;ecomPostExpiration=perish&amp;postId=449874\"> <img alt=\"ZENAKIO Macetas con Sistema Autorriego (3 Macetas) I Blanco I Maceta Autorriego 18CM Ronda I Interiores y Exterior\" src=\"http:\/\/hoycordobaweb.com\/wp-content\/uploads\/2023\/07\/ikea-tiene-el-macetero-que-convierte-nuestra-terraza-en-un-fresco-jardin-por-menos-de-40-euros-5.jpg\"> <\/a> <\/div>\n<div class=\"pivot-ecommerce-summary\" readability=\"6.5248226950355\">\n<p class=\"pivot-ecommerce-desc\">ZENAKIO Macetas con Sistema Autorriego (3 Macetas) I Blanco I Maceta Autorriego 18CM Ronda I Interiores y Exterior<\/p>\n<\/p><\/div><\/div>\n<\/div>\n<p><!-- PIVOT END --><\/p>\n<div class=\"article-asset-image article-asset-small article-asset-center\">\n<div class=\"asset-content\">\n<div class=\"base-wrapper-image\"> <a href=\"https:\/\/t.me\/trendenciasshop\"> <img class=\"sf-lazy centro_sinmarco\" data-sf-srcset=\"http:\/\/hoycordobaweb.com\/wp-content\/uploads\/2023\/07\/ikea-tiene-el-macetero-que-convierte-nuestra-terraza-en-un-fresco-jardin-por-menos-de-40-euros.png 450w, http:\/\/hoycordobaweb.com\/wp-content\/uploads\/2023\/07\/ikea-tiene-el-macetero-que-convierte-nuestra-terraza-en-un-fresco-jardin-por-menos-de-40-euros.png 681w,http:\/\/hoycordobaweb.com\/wp-content\/uploads\/2023\/07\/ikea-tiene-el-macetero-que-convierte-nuestra-terraza-en-un-fresco-jardin-por-menos-de-40-euros.png 1024w, http:\/\/hoycordobaweb.com\/wp-content\/uploads\/2023\/07\/ikea-tiene-el-macetero-que-convierte-nuestra-terraza-en-un-fresco-jardin-por-menos-de-40-euros.png 1366w,\" data-sf-src=\"http:\/\/hoycordobaweb.com\/wp-content\/uploads\/2023\/07\/ikea-tiene-el-macetero-que-convierte-nuestra-terraza-en-un-fresco-jardin-por-menos-de-40-euros.png\" alt=\"Telegram de Trendencias\"> <noscript><img alt=\"Telegram de Trendencias\" class=\"centro_sinmarco\" src=\"http:\/\/hoycordobaweb.com\/wp-content\/uploads\/2023\/07\/ikea-tiene-el-macetero-que-convierte-nuestra-terraza-en-un-fresco-jardin-por-menos-de-40-euros.png\"><\/noscript> <\/a> <\/div><\/div>\n<\/div>\n<p><em>Puedes estar al d\u00eda y en &nbsp;cada momento informado de las principales ofertas y novedades de &nbsp;Trendencias Shopping en nuestro canal de <\/em><a href=\"https:\/\/t.me\/trendenciasshop\" rel=\"noopener noreferrer\" data-id=\"noopener noreferrer\"><em>Telegram<\/em><\/a><em> o en nuestros perfiles de <\/em><a href=\"https:\/\/www.instagram.com\/trendencias\/\" rel=\"noopener noreferrer\" data-id=\"noopener noreferrer\"><em>Instagram<\/em><\/a><em>, <\/em><a href=\"https:\/\/www.facebook.com\/Trendencias\/\" rel=\"noopener noreferrer\" data-id=\"noopener noreferrer\"><em>Facebook<\/em><\/a><em> y la revista <\/em><a href=\"https:\/\/flipboard.com\/@Trendencias\" rel=\"noopener noreferrer\" data-id=\"noopener noreferrer\"><em>Flipboard<\/em><\/a><em>.<\/em><\/p>\n<p><!-- BREAK 5 --><\/p>\n<blockquote><p><em>Nota: a<\/em>lgunos de los enlaces de este art\u00edculo son afiliados y pueden reportar un beneficio a Trendencias<\/p><\/blockquote>\n<p>Fotos | @luciabarcena, IKEA<\/p>\n<p>En Trendencias | <a href=\"https:\/\/www.trendencias.com\/propuestas-y-consejos\/estos-vestidos-tendencia-esta-temporada-primavera-verano-2023-vamos-todo\" rel=\"noopener noreferrer\" data-id=\"noopener noreferrer\">Estos son los vestidos tendencia de esta temporada primavera-verano 2023: vamos con todo<\/a><\/p>\n<p><!-- BREAK 6 --> <\/p>\n","protected":false},"excerpt":{"rendered":"<p>Que nuestro hogar sea un espacio completamente equipado para nuestro confort, es algo que no necesariamente necesita mucho gasto. De hecho, est\u00e1 comprobado que una mesa de comedor perfecta para reuniones y veladas interminables, es muy econ\u00f3mica si sabes fijarte en las ofertas que nos brindan cada d\u00eda nuestras tiendas low cost favoritas. De hecho, [&hellip;]<\/p>\n","protected":false},"author":1,"featured_media":64065,"comment_status":"closed","ping_status":"closed","sticky":false,"template":"","format":"standard","meta":[],"categories":[1],"tags":[],"_links":{"self":[{"href":"http:\/\/hoycordobaweb.com\/index.php\/wp-json\/wp\/v2\/posts\/64064"}],"collection":[{"href":"http:\/\/hoycordobaweb.com\/index.php\/wp-json\/wp\/v2\/posts"}],"about":[{"href":"http:\/\/hoycordobaweb.com\/index.php\/wp-json\/wp\/v2\/types\/post"}],"author":[{"embeddable":true,"href":"http:\/\/hoycordobaweb.com\/index.php\/wp-json\/wp\/v2\/users\/1"}],"replies":[{"embeddable":true,"href":"http:\/\/hoycordobaweb.com\/index.php\/wp-json\/wp\/v2\/comments?post=64064"}],"version-history":[{"count":0,"href":"http:\/\/hoycordobaweb.com\/index.php\/wp-json\/wp\/v2\/posts\/64064\/revisions"}],"wp:featuredmedia":[{"embeddable":true,"href":"http:\/\/hoycordobaweb.com\/index.php\/wp-json\/wp\/v2\/media\/64065"}],"wp:attachment":[{"href":"http:\/\/hoycordobaweb.com\/index.php\/wp-json\/wp\/v2\/media?parent=64064"}],"wp:term":[{"taxonomy":"category","embeddable":true,"href":"http:\/\/hoycordobaweb.com\/index.php\/wp-json\/wp\/v2\/categories?post=64064"},{"taxonomy":"post_tag","embeddable":true,"href":"http:\/\/hoycordobaweb.com\/index.php\/wp-json\/wp\/v2\/tags?post=64064"}],"curies":[{"name":"wp","href":"https:\/\/api.w.org\/{rel}","templated":true}]}}