{"id":64052,"date":"2023-07-29T02:46:02","date_gmt":"2023-07-29T02:46:02","guid":{"rendered":"https:\/\/www.ole.com.ar\/river-plate\/costumbre-copa-libertadores-river-gallardo-retomaria-demichelis_0_2zuXHiEItm.html"},"modified":"2023-07-29T02:46:02","modified_gmt":"2023-07-29T02:46:02","slug":"la-costumbre-copera-del-river-de-gallardo-que-retomaria-demichelis","status":"publish","type":"post","link":"http:\/\/hoycordobaweb.com\/index.php\/2023\/07\/29\/la-costumbre-copera-del-river-de-gallardo-que-retomaria-demichelis\/","title":{"rendered":"La costumbre copera del River de Gallardo que retomar\u00eda Demichelis"},"content":{"rendered":"<p><img src=\"http:\/\/hoycordobaweb.com\/wp-content\/uploads\/2023\/07\/la-costumbre-copera-del-river-de-gallardo-que-retomaria-demichelis.jpg\"><\/p>\n<p><time class=\"createDate\" datetime=\"2023-07-28T23:46:002-03:00\">28\/07\/2023 23:46hs.<\/time><time class=\"modificatedDate\" datetime=\"2023-07-28T23:46:002-03:00\"><\/time><\/p>\n<div id=\"storyBody\">\n<div class=\"custom-text \" readability=\"31.890080428954\">\n<p>Los octavos de final de la <a href=\"https:\/\/www.ole.com.ar\/tema\/copa-libertadores.html\" title=\"Copa Libertadores\" alt=\"Copa Libertadores\" class=\"slug\">Copa Libertadores<\/a> para <a href=\"https:\/\/www.ole.com.ar\/tema\/river-plate.html\" title=\"River Plate\" alt=\"River Plate\" class=\"slug\">River <\/a>est\u00e1n a la vuelta de la esquina. Literalmente: este martes, desde las 21 y en un Monumental a tope (salvo por el 50% de la Centenario alta, <a href=\"https:\/\/www.ole.com.ar\/opinion\/river-racismo-discriminacion-video-campana-sancion_0_x2kOUpqFDB.html\">suspendida por Conmebol<\/a>), el campe\u00f3n del f\u00fatbol argentino recibir\u00e1 a <a href=\"https:\/\/www.ole.com.ar\/tema\/internacional.html\" title=\"Internacional\" alt=\"Internacional\" class=\"slug\">Internacional <\/a>de Porto Alegre por la ida de los playoffs, en el primer mano a mano del ciclo <a href=\"https:\/\/www.ole.com.ar\/tema\/martin-demichelis.html\" target=\"_blank\" title=\"Martin Demichelis\" alt=\"Martin Demichelis\" class=\"slug\" rel=\"noopener noreferrer\">Demichelis<\/a>.<\/p>\n<\/div>\n<div class=\"custom-text \" readability=\"37.022058823529\">\n<p>Claro, despu\u00e9s del \u00faltimo partido con premiaci\u00f3n incluida ante Racing este viernes, el cuerpo t\u00e9cnico y el plantel activaron inmediatamente el #ModoCopa para la planificaci\u00f3n de un partido en el que deber\u00e1n hacer una buena diferencia pensando en la revancha en el Beira-Rio una semana despu\u00e9s. Y dentro de la log\u00edstica que armaron Micho y sus colaboradores, en estas horas se confirmar\u00eda una idea para la previa al duelo con el equipo que dirige el Chacho <a href=\"https:\/\/www.ole.com.ar\/tema\/eduardo-coudet.html\" title=\"Eduardo Coudet\" alt=\"Eduardo Coudet\" class=\"slug\">Coudet <\/a>que fue una costumbre distintiva de la era <a href=\"https:\/\/www.ole.com.ar\/tema\/marcelo-gallardo.html\" title=\"Marcelo Gallardo\" alt=\"Marcelo Gallardo\" class=\"slug\">Gallardo<\/a>. \u00bfDe qu\u00e9 se trata?<\/p>\n<\/div>\n<div class=\"sc-e7b891c4-0 jPbnQF\"><img alt=\"En 2018, antes de un cruce copero, los hinchas en el predio de Cardales con Armani.\" src=\"http:\/\/hoycordobaweb.com\/wp-content\/uploads\/2023\/07\/la-costumbre-copera-del-river-de-gallardo-que-retomaria-demichelis-2.jpg\" width=\"720\" height=\"100\" decoding=\"async\" data-nimg=\"future\" loading=\"lazy\"><span class=\"epigraphe\">En 2018, antes de un cruce copero, los hinchas en el predio de Cardales con Armani.<\/span><\/div>\n<div class=\"custom-text \" readability=\"37\">\n<p>Como sucedi\u00f3 a lo largo de los ocho a\u00f1os y medio que dur\u00f3 la historia hermos\u00edsima del Mu\u00f1eco en el club, que se distingui\u00f3 tambi\u00e9n por hacerse fuerte en los duelos directos y especialmente en los internacionales, el cuerpo t\u00e9cnico de <strong>Demichelis tiene pensado preparar el primer match contra los ga\u00fachos concentr\u00e1ndose en el Sofitel de Cardales<\/strong>.<\/p>\n<\/div>\n<div class=\"custom-text \" readability=\"38\">\n<p>S\u00ed, el que fuera el b\u00fanker principal del ciclo MG antes de los juegos m\u00e1s bravos y en donde de hecho <strong>River hizo una peque\u00f1a pretemporada en medio de aquella primera Copa Libertadores que se gan\u00f3 en 2015<\/strong> volver\u00eda a ser el lugar elegido para enfocarse en la ida de los octavos de final: aunque se confirmar\u00e1 en estas horas, lo m\u00e1s probable es que el plantel vaya a Cardales <strong>el domingo y permanezca all\u00ed hasta el mismo martes del partido al mediod\u00eda<\/strong>, cuando salga en micro hacia el Monumental.<\/p>\n<\/div>\n<p><h2>Cardales, un cl\u00e1sico del ciclo Gallardo en River<\/h2>\n<\/p>\n<div class=\"custom-text \" readability=\"42\">\n<p>Por las instalaciones que cuentan con canchas propias para entrenarse y, especialmente, porque el CT de Gallardo lo consideraba un lugar para aislarse de todos los agentes externos que aparec\u00edan antes de esta clase de partidos, la experiencia en este b\u00fanker fue una fija los \u00faltimos a\u00f1os, m\u00e1s all\u00e1 de que m\u00e1s de una vez mudaron la concentraci\u00f3n al Hilton de Pilar por falta de lugares. Por caso, <strong>en Cardales el CARP concentr\u00f3 antes de todos los cruces de la Libertadores eterna de 2018<\/strong> salvo, claro, por el \u00faltimo juego en el Bernab\u00e9u.<\/p>\n<\/div>\n<div class=\"custom-text \" readability=\"33\">\n<p>Ahora, buscar\u00e1 contagiarse otra vez de esa m\u00edstica copera&#8230;<\/p>\n<\/div>\n<div class=\"sc-a7166897-0 exHLBh\" readability=\"6\">\n<section readability=\"2\"><picture><img alt=\"El f\u00fatbol contra el racismo\" src=\"http:\/\/hoycordobaweb.com\/wp-content\/uploads\/2023\/07\/la-costumbre-copera-del-river-de-gallardo-que-retomaria-demichelis-3.jpg\" width=\"290\" height=\"290\" decoding=\"async\" data-nimg=\"future\" loading=\"lazy\"><\/picture>\n<p><span>Mir\u00e1 tambi\u00e9n<\/span><\/p>\n<hr>\n<h3>El f\u00fatbol contra el racismo<\/h3>\n<\/p>\n<\/section>\n<\/div>\n<div class=\"sc-a7166897-0 exHLBh\" readability=\"6\">\n<section readability=\"2\"><picture><img alt=\"El sentido mensaje de agradecimiento de El\u00edas G\u00f3mez para River y los hinchas\" src=\"http:\/\/hoycordobaweb.com\/wp-content\/uploads\/2023\/07\/la-costumbre-copera-del-river-de-gallardo-que-retomaria-demichelis-4.jpg\" width=\"290\" height=\"290\" decoding=\"async\" data-nimg=\"future\" loading=\"lazy\"><\/picture>\n<p><span>Mir\u00e1 tambi\u00e9n<\/span><\/p>\n<hr>\n<h3>El sentido mensaje de agradecimiento de El\u00edas G\u00f3mez para River y los hinchas<\/h3>\n<\/p>\n<\/section>\n<\/div>\n<div class=\"sc-a7166897-0 exHLBh\" readability=\"6\">\n<section readability=\"2\"><picture><img alt=\"El mercado de River: todos los movimientos al instante\" src=\"http:\/\/hoycordobaweb.com\/wp-content\/uploads\/2023\/07\/la-costumbre-copera-del-river-de-gallardo-que-retomaria-demichelis-5.jpg\" width=\"290\" height=\"290\" decoding=\"async\" data-nimg=\"future\" loading=\"lazy\"><\/picture>\n<p><span>Mir\u00e1 tambi\u00e9n<\/span><\/p>\n<hr>\n<h3>El mercado de River: todos los movimientos al instante<\/h3>\n<\/p>\n<\/section>\n<\/div>\n<div class=\"sc-a7166897-0 exHLBh\" readability=\"6.5\">\n<section readability=\"3\"><picture><img alt=\"Colidio, presente en el Monumental por primera vez como jugador de River\" src=\"http:\/\/hoycordobaweb.com\/wp-content\/uploads\/2023\/07\/la-costumbre-copera-del-river-de-gallardo-que-retomaria-demichelis-6.jpg\" width=\"290\" height=\"290\" decoding=\"async\" data-nimg=\"future\" loading=\"lazy\"><\/picture>\n<p><span>Mir\u00e1 tambi\u00e9n<\/span><\/p>\n<hr>\n<h3>Colidio, presente en el Monumental por primera vez como jugador de River<\/h3>\n<\/p>\n<\/section>\n<\/div>\n<\/div>\n","protected":false},"excerpt":{"rendered":"<p>28\/07\/2023 23:46hs. Los octavos de final de la Copa Libertadores para River est\u00e1n a la vuelta de la esquina. Literalmente: este martes, desde las 21 y en un Monumental a tope (salvo por el 50% de la Centenario alta, suspendida por Conmebol), el campe\u00f3n del f\u00fatbol argentino recibir\u00e1 a Internacional de Porto Alegre por la [&hellip;]<\/p>\n","protected":false},"author":1,"featured_media":64053,"comment_status":"open","ping_status":"closed","sticky":false,"template":"","format":"standard","meta":[],"categories":[16],"tags":[],"_links":{"self":[{"href":"http:\/\/hoycordobaweb.com\/index.php\/wp-json\/wp\/v2\/posts\/64052"}],"collection":[{"href":"http:\/\/hoycordobaweb.com\/index.php\/wp-json\/wp\/v2\/posts"}],"about":[{"href":"http:\/\/hoycordobaweb.com\/index.php\/wp-json\/wp\/v2\/types\/post"}],"author":[{"embeddable":true,"href":"http:\/\/hoycordobaweb.com\/index.php\/wp-json\/wp\/v2\/users\/1"}],"replies":[{"embeddable":true,"href":"http:\/\/hoycordobaweb.com\/index.php\/wp-json\/wp\/v2\/comments?post=64052"}],"version-history":[{"count":0,"href":"http:\/\/hoycordobaweb.com\/index.php\/wp-json\/wp\/v2\/posts\/64052\/revisions"}],"wp:featuredmedia":[{"embeddable":true,"href":"http:\/\/hoycordobaweb.com\/index.php\/wp-json\/wp\/v2\/media\/64053"}],"wp:attachment":[{"href":"http:\/\/hoycordobaweb.com\/index.php\/wp-json\/wp\/v2\/media?parent=64052"}],"wp:term":[{"taxonomy":"category","embeddable":true,"href":"http:\/\/hoycordobaweb.com\/index.php\/wp-json\/wp\/v2\/categories?post=64052"},{"taxonomy":"post_tag","embeddable":true,"href":"http:\/\/hoycordobaweb.com\/index.php\/wp-json\/wp\/v2\/tags?post=64052"}],"curies":[{"name":"wp","href":"https:\/\/api.w.org\/{rel}","templated":true}]}}