{"id":64050,"date":"2023-07-29T03:19:32","date_gmt":"2023-07-29T03:19:32","guid":{"rendered":"https:\/\/www.ole.com.ar\/river-plate\/river-goles-compartidos-beltran_0_wHZp5aFz3k.html"},"modified":"2023-07-29T03:19:32","modified_gmt":"2023-07-29T03:19:32","slug":"river-el-campeon-de-los-goles-compartidos","status":"publish","type":"post","link":"http:\/\/hoycordobaweb.com\/index.php\/2023\/07\/29\/river-el-campeon-de-los-goles-compartidos\/","title":{"rendered":"River, el campe\u00f3n de los goles compartidos"},"content":{"rendered":"<p><img src=\"http:\/\/hoycordobaweb.com\/wp-content\/uploads\/2023\/07\/river-el-campeon-de-los-goles-compartidos.jpg\"><\/p>\n<p><time class=\"createDate\" datetime=\"2023-07-29T00:19:32-03:00\">29\/07\/2023 00:19hs.<\/time><time class=\"modificatedDate\" datetime=\"2023-07-29T00:19:31-03:00\"><\/time><\/p>\n<div id=\"storyBody\">\n<div class=\"custom-text \" readability=\"34.385604113111\">\n<p>Este <strong><a href=\"https:\/\/www.ole.com.ar\/tema\/river-plate.html\" title=\"River Plate\" alt=\"River Plate\" class=\"slug\">River<\/a><\/strong> campe\u00f3n de<a href=\"https:\/\/www.ole.com.ar\/tema\/martin-demichelis.html\" title=\"Martin Demichelis\" alt=\"Martin Demichelis\" class=\"slug\"> Mart\u00edn Demichelis<\/a> no s\u00f3lo va a ser recordado por ser el que mejor jug\u00f3 la Liga Profesional. Adem\u00e1s de haber respetado la identidad de juego que trajo el det\u00e9 -siguiendo la l\u00ednea de su antecesor-, <strong>el CARP se destac\u00f3 por su gran capacidad goleadora que, si bien todos los flashes se los lleva <a href=\"https:\/\/www.ole.com.ar\/tema\/lucas-beltran.html\" title=\"Lucas Beltr\u00e1n\" alt=\"Lucas Beltr\u00e1n\" class=\"slug\">Lucas Beltr\u00e1n<\/a>, estuvo repartida entre varios jugadores del plantel.<\/strong><\/p>\n<\/div>\n<div class=\"custom-text \" readability=\"41\">\n<p>Y es que<strong> en total 15 de los 36 jugadores que us\u00f3 el det\u00e9 festejaron alguna vez en el semestre<\/strong>, sin importar el puesto en el que jueguen, partiendo desde el mism\u00edsimo Beltr\u00e1n a otros que quiz\u00e1s festejan de forma m\u00e1s espor\u00e1dica como<strong> Rojas, Gonz\u00e1lez Pirez o Paulo D\u00edaz<\/strong>, siendo el chileno el \u00faltimo en sumarse. S\u00ed, se anotan todos. <strong>Y es que todos son importantes en un River que ya hace historia, pero que va por m\u00e1s&#8230;<\/strong><\/p>\n<\/div>\n<div class=\"custom-text \" readability=\"44\">\n<p>De hecho, si se toma en cuenta a los jugadores que estuvieron ante La Academia,<strong> son s\u00f3lo ocho los que nunca convirtieron<\/strong>: Armani, Casco, Enzo D\u00edaz, Enzo P\u00e9rez, Kranevitter, Centuri\u00f3n, Mammana, El\u00edas G\u00f3mez y el Diablito Echeverri. Una fiel muestra del poder de fuego compartido que tiene el equipo de Demichelis.<\/p>\n<\/div>\n<div class=\"sc-e7b891c4-0 jPbnQF\"><img alt=\"Fueron 15 los jugadores de River que festejaron en el semestre (LUIS ROBAYO \/ AFP)\" src=\"http:\/\/hoycordobaweb.com\/wp-content\/uploads\/2023\/07\/river-el-campeon-de-los-goles-compartidos-2.jpg\" width=\"720\" height=\"100\" decoding=\"async\" data-nimg=\"future\" loading=\"lazy\"><span class=\"epigraphe\">Fueron 15 los jugadores de River que festejaron en el semestre (LUIS ROBAYO \/ AFP)<\/span><\/div>\n<p><h2><strong>Beltr\u00e1n, el m\u00e1s goleador<\/strong><\/h2>\n<\/p>\n<div class=\"custom-text \" readability=\"46\">\n<p><strong>El Vikingo es el que se llev\u00f3 todos los flashes en este River goleador. <\/strong>Convirti\u00f3 16 goles en 34 partidos, lo que se traduce en un impactante promedio de un gol cada 0,5 partidos. El que lo sigue es <strong>Barco<\/strong>, que hizo ocho y adem\u00e1s fue explosivo con sus gambetas, logrando ganarse el cari\u00f1o de los hinchas, que deseaban con que demuestre esta faceta atrevida que hac\u00eda sonre\u00edr a Independiente. El top tres lo cierra <strong>Miguel Borja<\/strong>, que si bien no sum\u00f3 los minutos que tal vez hubiese querido,<strong> no fall\u00f3 en eficacia, ya que casi siempre que entr\u00f3, la meti\u00f3. <\/strong>Quiz\u00e1s, aquel gol a Boca sobre el final ser\u00e1 el m\u00e1s recordado del colombiano, que sirvi\u00f3 para destrabar aquel supercl\u00e1sico que iba hacia el 0-0.<\/p>\n<\/div>\n<div class=\"custom-text \" readability=\"40\">\n<p><strong>Luego tambi\u00e9n aparecen otros goles clave de De la Cruz y Nacho Fern\u00e1ndez<\/strong>, quienes se destacaron por su gran influencia ofensiva, con aportes importantes en los pases y en el manejo del mediocampo. Y si bien no convirti\u00f3, <strong>Enzo P\u00e9rez tambi\u00e9n se puede colgar -adem\u00e1s de la medalla del campe\u00f3n- el orgullo del gol<\/strong>, como el gran l\u00edder; al igual que Aliendro, que se gan\u00f3 la ovaci\u00f3n del Monumental al hacerse due\u00f1o del medicamento.<\/p>\n<\/div>\n<div class=\"custom-text \" readability=\"39\">\n<p><strong>Pablo Solari<\/strong> tampoco se queda afuera: <strong>hizo cuatro goles pero tambi\u00e9n despilfarr\u00f3 asistencias, siendo el l\u00edder en este aspecto con diez.<\/strong> Incluso, es el segundo en goles + asistencias (16), por detr\u00e1s del mismo Vikingo. Y en la lista de goleadores (y asistidores) tambi\u00e9n aparece <strong>Gonz\u00e1lez Pirez<\/strong>. Kaiser en la zaga, <strong>pero que tambi\u00e9n se dio el lujo de convertir ante Tigre y de hacerle una asistencia a lo Francescoli a Beltr\u00e1n en la consagraci\u00f3n ante Estudiantes.<\/strong><\/p>\n<\/div>\n<div class=\"custom-text \" readability=\"39\">\n<p>As\u00ed, todos dieron su granito de arena a este <strong>River<\/strong> campe\u00f3n,<strong> que tambi\u00e9n es el River de los goles compartidos<\/strong>, en donde todos se sumaron al poder de fuego de la Michoneta, que ahora ir\u00e1 por m\u00e1s ante Inter, en busca de hacer historia.<\/p>\n<\/div>\n<div class=\"sc-7ce6049-0 dwIKul\">\n<div class=\"sc-7ce6049-1 bdcBBS videoText\" id=\"contentTitleundefinedSWOek5JA\"><svg fill=\"#ffffff\"><symbol id=\"play\" viewBox=\"0 0 512 512\"><path d=\"M512 256C512 397.4 397.4 512 256 512C114.6 512 0 397.4 0 256C0 114.6 114.6 0 256 0C397.4 0 512 114.6 512 256zM176 168V344C176 352.7 180.7 360.7 188.3 364.9C195.8 369.2 205.1 369 212.5 364.5L356.5 276.5C363.6 272.1 368 264.4 368 256C368 247.6 363.6 239.9 356.5 235.5L212.5 147.5C205.1 142.1 195.8 142.8 188.3 147.1C180.7 151.3 176 159.3 176 168V168z\" \/><\/symbol><use xlink:href=\"#play\" \/><\/svg><\/p>\n<div class=\"right\">\n<p>River Plate<!-- --> &#8211;<!-- --> <span>29-7-2023<\/span><\/p>\n<h2 class=\"title-vid\">Lucas Beltr\u00e1n abri\u00f3 el marcador ante Racing<\/h2>\n<\/div>\n<\/div>\n<p><span class=\"back\" id=\"spanBackundefinedSWOek5JA\"><\/span><\/div>\n<p><h2><strong>Todos los goleadores de River en el semestre<\/strong><\/h2>\n<\/p>\n<div class=\"custom-text \">\n<ol>\n<li>Lucas Beltr\u00e1n &#8211; 16 goles<\/li>\n<li>Esequiel Barco &#8211; 8 goles<\/li>\n<li>Miguel Borja &#8211; 7 goles<\/li>\n<li>Ignacio Fern\u00e1ndez &#8211; 5 goles<\/li>\n<li>Nico de la Cruz &#8211; 5 goles<\/li>\n<li>Pablo Solari &#8211; 4 goles<\/li>\n<li>Salom\u00f3n Rond\u00f3n &#8211; 3 goles<\/li>\n<li>Rodrigo Aliendro &#8211; 3 goles<\/li>\n<li>Jos\u00e9 Paradela &#8211; 2 goles<\/li>\n<li>Santiago Sim\u00f3n &#8211; 2 goles<\/li>\n<li>Leandro Gonz\u00e1lez Pirez .- 2 goles<\/li>\n<li>Mat\u00edas Su\u00e1rez &#8211; 2 goles<\/li>\n<li>Agust\u00edn Palavecino &#8211; 1 gol<\/li>\n<li>Robert Rojas &#8211; 1 gol<\/li>\n<li>Paulo D\u00edaz &#8211; 1 gol<\/li>\n<\/ol>\n<\/div>\n<div class=\"sc-a7166897-0 exHLBh\" readability=\"6.5\">\n<section readability=\"3\"><picture><img alt=\"River vs. Racing: resumen, goles y c\u00f3mo sali\u00f3 el partido por la Liga Profesional\" src=\"http:\/\/hoycordobaweb.com\/wp-content\/uploads\/2023\/07\/river-el-campeon-de-los-goles-compartidos-3.jpg\" width=\"290\" height=\"290\" decoding=\"async\" data-nimg=\"future\" loading=\"lazy\"><\/picture>\n<p><span>Mir\u00e1 tambi\u00e9n<\/span><\/p>\n<hr>\n<h3>River vs. Racing: resumen, goles y c\u00f3mo sali\u00f3 el partido por la Liga Profesional<\/h3>\n<\/p>\n<\/section>\n<\/div>\n<div class=\"sc-a7166897-0 exHLBh\" readability=\"6\">\n<section readability=\"2\"><picture><img alt=\"El uno por uno de Racing ante River\" src=\"http:\/\/hoycordobaweb.com\/wp-content\/uploads\/2023\/07\/river-el-campeon-de-los-goles-compartidos-4.jpg\" width=\"290\" height=\"290\" decoding=\"async\" data-nimg=\"future\" loading=\"lazy\"><\/picture>\n<p><span>Mir\u00e1 tambi\u00e9n<\/span><\/p>\n<hr>\n<h3>El uno por uno de Racing ante River<\/h3>\n<\/p>\n<\/section>\n<\/div>\n<div class=\"sc-a7166897-0 exHLBh\" readability=\"6\">\n<section readability=\"2\"><picture><img alt=\"Fiesta Monumental: River venci\u00f3 2-1 a Racing y levant\u00f3 el trofeo de campe\u00f3n\" src=\"http:\/\/hoycordobaweb.com\/wp-content\/uploads\/2023\/07\/river-el-campeon-de-los-goles-compartidos-5.jpg\" width=\"290\" height=\"290\" decoding=\"async\" data-nimg=\"future\" loading=\"lazy\"><\/picture>\n<p><span>Mir\u00e1 tambi\u00e9n<\/span><\/p>\n<hr>\n<h3>Fiesta Monumental: River venci\u00f3 2-1 a Racing y levant\u00f3 el trofeo de campe\u00f3n<\/h3>\n<\/p>\n<\/section>\n<\/div>\n<div class=\"sc-a7166897-0 exHLBh\" readability=\"6\">\n<section readability=\"2\"><picture><img alt=\"Beltr\u00e1n: otro gol con la mira de Italia\" src=\"http:\/\/hoycordobaweb.com\/wp-content\/uploads\/2023\/07\/river-el-campeon-de-los-goles-compartidos-6.jpg\" width=\"290\" height=\"290\" decoding=\"async\" data-nimg=\"future\" loading=\"lazy\"><\/picture>\n<p><span>Mir\u00e1 tambi\u00e9n<\/span><\/p>\n<hr>\n<h3>Beltr\u00e1n: otro gol con la mira de Italia<\/h3>\n<\/p>\n<\/section>\n<\/div>\n<div class=\"sc-a7166897-0 exHLBh\" readability=\"6\">\n<section readability=\"2\"><picture><img alt=\"La costumbre copera del River de Gallardo que retomar\u00eda Demichelis\" src=\"http:\/\/hoycordobaweb.com\/wp-content\/uploads\/2023\/07\/river-el-campeon-de-los-goles-compartidos-7.jpg\" width=\"290\" height=\"290\" decoding=\"async\" data-nimg=\"future\" loading=\"lazy\"><\/picture>\n<p><span>Mir\u00e1 tambi\u00e9n<\/span><\/p>\n<hr>\n<h3>La costumbre copera del River de Gallardo que retomar\u00eda Demichelis<\/h3>\n<\/p>\n<\/section>\n<\/div>\n<\/div>\n","protected":false},"excerpt":{"rendered":"<p>29\/07\/2023 00:19hs. Este River campe\u00f3n de Mart\u00edn Demichelis no s\u00f3lo va a ser recordado por ser el que mejor jug\u00f3 la Liga Profesional. Adem\u00e1s de haber respetado la identidad de juego que trajo el det\u00e9 -siguiendo la l\u00ednea de su antecesor-, el CARP se destac\u00f3 por su gran capacidad goleadora que, si bien todos los [&hellip;]<\/p>\n","protected":false},"author":1,"featured_media":64051,"comment_status":"open","ping_status":"closed","sticky":false,"template":"","format":"standard","meta":[],"categories":[16],"tags":[],"_links":{"self":[{"href":"http:\/\/hoycordobaweb.com\/index.php\/wp-json\/wp\/v2\/posts\/64050"}],"collection":[{"href":"http:\/\/hoycordobaweb.com\/index.php\/wp-json\/wp\/v2\/posts"}],"about":[{"href":"http:\/\/hoycordobaweb.com\/index.php\/wp-json\/wp\/v2\/types\/post"}],"author":[{"embeddable":true,"href":"http:\/\/hoycordobaweb.com\/index.php\/wp-json\/wp\/v2\/users\/1"}],"replies":[{"embeddable":true,"href":"http:\/\/hoycordobaweb.com\/index.php\/wp-json\/wp\/v2\/comments?post=64050"}],"version-history":[{"count":0,"href":"http:\/\/hoycordobaweb.com\/index.php\/wp-json\/wp\/v2\/posts\/64050\/revisions"}],"wp:featuredmedia":[{"embeddable":true,"href":"http:\/\/hoycordobaweb.com\/index.php\/wp-json\/wp\/v2\/media\/64051"}],"wp:attachment":[{"href":"http:\/\/hoycordobaweb.com\/index.php\/wp-json\/wp\/v2\/media?parent=64050"}],"wp:term":[{"taxonomy":"category","embeddable":true,"href":"http:\/\/hoycordobaweb.com\/index.php\/wp-json\/wp\/v2\/categories?post=64050"},{"taxonomy":"post_tag","embeddable":true,"href":"http:\/\/hoycordobaweb.com\/index.php\/wp-json\/wp\/v2\/tags?post=64050"}],"curies":[{"name":"wp","href":"https:\/\/api.w.org\/{rel}","templated":true}]}}