{"id":64042,"date":"2023-07-28T11:33:15","date_gmt":"2023-07-28T11:33:15","guid":{"rendered":"https:\/\/manoamanocba.com.ar\/?p=6415"},"modified":"2023-07-28T11:33:15","modified_gmt":"2023-07-28T11:33:15","slug":"horacio-lavandera-y-la-magia-de-combinar-musica-poesia-y-amor-a-traves-del-piano","status":"publish","type":"post","link":"http:\/\/hoycordobaweb.com\/index.php\/2023\/07\/28\/horacio-lavandera-y-la-magia-de-combinar-musica-poesia-y-amor-a-traves-del-piano\/","title":{"rendered":"Horacio Lavandera y la magia de combinar m\u00fasica, poes\u00eda y amor a trav\u00e9s del piano"},"content":{"rendered":"<p><span><strong>Horacio Lavandera<\/strong> recuerda que, con apenas 13 a\u00f1os, el comienzo de su carrera art\u00edstica se dio en el <strong>Teatro del Libertador San Mart\u00edn<\/strong> de la ciudad de <strong>C\u00f3rdoba<\/strong>, lugar que lo volver\u00e1 a recibir el pr\u00f3ximo s\u00e1bado, pero multipremiado y laureado por el mundo entero.<\/span><\/p>\n<p><span>En una entrevista con <em>Mano a Mano<\/em>, <strong>el pianista, director y compositor<\/strong> cuenta detalles del concierto que brindar\u00e1 con la soprano <strong>Virginia Tola<\/strong>, habla de la magia que se genera arriba del escenario y analiza el presente de la m\u00fasica cl\u00e1sica en Argentina.&nbsp;<\/span><\/p>\n<p><span>\u201cDue\u00f1o de un toque preciso y claro, y una musicalidad inusitada, Lavandera demostr\u00f3 una notable madurez interpretativa\u201d, reza la edici\u00f3n del 30 de agosto de 1998 del diario <em>La Voz del Interior<\/em>.<\/span><\/p>\n<p><span>La noticia reflejaba, por un lado, al ganador del 10\u00b0 Concurso Internacional de Ni\u00f1os y J\u00f3venes M\u00fasicos, que cont\u00f3 con m\u00e1s de 50 instrumentistas inscriptos del mundo entero. Por otro lado, anticipaba la carrera de un pianista con un talento excepcional.<\/span><\/p>\n<div id=\"attachment_6418\" class=\"wp-caption aligncenter\" readability=\"32\"><a href=\"http:\/\/hoycordobaweb.com\/wp-content\/uploads\/2023\/07\/horacio-lavandera-y-la-magia-de-combinar-musica-poesia-y-amor-a-traves-del-piano.jpg\"><img aria-describedby=\"caption-attachment-6418\" loading=\"lazy\" class=\"size-full wp-image-6418\" src=\"http:\/\/hoycordobaweb.com\/wp-content\/uploads\/2023\/07\/horacio-lavandera-y-la-magia-de-combinar-musica-poesia-y-amor-a-traves-del-piano.jpg\" alt width=\"208\" height=\"150\"><\/a><\/p>\n<p id=\"caption-attachment-6418\" class=\"wp-caption-text\">Un Horacio Lavandera adolescente de corbata en 1998 (Archivo de La Voz).<\/p>\n<\/div>\n<p><span>\u201cCada vez que me toca salir al escenario del Teatro del Libertador San Mart\u00edn, me acuerdo de un chico de 13 a\u00f1os que estaba queriendo dedicarse a la m\u00fasica\u201d, confiesa el artista.<\/span><\/p>\n<p><span>Asegura que fue muy importante, \u201cun espaldarazo\u201d, y que le provoca muchas emociones porque en ese momento a\u00fan lo acompa\u00f1aba su padre, el percusionista <strong>Jos\u00e9 Mar\u00eda Lavandera<\/strong>.<\/span><\/p>\n<p><span>Memorioso, repasa cada momento que vivi\u00f3 en el s\u00edmbolo cultural de C\u00f3rdoba durante estos 25 a\u00f1os de carrera: menciona orquestas, coros, maestros y repertorios sin escatimar detalles. \u201cEra un <strong>joven prodigio<\/strong>\u201d, aclara, por si hab\u00eda alguna duda, el hombre que hoy tiene 38 a\u00f1os.<\/span><\/p>\n<p><b>\u00bfCon qu\u00e9 se va a encontrar el p\u00fablico el pr\u00f3ximo s\u00e1bado?<\/b><\/p>\n<p><i><span>El p\u00fablico se va a encontrar con un concierto muy especial, con una de las cantantes m\u00e1s brillantes de los \u00faltimos 25 a\u00f1os de Argentina, Virginia Tola, que desde muy jovencita tambi\u00e9n es una prodigio del canto. Ella es santafesina, fue premiada por Pl\u00e1cido Domingo en las mejores competiciones internacionales. Tomamos una carrera paralela porque yo era muy jovencito cuando fui premiado en el teatro La Scala de Mil\u00e1n, y ella unos a\u00f1os antes hab\u00eda sido premiada por la reina de Noruega. Yo la conozco hace muchos a\u00f1os, pero el a\u00f1o pasado se dio la posibilidad de hacer algo por primera vez, nada menos que en el Teatro Col\u00f3n de Buenos Aires, y fue un \u00e9xito impresionante. Y este a\u00f1o ya empezamos a recorrer distintas ciudades: primero su ciudad natal, Santa Fe, hace unos d\u00edas llegamos de Tucum\u00e1n, tambi\u00e9n con un concierto muy bello, y ahora el gran gusto que nos damos de poder compartir esta gira en el Libertador de C\u00f3rdoba, uno de los puntos salientes de esta gira sin lugar a duda.<\/span><\/i><\/p>\n<p><a href=\"http:\/\/manoamanocba.com.ar\/wp-content\/uploads\/2023\/07\/195608821_338932561137024_3701121390013587519_n.jpg\"><img loading=\"lazy\" class=\"size-medium wp-image-6420 aligncenter\" src=\"http:\/\/hoycordobaweb.com\/wp-content\/uploads\/2023\/07\/horacio-lavandera-y-la-magia-de-combinar-musica-poesia-y-amor-a-traves-del-piano-1.jpg\" alt width=\"300\" height=\"169\" srcset=\"http:\/\/hoycordobaweb.com\/wp-content\/uploads\/2023\/07\/horacio-lavandera-y-la-magia-de-combinar-musica-poesia-y-amor-a-traves-del-piano-4.jpg 300w, http:\/\/hoycordobaweb.com\/wp-content\/uploads\/2023\/07\/horacio-lavandera-y-la-magia-de-combinar-musica-poesia-y-amor-a-traves-del-piano-5.jpg 1024w, http:\/\/hoycordobaweb.com\/wp-content\/uploads\/2023\/07\/horacio-lavandera-y-la-magia-de-combinar-musica-poesia-y-amor-a-traves-del-piano-6.jpg 768w, http:\/\/hoycordobaweb.com\/wp-content\/uploads\/2023\/07\/horacio-lavandera-y-la-magia-de-combinar-musica-poesia-y-amor-a-traves-del-piano-7.jpg 1536w, http:\/\/hoycordobaweb.com\/wp-content\/uploads\/2023\/07\/horacio-lavandera-y-la-magia-de-combinar-musica-poesia-y-amor-a-traves-del-piano-8.jpg 2048w\" sizes=\"(max-width: 300px) 100vw, 300px\"><\/a><\/p>\n<p><b>\u00bfC\u00f3mo es la conexi\u00f3n que se genera en el escenario?<\/b><\/p>\n<p><i><span>Y es m\u00e1gico. La verdad es m\u00e1gico total. Es la primera vez que estoy actuando con una soprano y me siento bendecido por esta oportunidad. Estoy aprendiendo much\u00edsimo porque ella viene del mundo de la \u00f3pera, donde cada movimiento cuenta en el escenario. Ni siquiera ya con la m\u00fasica, sino antes que suena la m\u00fasica ya se genera una magia especial por la sola presencia, los movimientos y todo eso para m\u00ed es de una frase aprendizaje esc\u00e9nico muy importante e interesante. Y la vinculaci\u00f3n de la poes\u00eda con la m\u00fasica para m\u00ed es de lo que m\u00e1s me interesa, por lo tanto esta es una forma de ahondar, de profundizar. En este concierto se van a escuchar canciones de la compositora Clara Schumann, con poemas de Heinrich Heine, Emanuel Geibel y Friedrich R\u00fcckert, los mejores poetas contempor\u00e1neos.<\/span><\/i><\/p>\n<p><i><span>Y luego, la segunda parte, ser\u00e1 con m\u00fasica en nuestra lengua. M\u00fasica hispana porque habr\u00e1 canciones de Manuel de Falla, que tambi\u00e9n es muy querido en C\u00f3rdoba por haber vivido en Alta Gracia, con su estilo tan caracter\u00edstico que recrea distintas zonas de Espa\u00f1a. Habr\u00e1 canciones argentinas y dos sorpresas: invitar\u00e9 a artistas jovenc\u00edsimos para tocar piano a ocho manos y, en el cierre, estar\u00e1 el Coro de Ni\u00f1os Cantores de la escuela Domingo Z\u00edpoli con un homenaje a un gran compositor argentino.&nbsp;<\/span><\/i><\/p>\n<p><span>Lavandera cuenta que en los \u00faltimos a\u00f1os asumi\u00f3 el compromiso de incorporar m\u00e1s presencia de mujeres en los programas, tanto en el repertorio como en el escenario. \u201cHace 10 a\u00f1os no hubiera sabido qu\u00e9 contestar sobre <strong>Clara Schumann<\/strong>\u201d, admite.<\/span><\/p>\n<p><span>Explica que, con la ola feminista, empez\u00f3 a interesarse por obras del pasado de mujeres artistas y que hoy tiene el desaf\u00edo de tocar el piano por primera vez con una soprano.<\/span><\/p>\n<p><a href=\"http:\/\/manoamanocba.com.ar\/wp-content\/uploads\/2023\/07\/UNICEF-MORSIA-32-scaled.jpg\"><img loading=\"lazy\" class=\"size-medium wp-image-6419 aligncenter\" src=\"http:\/\/hoycordobaweb.com\/wp-content\/uploads\/2023\/07\/horacio-lavandera-y-la-magia-de-combinar-musica-poesia-y-amor-a-traves-del-piano-2.jpg\" alt width=\"300\" height=\"233\" srcset=\"http:\/\/hoycordobaweb.com\/wp-content\/uploads\/2023\/07\/horacio-lavandera-y-la-magia-de-combinar-musica-poesia-y-amor-a-traves-del-piano-9.jpg 300w, http:\/\/hoycordobaweb.com\/wp-content\/uploads\/2023\/07\/horacio-lavandera-y-la-magia-de-combinar-musica-poesia-y-amor-a-traves-del-piano-10.jpg 1024w, http:\/\/hoycordobaweb.com\/wp-content\/uploads\/2023\/07\/horacio-lavandera-y-la-magia-de-combinar-musica-poesia-y-amor-a-traves-del-piano-11.jpg 768w, http:\/\/hoycordobaweb.com\/wp-content\/uploads\/2023\/07\/horacio-lavandera-y-la-magia-de-combinar-musica-poesia-y-amor-a-traves-del-piano-12.jpg 1536w, http:\/\/hoycordobaweb.com\/wp-content\/uploads\/2023\/07\/horacio-lavandera-y-la-magia-de-combinar-musica-poesia-y-amor-a-traves-del-piano-13.jpg 2048w\" sizes=\"(max-width: 300px) 100vw, 300px\"><\/a><\/p>\n<p><b>\u00bfEn alg\u00fan momento del concierto es consciente de las grandes obras que recrea?<\/b><\/p>\n<p><i><span>Total, en la primera nota. Somos conscientes que esta m\u00fasica se vive no solo desde el plano intelectual, sino que cada nota est\u00e1 escrita all\u00ed porque est\u00e1 basada en una emoci\u00f3n, una emoci\u00f3n muy fuerte, que genera principalmente el amor. Porque todas las poes\u00edas, de lo que se trata este concierto, rondan a trav\u00e9s del amor, tanto de las canciones de Clara Schumann, como las letras de desamor de Manuel de Falla, tratan sobre esta tem\u00e1tica, sobre desencuentros, sobre historias que tienen que ver con los retratos de los enamorados o una met\u00e1fora, por ejemplo. Hay un poema de Friedrich R\u00fcckert que habla de una met\u00e1fora del amor entre un cisne y una flor de loto, que es bell\u00edsima la m\u00fasica, es impresionante. Y luego \u00e1reas de \u00f3pera de Richard Wagner. Tanto Trist\u00e1n e Isolda, que voy a interpretar solo en la versi\u00f3n de piano, como Tannh\u00e4userde, este compositor que es sensacional, c\u00f3mo va equilibrando los poderes y las contraposiciones. En el caso de Trist\u00e1n e Isolda, se basa en las leyendas n\u00f3rdicas, donde hay brebajes m\u00e1gicos que hace que se enamoren y al final terminan falleciendo por causa de celos de uno de los personajes. En el caso Tannh\u00e4user, lo que va a cantar Virginia, se trata del \u00e1rea de principal de Elizabeth, que es la contracara de Venus, el amor pecaminoso frente al amor representante de la castidad en Tannh\u00e4user que juega Wagner en esos ejes psicol\u00f3gicos de una manera magistral. Esto es emoci\u00f3n pura.<\/span><\/i><\/p>\n<p><span>Lavandera dice que el presente lo encuentra recorriendo Argentina y que, en estas giras, detect\u00f3 que falta mucho trabajo, pero que hay <strong>mucha energ\u00eda y creatividad joven<\/strong>.<\/span><\/p>\n<p><span>\u201cCreo que van a pasar muchas buenas de ac\u00e1 al futuro, y voy a acompa\u00f1ar con mi granito de arena para que las cosas sucedan\u201d, agrega.<\/span><\/p>\n<p><a href=\"http:\/\/manoamanocba.com.ar\/wp-content\/uploads\/2023\/07\/344988103_966650234511787_5466396790422186152_n.jpg\"><img loading=\"lazy\" class=\"size-medium wp-image-6421 aligncenter\" src=\"http:\/\/hoycordobaweb.com\/wp-content\/uploads\/2023\/07\/horacio-lavandera-y-la-magia-de-combinar-musica-poesia-y-amor-a-traves-del-piano-3.jpg\" alt width=\"300\" height=\"300\" srcset=\"http:\/\/hoycordobaweb.com\/wp-content\/uploads\/2023\/07\/horacio-lavandera-y-la-magia-de-combinar-musica-poesia-y-amor-a-traves-del-piano-14.jpg 300w, http:\/\/hoycordobaweb.com\/wp-content\/uploads\/2023\/07\/horacio-lavandera-y-la-magia-de-combinar-musica-poesia-y-amor-a-traves-del-piano-15.jpg 150w, http:\/\/hoycordobaweb.com\/wp-content\/uploads\/2023\/07\/horacio-lavandera-y-la-magia-de-combinar-musica-poesia-y-amor-a-traves-del-piano-16.jpg 457w\" sizes=\"(max-width: 300px) 100vw, 300px\"><\/a><\/p>\n<p><b>\u00bfC\u00f3mo analiza el presente de la m\u00fasica cl\u00e1sica en Argentina?<\/b><\/p>\n<p><i><span>(Se toma su tiempo para responder). Creo que habr\u00eda que potenciar todo lo posible, como siempre, con econom\u00eda. Esto es m\u00e1s una cuesti\u00f3n de que los j\u00f3venes tengan herramientas y un buen pasar para estudiar, la gran preocupaci\u00f3n que surge en la m\u00fasica cl\u00e1sica. \u00bfQu\u00e9 ocurre hoy en la m\u00fasica cl\u00e1sica? Uno tiene que tener una familia que est\u00e9 muy bien posicionada econ\u00f3micamente para desarrollarlo. \u00bfEntonces cu\u00e1les ser\u00edan los retos? Que no sea solamente de esta manera que se pueda desarrollar una persona en lo que es la m\u00fasica cl\u00e1sica: la compra de instrumentos, su mantenimiento, pagarle a maestros, pagar clases de idiomas, viajar al exterior, formarse. Todas estas cosas hacen que sea una carrera muy costosa, y cada vez m\u00e1s costosa. Cada vez hay m\u00e1s trabas para que un joven se pueda dedicar a la m\u00fasica cl\u00e1sica. Entonces, aqu\u00ed hay que entrar con programas y ver que se pueda bajar una econom\u00eda a todas las personas m\u00e1s talentosas para que se puedan desarrollar. El panorama es complejo y desde los lugares as\u00ed, de personas con m\u00e1s experiencia como yo, lo que tenemos que decir es eso: m\u00e1s dinero para becas, para los m\u00fasicos, para proyectos.<\/span><\/i><\/p>\n<p><span>Por \u00faltimo, agradeci\u00f3 a Ra\u00fal Sansica de la Agencia C\u00f3rdoba Cultura por hacer posible este recital y por su trabajo en la cultura, al maestro Juan Manuel Brarda, y a su novia, la cordobesa Mar\u00eda Lucila.<\/span><\/p>\n<p>El pianista Horacio Lavandera y la soprano Virginia Tola presentan el s\u00e1bado a las 20 el <strong>concierto \u201cAlemania y Espa\u00f1a: grandes compositores\u201d, <\/strong>con un programa que incluye a Ludwig van Beethoven, Clara Schumann, Richard Wagner, Manuel de Falla y una versi\u00f3n para piano solo de Franz Liszt. Entrada general $16.500 pesos disponibles a trav\u00e9s del sistema <a href=\"http:\/\/autoentrada.com\/\" target=\"_blank\" rel=\"noreferrer noopener\">autoentrada.com<\/a>&nbsp;y en boleter\u00eda del teatro.<\/p>\n","protected":false},"excerpt":{"rendered":"<p>Horacio Lavandera recuerda que, con apenas 13 a\u00f1os, el comienzo de su carrera art\u00edstica se dio en el Teatro del Libertador San Mart\u00edn de la ciudad de C\u00f3rdoba, lugar que lo volver\u00e1 a recibir el pr\u00f3ximo s\u00e1bado, pero multipremiado y laureado por el mundo entero. En una entrevista con Mano a Mano, el pianista, director [&hellip;]<\/p>\n","protected":false},"author":1,"featured_media":64043,"comment_status":"closed","ping_status":"closed","sticky":false,"template":"","format":"standard","meta":[],"categories":[19],"tags":[],"_links":{"self":[{"href":"http:\/\/hoycordobaweb.com\/index.php\/wp-json\/wp\/v2\/posts\/64042"}],"collection":[{"href":"http:\/\/hoycordobaweb.com\/index.php\/wp-json\/wp\/v2\/posts"}],"about":[{"href":"http:\/\/hoycordobaweb.com\/index.php\/wp-json\/wp\/v2\/types\/post"}],"author":[{"embeddable":true,"href":"http:\/\/hoycordobaweb.com\/index.php\/wp-json\/wp\/v2\/users\/1"}],"replies":[{"embeddable":true,"href":"http:\/\/hoycordobaweb.com\/index.php\/wp-json\/wp\/v2\/comments?post=64042"}],"version-history":[{"count":0,"href":"http:\/\/hoycordobaweb.com\/index.php\/wp-json\/wp\/v2\/posts\/64042\/revisions"}],"wp:featuredmedia":[{"embeddable":true,"href":"http:\/\/hoycordobaweb.com\/index.php\/wp-json\/wp\/v2\/media\/64043"}],"wp:attachment":[{"href":"http:\/\/hoycordobaweb.com\/index.php\/wp-json\/wp\/v2\/media?parent=64042"}],"wp:term":[{"taxonomy":"category","embeddable":true,"href":"http:\/\/hoycordobaweb.com\/index.php\/wp-json\/wp\/v2\/categories?post=64042"},{"taxonomy":"post_tag","embeddable":true,"href":"http:\/\/hoycordobaweb.com\/index.php\/wp-json\/wp\/v2\/tags?post=64042"}],"curies":[{"name":"wp","href":"https:\/\/api.w.org\/{rel}","templated":true}]}}