{"id":64033,"date":"2023-07-29T00:26:15","date_gmt":"2023-07-29T00:26:15","guid":{"rendered":"http:\/\/hoycordobaweb.com\/index.php\/2023\/07\/29\/el-tecnico-de-la-seleccion-de-italia-reconocio-que-planea-convocar-a-un-jugador-de-la-liga-442\/"},"modified":"2023-07-29T00:26:15","modified_gmt":"2023-07-29T00:26:15","slug":"el-tecnico-de-la-seleccion-de-italia-reconocio-que-planea-convocar-a-un-jugador-de-la-liga-442","status":"publish","type":"post","link":"http:\/\/hoycordobaweb.com\/index.php\/2023\/07\/29\/el-tecnico-de-la-seleccion-de-italia-reconocio-que-planea-convocar-a-un-jugador-de-la-liga-442\/","title":{"rendered":"El t\u00e9cnico de la Selecci\u00f3n de Italia reconoci\u00f3 que planea convocar a un jugador de la Liga &#8230; &#8211; 442"},"content":{"rendered":"<p>El estratega del combinado nacional europeo admiti\u00f3 que le interesa un futbolista que hace parte de uno de los equipos del <b>f\u00fatbol argentino<\/b>. <\/p>\n","protected":false},"excerpt":{"rendered":"<p>El estratega del combinado nacional europeo admiti\u00f3 que le interesa un futbolista que hace parte de uno de los equipos del f\u00fatbol argentino.<\/p>\n","protected":false},"author":1,"featured_media":0,"comment_status":"closed","ping_status":"closed","sticky":false,"template":"","format":"standard","meta":[],"categories":[22],"tags":[],"_links":{"self":[{"href":"http:\/\/hoycordobaweb.com\/index.php\/wp-json\/wp\/v2\/posts\/64033"}],"collection":[{"href":"http:\/\/hoycordobaweb.com\/index.php\/wp-json\/wp\/v2\/posts"}],"about":[{"href":"http:\/\/hoycordobaweb.com\/index.php\/wp-json\/wp\/v2\/types\/post"}],"author":[{"embeddable":true,"href":"http:\/\/hoycordobaweb.com\/index.php\/wp-json\/wp\/v2\/users\/1"}],"replies":[{"embeddable":true,"href":"http:\/\/hoycordobaweb.com\/index.php\/wp-json\/wp\/v2\/comments?post=64033"}],"version-history":[{"count":0,"href":"http:\/\/hoycordobaweb.com\/index.php\/wp-json\/wp\/v2\/posts\/64033\/revisions"}],"wp:attachment":[{"href":"http:\/\/hoycordobaweb.com\/index.php\/wp-json\/wp\/v2\/media?parent=64033"}],"wp:term":[{"taxonomy":"category","embeddable":true,"href":"http:\/\/hoycordobaweb.com\/index.php\/wp-json\/wp\/v2\/categories?post=64033"},{"taxonomy":"post_tag","embeddable":true,"href":"http:\/\/hoycordobaweb.com\/index.php\/wp-json\/wp\/v2\/tags?post=64033"}],"curies":[{"name":"wp","href":"https:\/\/api.w.org\/{rel}","templated":true}]}}