{"id":63972,"date":"2023-07-27T22:05:16","date_gmt":"2023-07-27T22:05:16","guid":{"rendered":"https:\/\/www.espinof.com\/netflix\/temporada-4-the-witcher-se-aplaza-forma-indefinida-que-cancelacion-abandono-henry-cavill-no-seria-sorprendente-parte-netflix"},"modified":"2023-07-27T22:05:16","modified_gmt":"2023-07-27T22:05:16","slug":"la-temporada-4-de-the-witcher-se-aplaza-de-forma-indefinida-por-que-una-cancelacion-tras-el-abandono-de-henry-cavill-no-seria-sorprendente-por-parte-de-netflix","status":"publish","type":"post","link":"http:\/\/hoycordobaweb.com\/index.php\/2023\/07\/27\/la-temporada-4-de-the-witcher-se-aplaza-de-forma-indefinida-por-que-una-cancelacion-tras-el-abandono-de-henry-cavill-no-seria-sorprendente-por-parte-de-netflix\/","title":{"rendered":"La temporada 4 de &#8216;The Witcher&#8217; se aplaza de forma indefinida. Por qu\u00e9 una cancelaci\u00f3n tras el abandono de Henry Cavill no ser\u00eda sorprendente por parte de Netflix"},"content":{"rendered":"<p>Hace apenas unas horas que Netflix estren\u00f3 los episodios restantes de la <a href=\"https:\/\/www.espinof.com\/criticas\/the-witcher-decepciona-temporada-3-decisiva-para-su-futuro-epica-ultima-mision-henry-cavill-como-geralt-rivia-netflix-deja-mejor-para-final\">temporada 3 de &#8216;The Witcher&#8217;<\/a>, que tambi\u00e9n son los \u00faltimos con <strong>Henry Cavill<\/strong> dando vida a Geralt de Rivia. Hace tiempo que sabemos que<strong> Liam Hemsworth<\/strong> ser\u00e1 su sustituto, pero el actor australiano todav\u00eda tendr\u00e1 que esperar, pues la temporada 4 de la serie ha sido aplazada de forma indefinida.<\/p>\n<p><!-- BREAK 1 --><\/p>\n<h2>Pinta regular la cosa<\/h2>\n<p>El plan inicial era que las grabaciones arrancasen este pr\u00f3ximo mes de septiembre -y que se extendiera hasta mayo del a\u00f1o que viene-, pero desde <a href=\"https:\/\/redanianintelligence.com\/2023\/07\/25\/the-witcher-season-4-production-delayed-until-2024\/\">Redanian Intelligence<\/a> informan de que eso ha cambiado. <strong>Todo apunta a que pueda deberse a la huelga de actores<\/strong>, pues todo parec\u00eda seguir adelante cuando eran solamente los guionistas los que estaban en huelga.<\/p>\n<p><!-- BREAK 2 --> <\/p>\n<p><strong>Ahora no est\u00e1 previsto que el rodaje de los nuevos episodios comience hasta 2024<\/strong>, sin haberse fijado todav\u00eda una fecha exacta. \u00bfEso es que en Netflix ya asumen que la huelga va para muy largo o quiz\u00e1 que se est\u00e1n replanteando el futuro de la serie? Recordemos que la temporada 3 ha sufrido <a href=\"https:\/\/www.espinof.com\/netflix\/decadencia-the-witcher-audiencias-se-confirma-siembra-dudas-su-futuro-cuando-henry-cavill-deje-serie-netflix\">un claro baj\u00f3n en audiencias<\/a>, y eso nunca es buena se\u00f1al, en especial para una producci\u00f3n tan cara como &#8216;The Witcher&#8217;.<\/p>\n<p><!-- BREAK 3 --><\/p>\n<div class=\"article-asset article-asset-normal article-asset-center\">\n<div class=\"desvio-container\">\n<div class=\"desvio\">\n<div class=\"desvio-figure js-desvio-figure\"> <a href=\"https:\/\/www.espinof.com\/listas\/mejores-series-netflix-2023\"> <img alt=\"Las mejores series de Netflix en 2023 (por ahora)\" src=\"http:\/\/hoycordobaweb.com\/wp-content\/uploads\/2023\/07\/la-temporada-4-de-the-witcher-se-aplaza-de-forma-indefinida-por-que-una-cancelacion-tras-el-abandono-de-henry-cavill-no-seria-sorprendente-por-parte-de-netflix.jpg\"> <\/a> <\/div><\/div><\/div>\n<\/div>\n<p>A eso hay que sumarle que ya hay <a href=\"https:\/\/www.espinof.com\/listas\/cuando-netflix-estafa-al-publico-sus-promesas-rotas-6-series-que-cancelo-haberlas-renovado-previamente\">hasta 6 precedentes<\/a> de series que Netflix hab\u00eda renovado y que luego acab\u00f3 cancelando. <strong>Ninguna de ellas era un t\u00edtulo tan popular como &#8216;The Witcher&#8217;<\/strong> -aunque a m\u00ed hay un caso que <a href=\"https:\/\/www.espinof.com\/netflix\/netflix-cancelo-injustamente-sus-mejores-series-forma-dolorosa-posible-estaba-renovada-siguiente-temporada-iba-a-ser-ultima\">todav\u00eda me duele recordar<\/a> y que tambi\u00e9n se debi\u00f3 en parte a un par\u00f3n inesperado-, pero tampoco hay ning\u00fan otro ejemplo comparable en el que el gran protagonista de la funci\u00f3n abandona la serie antes de tiempo, con ella dando claras muestras de desgaste en t\u00e9rminos de seguimiento por parte del p\u00fablico.<\/p>\n<p><!-- BREAK 4 --> <\/p>\n<p>Por mi parte, <a href=\"https:\/\/www.espinof.com\/series-de-ficcion\/netflix-deberia-cancelar-the-witcher-serie-no-tiene-sentido-henry-cavill-ese-sustituto\">ya os coment\u00e9<\/a> en su momento que Netflix deber\u00eda haber cancelado &#8216;The Witcher&#8217; tras la marcha de Cavill, pero la respuesta de la plataforma a todo el l\u00edo fue <a href=\"https:\/\/www.espinof.com\/series-de-ficcion\/netflix-deja-claro-que-no-necesita-a-henry-cavill-decision-que-sorprende-al-mayor-fan-the-witcher-serie-fantasia-renueva-temporada-5-haberse-estrenado-tercera\">dar a entender que no lo necesitaban<\/a> al renovarla por una quinta temporada antes incluso del estreno de la tercera. <strong>Igual ya se est\u00e1n arrepintiendo de ello<\/strong>&#8230;<\/p>\n<p><!-- BREAK 5 --><\/p>\n<p>Lo que s\u00ed est\u00e1 claro es que, en caso de seguir adelante, <strong>la temporada 4 no se estrenar\u00eda ya hasta 2025.<\/strong><\/p>\n<p><!-- BREAK 6 --><\/p>\n<p>En Espinof | <a href=\"https:\/\/www.espinof.com\/listas\/mejores-series-historia-netflix\">Las 27 mejores series de la historia de Netflix<\/a><\/p>\n<p><!-- BREAK 7 --> <\/p>\n","protected":false},"excerpt":{"rendered":"<p>Hace apenas unas horas que Netflix estren\u00f3 los episodios restantes de la temporada 3 de &#8216;The Witcher&#8217;, que tambi\u00e9n son los \u00faltimos con Henry Cavill dando vida a Geralt de Rivia. Hace tiempo que sabemos que Liam Hemsworth ser\u00e1 su sustituto, pero el actor australiano todav\u00eda tendr\u00e1 que esperar, pues la temporada 4 de la [&hellip;]<\/p>\n","protected":false},"author":1,"featured_media":63973,"comment_status":"open","ping_status":"closed","sticky":false,"template":"","format":"standard","meta":[],"categories":[10],"tags":[],"_links":{"self":[{"href":"http:\/\/hoycordobaweb.com\/index.php\/wp-json\/wp\/v2\/posts\/63972"}],"collection":[{"href":"http:\/\/hoycordobaweb.com\/index.php\/wp-json\/wp\/v2\/posts"}],"about":[{"href":"http:\/\/hoycordobaweb.com\/index.php\/wp-json\/wp\/v2\/types\/post"}],"author":[{"embeddable":true,"href":"http:\/\/hoycordobaweb.com\/index.php\/wp-json\/wp\/v2\/users\/1"}],"replies":[{"embeddable":true,"href":"http:\/\/hoycordobaweb.com\/index.php\/wp-json\/wp\/v2\/comments?post=63972"}],"version-history":[{"count":0,"href":"http:\/\/hoycordobaweb.com\/index.php\/wp-json\/wp\/v2\/posts\/63972\/revisions"}],"wp:featuredmedia":[{"embeddable":true,"href":"http:\/\/hoycordobaweb.com\/index.php\/wp-json\/wp\/v2\/media\/63973"}],"wp:attachment":[{"href":"http:\/\/hoycordobaweb.com\/index.php\/wp-json\/wp\/v2\/media?parent=63972"}],"wp:term":[{"taxonomy":"category","embeddable":true,"href":"http:\/\/hoycordobaweb.com\/index.php\/wp-json\/wp\/v2\/categories?post=63972"},{"taxonomy":"post_tag","embeddable":true,"href":"http:\/\/hoycordobaweb.com\/index.php\/wp-json\/wp\/v2\/tags?post=63972"}],"curies":[{"name":"wp","href":"https:\/\/api.w.org\/{rel}","templated":true}]}}