{"id":63936,"date":"2023-07-27T02:52:30","date_gmt":"2023-07-27T02:52:30","guid":{"rendered":"https:\/\/www.ole.com.ar\/san-lorenzo\/san-lorenzo-augusto-batalla-copa-argentina_0_g7rGolLyEY.html"},"modified":"2023-07-27T02:52:30","modified_gmt":"2023-07-27T02:52:30","slug":"batalla-del-comer-mierda-a-un-agradecimiento-sin-river","status":"publish","type":"post","link":"http:\/\/hoycordobaweb.com\/index.php\/2023\/07\/27\/batalla-del-comer-mierda-a-un-agradecimiento-sin-river\/","title":{"rendered":"Batalla: del \u00abcomer mierda\u00bb a un agradecimiento sin River"},"content":{"rendered":"<p><img src=\"http:\/\/hoycordobaweb.com\/wp-content\/uploads\/2023\/07\/batalla-del-comer-mierda-a-un-agradecimiento-sin-river.jpg\"><\/p>\n<p><time class=\"createDate\" datetime=\"2023-07-26T23:52:30-03:00\">26\/07\/2023 23:52hs.<\/time><time class=\"modificatedDate\" datetime=\"2023-07-26T23:58:24-03:00\"> Actualizado al 26\/07\/2023 23:58hs.<\/time><\/p>\n<div id=\"storyBody\">\n<div class=\"custom-text \" readability=\"38.021505376344\">\n<p>En la <strong><a href=\"https:\/\/www.ole.com.ar\/tema\/augusto-batalla.html\" title=\"Augusto Batalla\" alt=\"Augusto Batalla\" class=\"slug\">Batalla <\/a><\/strong>del Sur, el que festej\u00f3 la victoria fue <strong><a href=\"https:\/\/www.ole.com.ar\/tema\/san-lorenzo.html\" title=\"San Lorenzo\" alt=\"San Lorenzo\" class=\"slug\">San Lorenzo<\/a><\/strong>. De la mano de su arquero, que tap\u00f3 dos penales en la definici\u00f3n y encima convirti\u00f3 el definitorio, el equipo del Gallego Insua elimin\u00f3 a Platense y se meti\u00f3 en octavos de la Copa Argentina. Y luego de una emotiva e incre\u00edble ejecuci\u00f3n desde los 12 pasos, <strong>el gran protagonista de la tanda se despach\u00f3 con un fuerte desahogo y un agradecimiento particular, en el que omiti\u00f3 nombrar a <a href=\"https:\/\/www.ole.com.ar\/tema\/river-plate.html\" title=\"River Plate\" alt=\"River Plate\" class=\"slug\">River<\/a>.<\/strong><\/p>\n<\/div>\n<div class=\"custom-text \" readability=\"41\">\n<p><strong>\u00abNos beneficiaba que estaba nuestra gente, pero estaba convencido de mis compa\u00f1eros y de m\u00ed.<\/strong> Estaba convencido de que iba a ayudar a mi equipo. Para m\u00ed, es gratifiicante, me cost\u00f3 mucho todo. Estar en un club como San Lorenzo y llevar la cinta de capit\u00e1n y que toda la gente coree mi nombre, es un sue\u00f1o\u00bb, arranc\u00f3 Batalla, emocionado por esa primera gran ovaci\u00f3n del p\u00fablico del Cicl\u00f3n que cop\u00f3 la cancha de Lan\u00fas.<\/p>\n<\/div>\n<div class=\"custom-text \" readability=\"40\">\n<p>Con las emociones a flor de piel, agreg\u00f3 que \u00abni el m\u00e1s optimista lo hubiera dicho en mi llegada\u00bb y lanz\u00f3 una dura frase que refleja todo lo que tuvo que luchar para alcanzar este presente inmejorable: <strong>\u00abCost\u00f3 mucho. Muchos a\u00f1os de trabajo, dando vueltas y, como se dice en la jerga, comiendo mierda a nivel personal. Y no hablo de los clubes en los que estuve, que fueron grand\u00edsimos y me ayudaron a crecer\u00bb.<\/strong><\/p>\n<\/div>\n<div class=\"sc-7ce6049-0 dwIKul\">\n<div class=\"sc-7ce6049-1 bdcBBS videoText\" id=\"contentTitleundefinedvGhMgofa\"><svg fill=\"#ffffff\"><symbol id=\"play\" viewBox=\"0 0 512 512\"><path d=\"M512 256C512 397.4 397.4 512 256 512C114.6 512 0 397.4 0 256C0 114.6 114.6 0 256 0C397.4 0 512 114.6 512 256zM176 168V344C176 352.7 180.7 360.7 188.3 364.9C195.8 369.2 205.1 369 212.5 364.5L356.5 276.5C363.6 272.1 368 264.4 368 256C368 247.6 363.6 239.9 356.5 235.5L212.5 147.5C205.1 142.1 195.8 142.8 188.3 147.1C180.7 151.3 176 159.3 176 168V168z\" \/><\/symbol><use xlink:href=\"#play\" \/><\/svg><\/p>\n<div class=\"right\">\n<p>San Lorenzo<!-- --> &#8211;<!-- --> <span>26-7-2023<\/span><\/p>\n<h2 class=\"title-vid\">La tanda de penales entre San Lorenzo y Platense<\/h2>\n<\/div>\n<\/div>\n<p><span class=\"back\" id=\"spanBackundefinedvGhMgofa\"><\/span><\/div>\n<div class=\"custom-text \" readability=\"41\">\n<p>Pero a la hora del repaso de los equipos, el hecho de no haber nombrado a River, club en el que se form\u00f3 y debut\u00f3 en Primera, gener\u00f3 una particular repercusi\u00f3n: <strong>\u00abAtl\u00e9tico Tucum\u00e1n, Tigre, Uni\u00f3n La Calera, Tigre, les estoy agradecido a todos\u00bb. <\/strong><\/p>\n<\/div>\n<div class=\"sc-e7b891c4-0 jPbnQF\"><img alt=\"Tapad\u00f3n de batalla. Fotobaires\" src=\"http:\/\/hoycordobaweb.com\/wp-content\/uploads\/2023\/07\/batalla-del-comer-mierda-a-un-agradecimiento-sin-river-2.jpg\" width=\"720\" height=\"100\" decoding=\"async\" data-nimg=\"future\" loading=\"lazy\"><span class=\"epigraphe\">Tapad\u00f3n de batalla. Fotobaires<\/span><\/div>\n<div class=\"custom-text \" readability=\"38\">\n<p>Por \u00faltimo, m\u00e1s all\u00e1 de los festejos, el capit\u00e1n cerr\u00f3 pensando en lo que se viene: \u00abEl momento personal y futbol\u00edstico que vivo es inmejorable. Trabaj\u00e9 mucho para eso, para estar con mis compa\u00f1eros al 200%.<strong> A seguir trabajando y disfrutar. El s\u00e1bado por la tabla y el jueves (por Sudamericana) es un partido muy importante para la instituci\u00f3n\u00bb.<\/strong><\/p>\n<\/div>\n<p><h2><strong>La decisi\u00f3n de River con Batalla<\/strong><\/h2>\n<\/p>\n<div class=\"custom-text \" readability=\"39\">\n<p>Con la posibilidad de repescarlo en este mercado por una cl\u00e1usula en su contrato, la postura es clara: <strong>si aparece una oferta del exterior por Batalla, su regreso a River ser\u00e1 una simple formalidad porque lo har\u00e1 para armar las valijas y emigrar. <\/strong>Y aunque por el momento no recibieron ninguna propuesta formal, en las oficinas del Monumental creen que en los pr\u00f3ximos d\u00edas llegar\u00e1 un importante ofrecimiento de la MLS o un mercado emergente. De lo contrario, s\u00ed podr\u00e1 continuar en SL.<\/p>\n<\/div>\n<\/div>\n","protected":false},"excerpt":{"rendered":"<p>26\/07\/2023 23:52hs. Actualizado al 26\/07\/2023 23:58hs. En la Batalla del Sur, el que festej\u00f3 la victoria fue San Lorenzo. De la mano de su arquero, que tap\u00f3 dos penales en la definici\u00f3n y encima convirti\u00f3 el definitorio, el equipo del Gallego Insua elimin\u00f3 a Platense y se meti\u00f3 en octavos de la Copa Argentina. Y [&hellip;]<\/p>\n","protected":false},"author":1,"featured_media":63937,"comment_status":"open","ping_status":"closed","sticky":false,"template":"","format":"standard","meta":[],"categories":[16],"tags":[],"_links":{"self":[{"href":"http:\/\/hoycordobaweb.com\/index.php\/wp-json\/wp\/v2\/posts\/63936"}],"collection":[{"href":"http:\/\/hoycordobaweb.com\/index.php\/wp-json\/wp\/v2\/posts"}],"about":[{"href":"http:\/\/hoycordobaweb.com\/index.php\/wp-json\/wp\/v2\/types\/post"}],"author":[{"embeddable":true,"href":"http:\/\/hoycordobaweb.com\/index.php\/wp-json\/wp\/v2\/users\/1"}],"replies":[{"embeddable":true,"href":"http:\/\/hoycordobaweb.com\/index.php\/wp-json\/wp\/v2\/comments?post=63936"}],"version-history":[{"count":0,"href":"http:\/\/hoycordobaweb.com\/index.php\/wp-json\/wp\/v2\/posts\/63936\/revisions"}],"wp:featuredmedia":[{"embeddable":true,"href":"http:\/\/hoycordobaweb.com\/index.php\/wp-json\/wp\/v2\/media\/63937"}],"wp:attachment":[{"href":"http:\/\/hoycordobaweb.com\/index.php\/wp-json\/wp\/v2\/media?parent=63936"}],"wp:term":[{"taxonomy":"category","embeddable":true,"href":"http:\/\/hoycordobaweb.com\/index.php\/wp-json\/wp\/v2\/categories?post=63936"},{"taxonomy":"post_tag","embeddable":true,"href":"http:\/\/hoycordobaweb.com\/index.php\/wp-json\/wp\/v2\/tags?post=63936"}],"curies":[{"name":"wp","href":"https:\/\/api.w.org\/{rel}","templated":true}]}}