{"id":63927,"date":"2023-07-27T04:10:01","date_gmt":"2023-07-27T04:10:01","guid":{"rendered":"http:\/\/hoycordobaweb.com\/index.php\/2023\/07\/27\/dejara-sporting-cristal-ignacio-da-silva-interesa-a-gigante-del-futbol-argentino\/"},"modified":"2023-07-27T04:10:01","modified_gmt":"2023-07-27T04:10:01","slug":"dejara-sporting-cristal-ignacio-da-silva-interesa-a-gigante-del-futbol-argentino","status":"publish","type":"post","link":"http:\/\/hoycordobaweb.com\/index.php\/2023\/07\/27\/dejara-sporting-cristal-ignacio-da-silva-interesa-a-gigante-del-futbol-argentino\/","title":{"rendered":"\u00bfDejar\u00e1 Sporting Cristal? Ign\u00e1cio da Silva interesa a gigante del <b>f\u00fatbol argentino<\/b>"},"content":{"rendered":"<p>El zaguero de Sporting Cristal es una de las figuras en el equipo de Tiago Nunes y ha despertado el inter\u00e9s de un hist\u00f3rico de la Liga Profesional&nbsp;&#8230; <\/p>\n","protected":false},"excerpt":{"rendered":"<p>El zaguero de Sporting Cristal es una de las figuras en el equipo de Tiago Nunes y ha despertado el inter\u00e9s de un hist\u00f3rico de la Liga Profesional&nbsp;&#8230;<\/p>\n","protected":false},"author":1,"featured_media":0,"comment_status":"closed","ping_status":"closed","sticky":false,"template":"","format":"standard","meta":[],"categories":[22],"tags":[],"_links":{"self":[{"href":"http:\/\/hoycordobaweb.com\/index.php\/wp-json\/wp\/v2\/posts\/63927"}],"collection":[{"href":"http:\/\/hoycordobaweb.com\/index.php\/wp-json\/wp\/v2\/posts"}],"about":[{"href":"http:\/\/hoycordobaweb.com\/index.php\/wp-json\/wp\/v2\/types\/post"}],"author":[{"embeddable":true,"href":"http:\/\/hoycordobaweb.com\/index.php\/wp-json\/wp\/v2\/users\/1"}],"replies":[{"embeddable":true,"href":"http:\/\/hoycordobaweb.com\/index.php\/wp-json\/wp\/v2\/comments?post=63927"}],"version-history":[{"count":0,"href":"http:\/\/hoycordobaweb.com\/index.php\/wp-json\/wp\/v2\/posts\/63927\/revisions"}],"wp:attachment":[{"href":"http:\/\/hoycordobaweb.com\/index.php\/wp-json\/wp\/v2\/media?parent=63927"}],"wp:term":[{"taxonomy":"category","embeddable":true,"href":"http:\/\/hoycordobaweb.com\/index.php\/wp-json\/wp\/v2\/categories?post=63927"},{"taxonomy":"post_tag","embeddable":true,"href":"http:\/\/hoycordobaweb.com\/index.php\/wp-json\/wp\/v2\/tags?post=63927"}],"curies":[{"name":"wp","href":"https:\/\/api.w.org\/{rel}","templated":true}]}}