{"id":63838,"date":"2023-07-24T22:45:06","date_gmt":"2023-07-24T22:45:06","guid":{"rendered":"https:\/\/www.ole.com.ar\/futbol-internacional\/fallo-tas-favor-fifa-infantino-limites-representantes_0_UBzJDmi8Jx.html"},"modified":"2023-07-24T22:45:06","modified_gmt":"2023-07-24T22:45:06","slug":"fallo-del-tas-a-favor-de-la-fifa-limites-a-los-representantes","status":"publish","type":"post","link":"http:\/\/hoycordobaweb.com\/index.php\/2023\/07\/24\/fallo-del-tas-a-favor-de-la-fifa-limites-a-los-representantes\/","title":{"rendered":"Fallo del TAS a favor de la FIFA: l\u00edmites a los representantes"},"content":{"rendered":"<p><img src=\"http:\/\/hoycordobaweb.com\/wp-content\/uploads\/2023\/07\/fallo-del-tas-a-favor-de-la-fifa-limites-a-los-representantes.jpg\"><\/p>\n<p><time class=\"createDate\" datetime=\"2023-07-24T19:45:006-03:00\">24\/07\/2023 19:45hs.<\/time><time class=\"modificatedDate\" datetime=\"2023-07-24T19:45:006-03:00\"><\/time><\/p>\n<div id=\"storyBody\">\n<div class=\"custom-text \" readability=\"36\">\n<p><strong>La FIFA consigui\u00f3 un triunfo judicial sobre un reclamo de los agentes de futbolistas contra un nuevo reglamento que busca regular su trabajo y fijar l\u00edmites en las comisiones que cobran por las transferencias<\/strong>. El Tribunal de Arbitraje Deportivo inform\u00f3 el lunes que se \u201crechazaron en su totalidad\u201d los argumentos esgrimidos por la Asociaci\u00f3n de Agentes de F\u00fatbol Profesional (Profaa), la organizaci\u00f3n con sede en Z\u00farich que radic\u00f3 el caso.<\/p>\n<\/div>\n<div class=\"custom-text \" readability=\"35\">\n<p>La entidad que conduce el suizo Gianni Infantino celebr\u00f3 el fallo al destacar que \u201cse confirman la legalidad, validez y proporcionalidad plenas del reglamento de la FIFA sobre agentes de f\u00fatbol\u201d.<\/p>\n<\/div>\n<div class=\"custom-text \" readability=\"37\">\n<p>Sin embargo, no qued\u00f3 claro c\u00f3mo el veredicto del TAS incidir\u00e1 en los reclamos a nivel nacional que han sido radicados por agentes en diversos pa\u00edses, incluyendo la misma Suiza, adem\u00e1s de una querella presentada ante la Comisi\u00f3n Europea en Bruselas.<\/p>\n<\/div>\n<div class=\"custom-text \" readability=\"37\">\n<p>La FIFA aprob\u00f3 el reglamento de agentes el a\u00f1o pasado y el mismo debe entrar en vigencia el 1 de octubre. <strong>Miles de agentes en todo el mundo tendr\u00e1n que tomar un examen que cuesta 600 d\u00f3lares,<\/strong> ya sea en abril o septiembre, para poder ejercer el trabajo de representaci\u00f3n. Las federaciones nacionales se encargan de tomar los ex\u00e1menes.<\/p>\n<\/div>\n<div class=\"custom-text \" readability=\"33\">\n<p>El aspecto m\u00e1s pol\u00e9mico del reglamento se refiere<strong> al tope del 10% en las comisiones que un agente pueda recibir por un pase<\/strong> cuando intervienen como representantes de un club vendedor.<\/p>\n<\/div>\n<div class=\"custom-text \" readability=\"35\">\n<p>Las agencias de representaci\u00f3n m\u00e1s importantes han embolsado decenas de millones por las transferencias de figuras como Erling Haaland y Paul Pogba. Seg\u00fan la FIFA<strong>, los agentes recibieron 622 millones de d\u00f3lares en conceptos de traspasos en 2022.<\/strong><\/p>\n<\/div>\n<div class=\"sc-e7b891c4-0 jPbnQF\"><img alt=\"Ronaldo con Jorge Mendes, el portugu\u00e9s que lo representa, considerado de los m\u00e1s exitosos del mundo.\" src=\"http:\/\/hoycordobaweb.com\/wp-content\/uploads\/2023\/07\/fallo-del-tas-a-favor-de-la-fifa-limites-a-los-representantes-2.jpg\" width=\"720\" height=\"100\" decoding=\"async\" data-nimg=\"future\" loading=\"lazy\"><span class=\"epigraphe\">Ronaldo con Jorge Mendes, el portugu\u00e9s que lo representa, considerado de los m\u00e1s exitosos del mundo.<\/span><\/div>\n<p><h2><strong>Los l\u00edmites<\/strong><\/h2>\n<\/p>\n<div class=\"custom-text \" readability=\"39\">\n<p>Adem\u00e1s, la FIFA <strong>quiere limitar que los agentes no puedan quedarse con m\u00e1s del 3% del salario de un futbolista cuando los ingresos excedan los 200.000 d\u00f3lares anuales, o del 5% cuando el salario no pasa de los 200.000.<\/strong> Esos l\u00edmites ser\u00edan de 6% y 10%, respectivamente, cuando el agente participe en representaci\u00f3n del jugador y club involucrados en el fichaje.<\/p>\n<\/div>\n<div class=\"custom-text \" readability=\"34\">\n<p>La FIFA tambi\u00e9n quiere prohibir que los agentes sean al mismo tiempo representantes de los clubes que compran y venden en una operaci\u00f3n. Es decir, de dos instituciones al mismo tiempo.<\/p>\n<\/div>\n<div class=\"custom-text \" readability=\"35\">\n<p>Adem\u00e1s, los pagos se har\u00edan efectivos mediante la C\u00e1mara de Compensaci\u00f3n de la FIFA en Par\u00eds, con el fin de a\u00f1adir m\u00e1s transparencia en el mercado de pases.<\/p>\n<\/div>\n<div class=\"custom-text \" readability=\"38\">\n<p>La Profaa reaccion\u00f3 \u00abprofundamente decepcionada\u00bb por el fallo del TAS y el efecto que tendr\u00e1 en el sustento de miles de agentes. El grupo \u00abcontinuar\u00e1 brindando apoyo en cualquier acci\u00f3n legal contra estas regulaciones, espec\u00edficamente el tope a las comisiones\u00bb, dijo su presidente, Paddy Dom\u00ednguez en un comunicado.<\/p>\n<\/div>\n<div class=\"custom-text \" readability=\"33\">\n<p>La FIFA indic\u00f3 que el reglamento de agentes \u201cconstituye un marco regulatorio razonable y proporcionado que ayudar\u00e1 a resolver problemas sist\u00e9micos del actual sistema de traspasos\u201d.<\/p>\n<\/div>\n<div class=\"sc-a7166897-0 exHLBh\" readability=\"6\">\n<section readability=\"2\"><picture><img alt=\"La broma de Antetokounmpo por la millonada de Arabia a Mbapp\u00e9 y la risa de Kylian\" src=\"http:\/\/hoycordobaweb.com\/wp-content\/uploads\/2023\/07\/fallo-del-tas-a-favor-de-la-fifa-limites-a-los-representantes-3.jpg\" width=\"290\" height=\"290\" decoding=\"async\" data-nimg=\"future\" loading=\"lazy\"><\/picture>\n<p><span>Mir\u00e1 tambi\u00e9n<\/span><\/p>\n<hr>\n<h3>La broma de Antetokounmpo por la millonada de Arabia a Mbapp\u00e9 y la risa de Kylian<\/h3>\n<\/p>\n<\/section>\n<\/div>\n<div class=\"sc-a7166897-0 exHLBh\" readability=\"6\">\n<section readability=\"2\"><picture><img alt=\"Primer d\u00eda de trabajo para Paolo Guerrero en Liga de Quito\" src=\"http:\/\/hoycordobaweb.com\/wp-content\/uploads\/2023\/07\/fallo-del-tas-a-favor-de-la-fifa-limites-a-los-representantes-4.jpg\" width=\"290\" height=\"290\" decoding=\"async\" data-nimg=\"future\" loading=\"lazy\"><\/picture>\n<p><span>Mir\u00e1 tambi\u00e9n<\/span><\/p>\n<hr>\n<h3>Primer d\u00eda de trabajo para Paolo Guerrero en Liga de Quito<\/h3>\n<\/p>\n<\/section>\n<\/div>\n<\/div>\n","protected":false},"excerpt":{"rendered":"<p>24\/07\/2023 19:45hs. La FIFA consigui\u00f3 un triunfo judicial sobre un reclamo de los agentes de futbolistas contra un nuevo reglamento que busca regular su trabajo y fijar l\u00edmites en las comisiones que cobran por las transferencias. El Tribunal de Arbitraje Deportivo inform\u00f3 el lunes que se \u201crechazaron en su totalidad\u201d los argumentos esgrimidos por la [&hellip;]<\/p>\n","protected":false},"author":1,"featured_media":63839,"comment_status":"open","ping_status":"closed","sticky":false,"template":"","format":"standard","meta":[],"categories":[16],"tags":[],"_links":{"self":[{"href":"http:\/\/hoycordobaweb.com\/index.php\/wp-json\/wp\/v2\/posts\/63838"}],"collection":[{"href":"http:\/\/hoycordobaweb.com\/index.php\/wp-json\/wp\/v2\/posts"}],"about":[{"href":"http:\/\/hoycordobaweb.com\/index.php\/wp-json\/wp\/v2\/types\/post"}],"author":[{"embeddable":true,"href":"http:\/\/hoycordobaweb.com\/index.php\/wp-json\/wp\/v2\/users\/1"}],"replies":[{"embeddable":true,"href":"http:\/\/hoycordobaweb.com\/index.php\/wp-json\/wp\/v2\/comments?post=63838"}],"version-history":[{"count":0,"href":"http:\/\/hoycordobaweb.com\/index.php\/wp-json\/wp\/v2\/posts\/63838\/revisions"}],"wp:featuredmedia":[{"embeddable":true,"href":"http:\/\/hoycordobaweb.com\/index.php\/wp-json\/wp\/v2\/media\/63839"}],"wp:attachment":[{"href":"http:\/\/hoycordobaweb.com\/index.php\/wp-json\/wp\/v2\/media?parent=63838"}],"wp:term":[{"taxonomy":"category","embeddable":true,"href":"http:\/\/hoycordobaweb.com\/index.php\/wp-json\/wp\/v2\/categories?post=63838"},{"taxonomy":"post_tag","embeddable":true,"href":"http:\/\/hoycordobaweb.com\/index.php\/wp-json\/wp\/v2\/tags?post=63838"}],"curies":[{"name":"wp","href":"https:\/\/api.w.org\/{rel}","templated":true}]}}