{"id":63828,"date":"2023-07-25T02:58:22","date_gmt":"2023-07-25T02:58:22","guid":{"rendered":"https:\/\/www.ole.com.ar\/ecuador\/liga-pro\/jose-pileggi-jaime-ayovi_0_H1gtmnfirQ.html"},"modified":"2023-07-25T02:58:22","modified_gmt":"2023-07-25T02:58:22","slug":"jose-pileggi-sobre-jaime-ayovi-me-manifesto-su-intencion-de-volver","status":"publish","type":"post","link":"http:\/\/hoycordobaweb.com\/index.php\/2023\/07\/25\/jose-pileggi-sobre-jaime-ayovi-me-manifesto-su-intencion-de-volver\/","title":{"rendered":"Jos\u00e9 Pileggi sobre Jaime Ayov\u00ed: \u00abMe manifest\u00f3 su intenci\u00f3n de volver\u00bb"},"content":{"rendered":"<p><img src=\"http:\/\/hoycordobaweb.com\/wp-content\/uploads\/2023\/07\/jose-pileggi-sobre-jaime-ayovi-me-manifesto-su-intencion-de-volver.jpg\"><\/p>\n<p><time class=\"createDate\" datetime=\"2023-07-24T23:58:22-03:00\">24\/07\/2023 23:58hs.<\/time><time class=\"modificatedDate\" datetime=\"2023-07-24T23:58:21-03:00\"><\/time><\/p>\n<div id=\"storyBody\">\n<div class=\"custom-text \" readability=\"30.126315789474\">\n<p>Las lesiones de <a href=\"https:\/\/www.ole.com.ar\/tema\/alejandro-cabeza.html\" title=\"Alejandro Cabeza\" alt=\"Alejandro Cabeza\" class=\"slug\">Alejandro Cabeza<\/a> y <a href=\"https:\/\/www.ole.com.ar\/tema\/miller-bolanos.html\" title=\"Miller Bola\u00f1os\" alt=\"Miller Bola\u00f1os\" class=\"slug\">Miller Bola\u00f1os<\/a> provocaron que <a href=\"https:\/\/www.ole.com.ar\/tema\/emelec.html\" title=\"emelec\" alt=\"emelec\" class=\"slug\">Emelec<\/a> se vea obligado a reforzarse en el ataque, por lo que la directiva encabezada por <a href=\"https:\/\/www.ole.com.ar\/tema\/jose-pileggi.html\" title=\"Jos\u00e9 Pileggi\" alt=\"Jos\u00e9 Pileggi\" class=\"slug\">Jos\u00e9 Pileggi<\/a> est\u00e1 trabajando para concretar fichajes. <strong>El presidente de Emelec se refiri\u00f3 a los rumores que ponen a <a href=\"https:\/\/www.ole.com.ar\/tema\/jaime-ayovi.html\" title=\"Jaime Ayovi\" alt=\"Jaime Ayovi\" class=\"slug\">Jaime Ayov\u00ed<\/a> en el Bombillo y confirm\u00f3 que est\u00e1n conversando con la Yoya para que se sume a la plantilla.<\/strong><\/p>\n<\/div>\n<div class=\"custom-text \" readability=\"39\">\n<p>\u00abLa Yoya es uno de esos jugadores (que quiere al club y tiene el deseo de volver). He podido hablar con \u00e9l por medio de terceras personas y me ha manifestado su querencia de querer volver al club, de hecho me dijo que quiere terminar mi vida deportiva en el club. <strong>Hay conversaciones con la Yoya, esperemos que se pueda llegar a buen puerto, pero no puedo adelantar nada<\/strong>\u00ab, declar\u00f3 Pileggi en una entrevista en Radio Dibl\u00fa.<\/p>\n<\/div>\n<div class=\"custom-text \" readability=\"37\">\n<p>Adem\u00e1s, el presidente confirm\u00f3 que las lesiones de Miller Bola\u00f1os y Alejandro Cabeza los dejar\u00e1n fuera por un buen tiempo: \u00abLamentablemente el trajinar del partido con Sporting Cristal en Guayaquil con un \u00e1rbitro permisivo ante las agresiones, nos pas\u00f3 factura.<strong> Vinieron a ablandar a los jugadores que pod\u00edan causarles m\u00e1s da\u00f1o. Estamos esperando el informe m\u00e9dico y preliminarmente puedo decir que estar\u00e1n varias semanas fuera<\/strong>\u00ab.<\/p>\n<\/div>\n<div class=\"custom-text \" readability=\"35\">\n<p><strong>Emelec pierde a sus dos jugadores titulares para el inicio del segundo semestre y deber\u00e1 buscar sus reemplazos en poco tiempo con el mercado de pases finalizando en agosto<\/strong>. La Yoya es una de las opciones que est\u00e1n firmes para reforzar al equipo y el cuerpo t\u00e9cnico encabezado por Hern\u00e1n Torres deber\u00e1n elegir qui\u00e9n puede reemplazar a Bola\u00f1os.<\/p>\n<\/div>\n<div class=\"sc-e7b891c4-0 jPbnQF\"><img alt=\"Ayov\u00ed est\u00e1 en conversaciones con Emelec. (Reuter)\" src=\"http:\/\/hoycordobaweb.com\/wp-content\/uploads\/2023\/07\/jose-pileggi-sobre-jaime-ayovi-me-manifesto-su-intencion-de-volver-2.jpg\" width=\"720\" height=\"100\" decoding=\"async\" data-nimg=\"future\" loading=\"lazy\"><span class=\"epigraphe\">Ayov\u00ed est\u00e1 en conversaciones con Emelec. (Reuter)<\/span><\/div>\n<p><h2><strong>Pileggi anunci\u00f3 que Emelec pagar\u00e1 a Orense y no habr\u00e1 suspensi\u00f3n<\/strong><\/h2>\n<\/p>\n<div class=\"custom-text \" readability=\"38\">\n<p>El dirigente el\u00e9ctrico profundiz\u00f3 sobre el tema: \u00abNo s\u00f3lo es Emelec, son muchos equipos con obligaciones pendiente y reclamaciones de otros clubes. El caso de Chamba, Orense reclam\u00f3 por el pago de derecho de formaci\u00f3n. <strong>Tenemos hasta el final de la inscripci\u00f3n de jugadores de la Segunda Etapa para saldar esa deuda. Yo creo que fue una noticia infundada (lo de la suspensi\u00f3n), porque muchos equipos est\u00e1n en la misma<\/strong>\u00ab.<\/p>\n<\/div>\n<div class=\"custom-text \" readability=\"37\">\n<p>As\u00ed mismo, Pileggi asegur\u00f3 que se pusieron en contacto con los dirigentes de Orense y, aunque no hubo una respuesta positiva por parte de los Bananeros a organizar un plan de pagos, <strong>el Bombillo pagar\u00e1 y no habr\u00e1 prohibici\u00f3n para la inscripci\u00f3n de jugadores.<\/strong><\/p>\n<\/div>\n<div class=\"sc-e7b891c4-0 jPbnQF\"><img alt=\"Tommy Chamba, jugador de Emelec. (AP)\" src=\"http:\/\/hoycordobaweb.com\/wp-content\/uploads\/2023\/07\/jose-pileggi-sobre-jaime-ayovi-me-manifesto-su-intencion-de-volver-3.jpg\" width=\"720\" height=\"100\" decoding=\"async\" data-nimg=\"future\" loading=\"lazy\"><span class=\"epigraphe\">Tommy Chamba, jugador de Emelec. (AP)<\/span><\/div>\n<p><h2><strong>Conmebol confirm\u00f3 d\u00f3nde recibir\u00e1 Defensa y Justicia a Emelec por Copa<\/strong><\/h2>\n<\/p>\n<div class=\"custom-text \" readability=\"38\">\n<p>Tanto en Guayaquil como en Florencia Varela hubo incertidumbre por conocer la sede de vuelta, con fecha programada para el martes 8 del pr\u00f3ximo mes a la misma hora. Es que el Estadio Norberto Tito Tomaghello no podr\u00e1 albergar dicho cruce por solicitud de la Conmebol, decisi\u00f3n basada en capacidad e infraestructura. A<strong>nte esto, los directivos del Halc\u00f3n se movieron r\u00e1pidamente y el partido se mudar\u00e1 a la capital de Buenos Aires: La Plata.<\/strong><\/p>\n<\/div>\n<div class=\"custom-text \" readability=\"36\">\n<p>Mucho se especul\u00f3 en la previa con la Fortaleza de Lan\u00fas o mismo con el \u00danico Diego Armando Maradona de la ciudad platense, pero <strong>finalmente el ganador de la serie se conocer\u00e1 en el Juan Carmelo Zerillo, la casa de Gimnasia.<\/strong><\/p>\n<\/div>\n<div class=\"sc-a7166897-0 exHLBh\" readability=\"6\">\n<section readability=\"2\"><picture><img alt=\"Rev\u00e9s para Byron Castillo: la justicia suiza deslegitim\u00f3 su reclamo\" src=\"http:\/\/hoycordobaweb.com\/wp-content\/uploads\/2023\/07\/jose-pileggi-sobre-jaime-ayovi-me-manifesto-su-intencion-de-volver-4.jpg\" width=\"290\" height=\"290\" decoding=\"async\" data-nimg=\"future\" loading=\"lazy\"><\/picture>\n<p><span>Mir\u00e1 tambi\u00e9n<\/span><\/p>\n<hr>\n<h3>Rev\u00e9s para Byron Castillo: la justicia suiza deslegitim\u00f3 su reclamo<\/h3>\n<\/p>\n<\/section>\n<\/div>\n<div class=\"sc-a7166897-0 exHLBh\" readability=\"6\">\n<section readability=\"2\"><picture><img alt=\"\u00bfHurtado a LDU? Qu\u00e9 dijo Esteban Paz y la postura de Boca\" src=\"http:\/\/hoycordobaweb.com\/wp-content\/uploads\/2023\/07\/jose-pileggi-sobre-jaime-ayovi-me-manifesto-su-intencion-de-volver-5.jpg\" width=\"290\" height=\"290\" decoding=\"async\" data-nimg=\"future\" loading=\"lazy\"><\/picture>\n<p><span>Mir\u00e1 tambi\u00e9n<\/span><\/p>\n<hr>\n<h3>\u00bfHurtado a LDU? Qu\u00e9 dijo Esteban Paz y la postura de Boca<\/h3>\n<\/p>\n<\/section>\n<\/div>\n<div class=\"sc-a7166897-0 exHLBh\" readability=\"6\">\n<section readability=\"2\"><picture><img alt=\"Familia y dentista: qu\u00e9 hace Cifuentes mientras se define su futuro\" src=\"http:\/\/hoycordobaweb.com\/wp-content\/uploads\/2023\/07\/jose-pileggi-sobre-jaime-ayovi-me-manifesto-su-intencion-de-volver-6.jpg\" width=\"290\" height=\"290\" decoding=\"async\" data-nimg=\"future\" loading=\"lazy\"><\/picture>\n<p><span>Mir\u00e1 tambi\u00e9n<\/span><\/p>\n<hr>\n<h3>Familia y dentista: qu\u00e9 hace Cifuentes mientras se define su futuro<\/h3>\n<\/p>\n<\/section>\n<\/div>\n<div class=\"sc-a7166897-0 exHLBh\" readability=\"6\">\n<section readability=\"2\"><picture><img alt=\"Los posibles destinos de Jeremy Sarmiento \" src=\"http:\/\/hoycordobaweb.com\/wp-content\/uploads\/2023\/07\/jose-pileggi-sobre-jaime-ayovi-me-manifesto-su-intencion-de-volver-7.jpg\" width=\"290\" height=\"290\" decoding=\"async\" data-nimg=\"future\" loading=\"lazy\"><\/picture>\n<p><span>Mir\u00e1 tambi\u00e9n<\/span><\/p>\n<hr>\n<h3>Los posibles destinos de Jeremy Sarmiento <\/h3>\n<\/p>\n<\/section>\n<\/div>\n<div class=\"sc-a7166897-0 exHLBh\" readability=\"6\">\n<section readability=\"2\"><picture><img alt=\"El \u00cddolo de Liga de Quito que respald\u00f3 la llegada de Paolo Guerrero\" src=\"http:\/\/hoycordobaweb.com\/wp-content\/uploads\/2023\/07\/jose-pileggi-sobre-jaime-ayovi-me-manifesto-su-intencion-de-volver-8.jpg\" width=\"290\" height=\"290\" decoding=\"async\" data-nimg=\"future\" loading=\"lazy\"><\/picture>\n<p><span>Mir\u00e1 tambi\u00e9n<\/span><\/p>\n<hr>\n<h3>El \u00cddolo de Liga de Quito que respald\u00f3 la llegada de Paolo Guerrero<\/h3>\n<\/p>\n<\/section>\n<\/div>\n<\/div>\n","protected":false},"excerpt":{"rendered":"<p>24\/07\/2023 23:58hs. Las lesiones de Alejandro Cabeza y Miller Bola\u00f1os provocaron que Emelec se vea obligado a reforzarse en el ataque, por lo que la directiva encabezada por Jos\u00e9 Pileggi est\u00e1 trabajando para concretar fichajes. El presidente de Emelec se refiri\u00f3 a los rumores que ponen a Jaime Ayov\u00ed en el Bombillo y confirm\u00f3 que [&hellip;]<\/p>\n","protected":false},"author":1,"featured_media":63829,"comment_status":"open","ping_status":"closed","sticky":false,"template":"","format":"standard","meta":[],"categories":[16],"tags":[],"_links":{"self":[{"href":"http:\/\/hoycordobaweb.com\/index.php\/wp-json\/wp\/v2\/posts\/63828"}],"collection":[{"href":"http:\/\/hoycordobaweb.com\/index.php\/wp-json\/wp\/v2\/posts"}],"about":[{"href":"http:\/\/hoycordobaweb.com\/index.php\/wp-json\/wp\/v2\/types\/post"}],"author":[{"embeddable":true,"href":"http:\/\/hoycordobaweb.com\/index.php\/wp-json\/wp\/v2\/users\/1"}],"replies":[{"embeddable":true,"href":"http:\/\/hoycordobaweb.com\/index.php\/wp-json\/wp\/v2\/comments?post=63828"}],"version-history":[{"count":0,"href":"http:\/\/hoycordobaweb.com\/index.php\/wp-json\/wp\/v2\/posts\/63828\/revisions"}],"wp:featuredmedia":[{"embeddable":true,"href":"http:\/\/hoycordobaweb.com\/index.php\/wp-json\/wp\/v2\/media\/63829"}],"wp:attachment":[{"href":"http:\/\/hoycordobaweb.com\/index.php\/wp-json\/wp\/v2\/media?parent=63828"}],"wp:term":[{"taxonomy":"category","embeddable":true,"href":"http:\/\/hoycordobaweb.com\/index.php\/wp-json\/wp\/v2\/categories?post=63828"},{"taxonomy":"post_tag","embeddable":true,"href":"http:\/\/hoycordobaweb.com\/index.php\/wp-json\/wp\/v2\/tags?post=63828"}],"curies":[{"name":"wp","href":"https:\/\/api.w.org\/{rel}","templated":true}]}}