{"id":63804,"date":"2023-07-24T21:37:00","date_gmt":"2023-07-24T21:37:00","guid":{"rendered":"http:\/\/hoycordobaweb.com\/index.php\/2023\/07\/24\/velez-y-union-empataron-0-a-0-en-liniers-con-sebastian-mendez-como-protagonista\/"},"modified":"2023-07-24T21:37:00","modified_gmt":"2023-07-24T21:37:00","slug":"velez-y-union-empataron-0-a-0-en-liniers-con-sebastian-mendez-como-protagonista","status":"publish","type":"post","link":"http:\/\/hoycordobaweb.com\/index.php\/2023\/07\/24\/velez-y-union-empataron-0-a-0-en-liniers-con-sebastian-mendez-como-protagonista\/","title":{"rendered":"V\u00e9lez y Uni\u00f3n empataron 0 a 0 en Liniers, con Sebasti\u00e1n M\u00e9ndez como protagonista"},"content":{"rendered":"<p><img src=\"http:\/\/hoycordobaweb.com\/wp-content\/uploads\/2023\/07\/velez-y-union-empataron-0-a-0-en-liniers-con-sebastian-mendez-como-protagonista.jpg\"><\/p>\n<figure class=\"mb-3\"><img loading=\"lazy\" data-src=\"http:\/\/hoycordobaweb.com\/wp-content\/uploads\/2023\/07\/velez-y-union-empataron-0-a-0-en-liniers-con-sebastian-mendez-como-protagonista-2.jpg\" src=\"https:\/\/www.telam.com.ar\/assets\/img\/not_image.png\" class=\" lazy \" width=\"100%\" height=\"100%\" alt=\"Vlez y Unin protagonizan un partido polmico Foto Luis Cetraro\"><figcaption> V\u00e9lez y Uni\u00f3n protagonizan un partido pol\u00e9mico. \/ Foto: Luis Cetraro. <\/figcaption><\/figure>\n<p><strong>V\u00e9lez Sarsfield y Uni\u00f3n<\/strong>,<strong> involucrados en la lucha por la permanencia en Primera Divisi\u00f3n<\/strong>,<strong> se enfrentan desde las 16.30<\/strong>&nbsp;<strong>en un<\/strong> <strong>partido de alta tensi\u00f3n<\/strong> por la conducta del entrenador Sebasti\u00e1n M\u00e9ndez, quien en plena Liga Profesional rompi\u00f3 su contrato en Santa Fe para mudarse a Liniers.<\/p>\n<p>El encuentro, correspondiente a la 26ta. y pen\u00faltima fecha el torneo local, se disputa en el estadio Jos\u00e9 Amalfitani con arbitraje de Fernando Rapallini y transmisi\u00f3n de ESPN Premium.<\/p>\n<p>El \u00abGallego\u00bb M\u00e9ndez lideraba la recuperaci\u00f3n del equipo santafesino despu\u00e9s de un p\u00e9simo inicio de temporada con el uruguayo Gustavo Mun\u00faa hasta que una intempestiva decisi\u00f3n caus\u00f3 el estupor de todo el mundo \u00abtatengue\u00bb.<\/p>\n<p>Por amor el club de sus inicios, el marcador central decidi\u00f3 su salida de Uni\u00f3n a finales de junio, al d\u00eda siguiente de la goleada ante Independiente (3-0), para asumir en un V\u00e9lez comprometido con el descenso.<\/p>\n<p>Desde entonces se convirti\u00f3 en persona no grata en el estadio 15 de Abril, donde se exhibieron banderas de rechazo en los siguientes partidos de Uni\u00f3n como local.<\/p>\n<p>El equipo santafesino dirigido por Cristian \u00abKily\u00bb Gonz\u00e1lez y todav\u00eda no pudo ganar desde la partida de M\u00e9ndez (una derrota, tres empates). Esa racha volvi\u00f3 a complicarlo con el descenso por tabla anual, en la que suma 26 unidades al igual que V\u00e9lez, a cuatro de Hurac\u00e1n.<\/p>\n<p>Al \u00abGallego\u00bb le fue mejor en Liniers: est\u00e1 invicto en la Liga con dos victorias y dos igualades). De todos modos, llega de un duro golpe por la eliminaci\u00f3n de la Copa Argentina ante San Mart\u00edn de San Juan, de la Primera Nacional.<\/p>\n<p><strong>El historial en Primera Divisi\u00f3n<\/strong> arroja una diferencia 14 partidos para el \u00abFort\u00edn\u00bb, que gan\u00f3 29, empat\u00f3 21 y perdi\u00f3 15 veces en 65 enfrentamientos.<\/p>\n","protected":false},"excerpt":{"rendered":"<p>V\u00e9lez y Uni\u00f3n protagonizan un partido pol\u00e9mico. \/ Foto: Luis Cetraro. V\u00e9lez Sarsfield y Uni\u00f3n, involucrados en la lucha por la permanencia en Primera Divisi\u00f3n, se enfrentan desde las 16.30&nbsp;en un partido de alta tensi\u00f3n por la conducta del entrenador Sebasti\u00e1n M\u00e9ndez, quien en plena Liga Profesional rompi\u00f3 su contrato en Santa Fe para mudarse [&hellip;]<\/p>\n","protected":false},"author":1,"featured_media":63805,"comment_status":"open","ping_status":"closed","sticky":false,"template":"","format":"standard","meta":[],"categories":[16],"tags":[],"_links":{"self":[{"href":"http:\/\/hoycordobaweb.com\/index.php\/wp-json\/wp\/v2\/posts\/63804"}],"collection":[{"href":"http:\/\/hoycordobaweb.com\/index.php\/wp-json\/wp\/v2\/posts"}],"about":[{"href":"http:\/\/hoycordobaweb.com\/index.php\/wp-json\/wp\/v2\/types\/post"}],"author":[{"embeddable":true,"href":"http:\/\/hoycordobaweb.com\/index.php\/wp-json\/wp\/v2\/users\/1"}],"replies":[{"embeddable":true,"href":"http:\/\/hoycordobaweb.com\/index.php\/wp-json\/wp\/v2\/comments?post=63804"}],"version-history":[{"count":0,"href":"http:\/\/hoycordobaweb.com\/index.php\/wp-json\/wp\/v2\/posts\/63804\/revisions"}],"wp:featuredmedia":[{"embeddable":true,"href":"http:\/\/hoycordobaweb.com\/index.php\/wp-json\/wp\/v2\/media\/63805"}],"wp:attachment":[{"href":"http:\/\/hoycordobaweb.com\/index.php\/wp-json\/wp\/v2\/media?parent=63804"}],"wp:term":[{"taxonomy":"category","embeddable":true,"href":"http:\/\/hoycordobaweb.com\/index.php\/wp-json\/wp\/v2\/categories?post=63804"},{"taxonomy":"post_tag","embeddable":true,"href":"http:\/\/hoycordobaweb.com\/index.php\/wp-json\/wp\/v2\/tags?post=63804"}],"curies":[{"name":"wp","href":"https:\/\/api.w.org\/{rel}","templated":true}]}}