{"id":63802,"date":"2023-07-24T15:31:49","date_gmt":"2023-07-24T15:31:49","guid":{"rendered":"https:\/\/www.clarin.com\/espectaculos\/tv\/-tv-abierta-olvido-chicos-vacaciones-invierno-_0_2yE8Wi2rnt.html"},"modified":"2023-07-24T15:31:49","modified_gmt":"2023-07-24T15:31:49","slug":"la-tv-abierta-se-olvido-de-los-chicos-en-las-vacaciones-de-invierno","status":"publish","type":"post","link":"http:\/\/hoycordobaweb.com\/index.php\/2023\/07\/24\/la-tv-abierta-se-olvido-de-los-chicos-en-las-vacaciones-de-invierno\/","title":{"rendered":"\u00bfLa TV abierta se olvid\u00f3 de los chicos en las vacaciones de invierno?"},"content":{"rendered":"<div readability=\"32.5\">\n<div class=\"title check-space\" data-color=\"style='background-color:'\" readability=\"10\">\n<p><h2>Hasta hace pocos a\u00f1os, la pantalla de estas dos semanas de julio estaba tomada por temas infantiles. <strong>Ahora van casi de madrugada<\/strong>.<\/h2>\n<\/p>\n<\/div><\/div>\n<div id=\"entry-body\">\n<p>La televisi\u00f3n de antes -y no exactamente la de hace mucho- ten\u00eda <strong>dos momentos puntuales en los que alteraba notablemente su programaci\u00f3n <\/strong>de acuerdo al ritmo de los televidentes: uno era en las vacaciones de verano, el otro en las de invierno. Y, con el tiempo, <strong>primero se llevaron para siempre&nbsp;los magazines frente a la Rambla<\/strong> y, luego, los ciclos infantiles para esas dos semanitas de julio en las que los chicos se quedan en casa.<\/p>\n<p>En realidad, no deber\u00eda ser noticia que en esta vacaciones no haya propuestas televisivas para los ni\u00f1os, ya que <strong>durante el a\u00f1o hay poco y nada para ellos<\/strong>. A tal punto, que los <a data-cke-saved-href=\"https:\/\/www.clarin.com\/espectaculos\/tv\/martin-fierro-2023-vivo-entregan-premios-importantes-television_0_I7HFXE1bdG.html\" target=\"_blank\" href=\"https:\/\/www.clarin.com\/espectaculos\/tv\/martin-fierro-2023-vivo-entregan-premios-importantes-television_0_I7HFXE1bdG.html\" rel=\"noopener noreferrer\">Mart\u00edn Fierro 2023<\/a> <strong>tuvieron que sacar la terna de Infantiles (un premio que distingui\u00f3 a figuras como Carlitos Bal\u00e1, Pi\u00f1\u00f3n o Panam), para incluir la de Juveniles<\/strong>, que qued\u00f3 en manos de <em>Altavoz<\/em> (por la Televisi\u00f3n P\u00fablica).<\/p>\n<p>Sin embargo, m\u00e1s de uno se debe preguntar por qu\u00e9, <strong>en medio de la resistencia que la TV tradicional intenta hacer ante la avanzada del cable y del streaming<\/strong>, nadie busca propuestas dirigidas: en este caso, y por las dos semanas de las vacaciones de invierno, por qu\u00e9 no presentar <strong>proyectos&nbsp;que los entretenga frente a una pantalla m\u00e1s grande que la de las tablets y los celulares<\/strong>.<\/p>\n<p>De hecho, el s\u00e1bado, cuando se le ocurri\u00f3 transmitir ese cl\u00e1sico infantil que es<strong> El Rey Le\u00f3n<\/strong>, El Trece tuvo muy buenos resultados, ya que la pel\u00edcula fue<strong> lo tercero m\u00e1s visto del d\u00eda, con 6,5 de promedio<\/strong>, gan\u00e1ndoles a supuestos imbatibles como <em>Los Simpson<\/em> y <em>Casados con hijos<\/em> (ambos de Telefe).<\/p>\n<div class=\"sp__Normal embed-box embed-body-photo\" data-index=\"1\">\n<picture class=\"pointer\">\n<img class=\"img-expand\" width=\"100\" height=\"100\" loading=\"lazy\" src=\"http:\/\/hoycordobaweb.com\/wp-content\/uploads\/2023\/07\/la-tv-abierta-se-olvido-de-los-chicos-en-las-vacaciones-de-invierno.jpg\" alt=\"2El Zorro&quot; volvi\u00f3 por en\u00e9sima vez a la pantalla argentina. Y en estas vacaciones se volvi\u00f3 como la propuesta m\u00e1s novedosa de la TV.\"><br \/>\n<span class=\"bt-expand\"><br \/>\n<svg class=\"ico white_mod\">\n<use class=\"use-expand\" xlink:href=\"#icon-expand\" \/>\n<\/svg><br \/>\n<\/span>\n<\/picture><figcaption>2El Zorro\u00bb volvi\u00f3 por en\u00e9sima vez a la pantalla argentina. Y en estas vacaciones se volvi\u00f3 como la propuesta m\u00e1s novedosa de la TV. <\/figcaption><\/div>\n<h2>Las extra\u00f1as opciones para los chicos<\/h2>\n<p>Por lo visto la semana anterior y analizando los t\u00edtulos para \u00e9sta que ya est\u00e1 en marcha, lo de<strong> El Rey Le\u00f3n ser\u00eda un caso aislado<\/strong>, que ni siquiera traccion\u00f3 para poner m\u00e1s opciones infantiles en pantalla o, ni siquiera, <strong>cambiar los ins\u00f3litos horarios que tienen algunos canales para los m\u00e1s chicos<\/strong> de casa.<\/p>\n<p>En Am\u00e9rica, por ejemplo, hay&nbsp;un solo env\u00edo infantil, a base de dibujitos animados, que se llama <strong>Anim\u00e9rica<\/strong>. \u00bfSaben a qu\u00e9 hora va? <strong>A las 5 de la ma\u00f1ana, ideal para \u00abhacer la previa\u00bb rumbo al colegio<\/strong>. O, ahora que estamos de vacaciones, <strong>para \u00abno estar solos en la madrugada\u00bb<\/strong>.<\/p>\n<p>Horario similar maneja <strong>Nick Jr. en Telefe<\/strong>, un programa que va de lunes a viernes <strong>de 6 a 6.45, los s\u00e1bados, a modo de marat\u00f3n, va de 6 a 8.45, y los domingos de 6 a 8<\/strong>. Ah\u00ed se en episodios de la pandilla de <strong>Paw Patrol, Alvin y las ardillas <\/strong>y Dora la exploradora.<\/p>\n<div class=\"sp__Normal embed-box embed-body-photo\" data-index=\"2\">\n<picture class=\"pointer\">\n<img class=\"img-expand\" width=\"100\" height=\"100\" loading=\"lazy\" src=\"http:\/\/hoycordobaweb.com\/wp-content\/uploads\/2023\/07\/la-tv-abierta-se-olvido-de-los-chicos-en-las-vacaciones-de-invierno-1.jpg\" alt=\"&quot;Los asombrosos viajes de Zamba y Nina por la Argentina&quot;, va por la TV P\u00fablica.\"><br \/>\n<span class=\"bt-expand\"><br \/>\n<svg class=\"ico white_mod\">\n<use class=\"use-expand\" xlink:href=\"#icon-expand\" \/>\n<\/svg><br \/>\n<\/span>\n<\/picture><figcaption>\u00abLos asombrosos viajes de Zamba y Nina por la Argentina\u00bb, va por la TV P\u00fablica. <\/figcaption><\/div>\n<p>En la Televisi\u00f3n P\u00fablica no modificaron nada para estas vacaciones, pero s\u00ed mantienen a las 9 <strong>Los asombrosos viajes de Zamba y Nina por la Argentina<\/strong>.<\/p>\n<p>El Trece, por su parte, decidi\u00f3 hace unos d\u00edas volver a echar mano a su imbatible del blanco y negro, capaz de entretener a los chicos y a los grandes: volvi\u00f3 <strong>El Zorro<\/strong>, por en\u00e9sima vez, en emisiones diarias de media hora a partir de las 12.30.<\/p>\n<p>Y <strong>ah\u00ed par\u00e1 de contar<\/strong>.<\/p>\n<p>Uno podr\u00eda entender <strong>la escasez de ficci\u00f3n nacional como consecuencia del paso arrasador de la pandemia<\/strong>, y la ausencia&nbsp;de grandes figuras (como <a data-cke-saved-href=\"http:\/\/www.clarin.com\/tema\/mirtha:legrand.html\" target=\"_blank\" href=\"http:\/\/www.clarin.com\/tema\/mirtha:legrand.html\" rel=\"noopener noreferrer\">Mirtha Legrand<\/a>, <strong>Susana Gim\u00e9nez<\/strong> o <strong>Marcelo Tinelli<\/strong>), que antes eran n\u00fameros fijos de la pantalla chica, pero que no haya propuestas infantiles&nbsp;-que no debe ser el g\u00e9nero m\u00e1s oneroso de la industria audiovisual- no se entiende bien. Y, menos, en vacaciones de invierno.<\/p>\n<p>As\u00ed <strong>no hay modo de librarle batalla al streaming<\/strong>, que tiene t\u00edtulos para los chicos en todos los g\u00e9neros (ficci\u00f3n, animaci\u00f3n, musical, educativo&#8230;). As\u00ed&nbsp;no hay modo, tampoco, de defender una TV que&nbsp;antes, en vacaciones de invierno, <strong>trabajaba para los chicos. Y ahora no los tiene en el radar<\/strong>.<\/p>\n<p> <span class=\"title-related\">Mir\u00e1 tambi\u00e9n<\/span> <\/div>\n","protected":false},"excerpt":{"rendered":"<p>Hasta hace pocos a\u00f1os, la pantalla de estas dos semanas de julio estaba tomada por temas infantiles. Ahora van casi de madrugada. La televisi\u00f3n de antes -y no exactamente la de hace mucho- ten\u00eda dos momentos puntuales en los que alteraba notablemente su programaci\u00f3n de acuerdo al ritmo de los televidentes: uno era en las [&hellip;]<\/p>\n","protected":false},"author":1,"featured_media":63803,"comment_status":"closed","ping_status":"closed","sticky":false,"template":"","format":"standard","meta":[],"categories":[10],"tags":[],"_links":{"self":[{"href":"http:\/\/hoycordobaweb.com\/index.php\/wp-json\/wp\/v2\/posts\/63802"}],"collection":[{"href":"http:\/\/hoycordobaweb.com\/index.php\/wp-json\/wp\/v2\/posts"}],"about":[{"href":"http:\/\/hoycordobaweb.com\/index.php\/wp-json\/wp\/v2\/types\/post"}],"author":[{"embeddable":true,"href":"http:\/\/hoycordobaweb.com\/index.php\/wp-json\/wp\/v2\/users\/1"}],"replies":[{"embeddable":true,"href":"http:\/\/hoycordobaweb.com\/index.php\/wp-json\/wp\/v2\/comments?post=63802"}],"version-history":[{"count":0,"href":"http:\/\/hoycordobaweb.com\/index.php\/wp-json\/wp\/v2\/posts\/63802\/revisions"}],"wp:featuredmedia":[{"embeddable":true,"href":"http:\/\/hoycordobaweb.com\/index.php\/wp-json\/wp\/v2\/media\/63803"}],"wp:attachment":[{"href":"http:\/\/hoycordobaweb.com\/index.php\/wp-json\/wp\/v2\/media?parent=63802"}],"wp:term":[{"taxonomy":"category","embeddable":true,"href":"http:\/\/hoycordobaweb.com\/index.php\/wp-json\/wp\/v2\/categories?post=63802"},{"taxonomy":"post_tag","embeddable":true,"href":"http:\/\/hoycordobaweb.com\/index.php\/wp-json\/wp\/v2\/tags?post=63802"}],"curies":[{"name":"wp","href":"https:\/\/api.w.org\/{rel}","templated":true}]}}