{"id":63756,"date":"2023-07-23T16:09:47","date_gmt":"2023-07-23T16:09:47","guid":{"rendered":"https:\/\/fono.fcm.unc.edu.ar\/?p=10947"},"modified":"2023-07-23T16:09:47","modified_gmt":"2023-07-23T16:09:47","slug":"60-aniversario-23-de-julio-dia-mundial-de-la-fisura-labio-alveolo-palatina","status":"publish","type":"post","link":"http:\/\/hoycordobaweb.com\/index.php\/2023\/07\/23\/60-aniversario-23-de-julio-dia-mundial-de-la-fisura-labio-alveolo-palatina\/","title":{"rendered":"60\u00b0 Aniversario \u2013 23 de julio: D\u00eda Mundial de la Fisura Labio-Alveolo-Palatina"},"content":{"rendered":"<h2 class=\"fusion-post-title\">60\u00b0 Aniversario \u2013 23 de julio: D\u00eda Mundial de la Fisura Labio-Alveolo-Palatina<\/h2>\n<div class=\"post-content\" readability=\"43\">\n<p><img loading=\"lazy\" class=\"alignright size-fusion-400 wp-image-10948\" src=\"https:\/\/fono.fcm.unc.edu.ar\/wp-content\/uploads\/sites\/14\/2023\/07\/EXAMENES-400x400.jpg\" alt width=\"400\" height=\"400\" srcset=\"https:\/\/fono.fcm.unc.edu.ar\/wp-content\/uploads\/sites\/14\/2023\/07\/EXAMENES-66x66.jpg 66w, https:\/\/fono.fcm.unc.edu.ar\/wp-content\/uploads\/sites\/14\/2023\/07\/EXAMENES-150x150.jpg 150w, https:\/\/fono.fcm.unc.edu.ar\/wp-content\/uploads\/sites\/14\/2023\/07\/EXAMENES-200x200.jpg 200w, https:\/\/fono.fcm.unc.edu.ar\/wp-content\/uploads\/sites\/14\/2023\/07\/EXAMENES-300x300.jpg 300w, https:\/\/fono.fcm.unc.edu.ar\/wp-content\/uploads\/sites\/14\/2023\/07\/EXAMENES-400x400.jpg 400w, https:\/\/fono.fcm.unc.edu.ar\/wp-content\/uploads\/sites\/14\/2023\/07\/EXAMENES-600x600.jpg 600w, https:\/\/fono.fcm.unc.edu.ar\/wp-content\/uploads\/sites\/14\/2023\/07\/EXAMENES-768x768.jpg 768w, https:\/\/fono.fcm.unc.edu.ar\/wp-content\/uploads\/sites\/14\/2023\/07\/EXAMENES-800x800.jpg 800w, https:\/\/fono.fcm.unc.edu.ar\/wp-content\/uploads\/sites\/14\/2023\/07\/EXAMENES-1024x1024.jpg 1024w, https:\/\/fono.fcm.unc.edu.ar\/wp-content\/uploads\/sites\/14\/2023\/07\/EXAMENES.jpg 1080w\" sizes=\"(max-width: 400px) 100vw, 400px\">Las Fisuras Labio-Alveolo-Palatinas (FLAP) o fisuras orales son anomal\u00edas cong\u00e9nitas cr\u00e1neo faciales que afectan la anatom\u00eda y funcionalidad de la cara y la boca; pueden comprometer al labio (FL), al paladar (FP), o a ambos (FL\/FP). De acuerdo a su prevalencia al nacimiento, se estima que en Argentina hay unos 1.100 a 1.200 reci\u00e9n nacidos afectados cada a\u00f1o .<br \/>La L\u00ednea de cuidado FLAP se propone promover la atenci\u00f3n oportuna y de calidad de los ni\u00f1os\/as y adolescentes afectados con FLAP y sus principales objetivos son:<\/p>\n<ul>\n<li>\ufe0fmejorar la detecci\u00f3n de reci\u00e9n nacidos afectados,<\/li>\n<li>\ufe0ffavorecer su derivaci\u00f3n oportuna y de calidad a los equipos tratantes acreditados,<\/li>\n<li>\ufe0ffortalecer el registro epidemiol\u00f3gico de los casos, y<\/li>\n<li>\ufe0fpromover el trabajo en red entre las maternidades y los equipos tratantes del pa\u00eds.<\/li>\n<\/ul>\n<p>Desde la Escuela de Fonoaudiolog\u00eda a trav\u00e9s de la Secretaria de Graduados de la FCM-UNC, ofrecemos el curso de Posgrado de \u00abActualizaciones en el abordaje de la FLAP\u00bb considerando necesaria la formaci\u00f3n espec\u00edfica de nuestras y nuestros graduados en la tem\u00e1tica.<\/p>\n<\/p><\/div>\n","protected":false},"excerpt":{"rendered":"<p>60\u00b0 Aniversario \u2013 23 de julio: D\u00eda Mundial de la Fisura Labio-Alveolo-Palatina Las Fisuras Labio-Alveolo-Palatinas (FLAP) o fisuras orales son anomal\u00edas cong\u00e9nitas cr\u00e1neo faciales que afectan la anatom\u00eda y funcionalidad de la cara y la boca; pueden comprometer al labio (FL), al paladar (FP), o a ambos (FL\/FP). De acuerdo a su prevalencia al nacimiento, [&hellip;]<\/p>\n","protected":false},"author":1,"featured_media":0,"comment_status":"closed","ping_status":"closed","sticky":false,"template":"","format":"standard","meta":[],"categories":[1],"tags":[],"_links":{"self":[{"href":"http:\/\/hoycordobaweb.com\/index.php\/wp-json\/wp\/v2\/posts\/63756"}],"collection":[{"href":"http:\/\/hoycordobaweb.com\/index.php\/wp-json\/wp\/v2\/posts"}],"about":[{"href":"http:\/\/hoycordobaweb.com\/index.php\/wp-json\/wp\/v2\/types\/post"}],"author":[{"embeddable":true,"href":"http:\/\/hoycordobaweb.com\/index.php\/wp-json\/wp\/v2\/users\/1"}],"replies":[{"embeddable":true,"href":"http:\/\/hoycordobaweb.com\/index.php\/wp-json\/wp\/v2\/comments?post=63756"}],"version-history":[{"count":0,"href":"http:\/\/hoycordobaweb.com\/index.php\/wp-json\/wp\/v2\/posts\/63756\/revisions"}],"wp:attachment":[{"href":"http:\/\/hoycordobaweb.com\/index.php\/wp-json\/wp\/v2\/media?parent=63756"}],"wp:term":[{"taxonomy":"category","embeddable":true,"href":"http:\/\/hoycordobaweb.com\/index.php\/wp-json\/wp\/v2\/categories?post=63756"},{"taxonomy":"post_tag","embeddable":true,"href":"http:\/\/hoycordobaweb.com\/index.php\/wp-json\/wp\/v2\/tags?post=63756"}],"curies":[{"name":"wp","href":"https:\/\/api.w.org\/{rel}","templated":true}]}}