{"id":63752,"date":"2023-07-23T16:13:40","date_gmt":"2023-07-23T16:13:40","guid":{"rendered":"https:\/\/www.clarin.com\/espectaculos\/tv\/rating-sabado-trece-gano-simpson-casados-hijos_0_BVCQA5bftz.html"},"modified":"2023-07-23T16:13:40","modified_gmt":"2023-07-23T16:13:40","slug":"rating-el-sabado-en-el-que-el-trece-les-gano-a-los-simpson-y-a-casados-con-hijos","status":"publish","type":"post","link":"http:\/\/hoycordobaweb.com\/index.php\/2023\/07\/23\/rating-el-sabado-en-el-que-el-trece-les-gano-a-los-simpson-y-a-casados-con-hijos\/","title":{"rendered":"Rating: el s\u00e1bado en el que El Trece les gan\u00f3 a Los Simpson y a Casados con hijos"},"content":{"rendered":"<div readability=\"32\">\n<div class=\"title check-space\" data-color=\"style='background-color:'\" readability=\"9\">\n<p><h2>Fue un d\u00eda at\u00edpico, con todo el podio para el canal que comanda Adri\u00e1n Suar. <strong>\u00bfCu\u00e1les fueron los m\u00e1s vistos?<\/strong><\/h2>\n<\/p>\n<\/div><\/div>\n<div id=\"entry-body\">\n<p>S\u00e1bado de plenas vacaciones de invierno, no es que la televisi\u00f3n haya bajado su encendido, sino que <strong>se dio un curioso movimiento de fichas por parte de la audiencia<\/strong>: y, lejos de elegir las cl\u00e1sicas repeticiones de Telefe, esta vez apostaron sus fichas en las pel\u00edculas televisadas y <strong>El Trece sali\u00f3 ganando. Tanto, que el podio fue todo suyo<\/strong>. <\/p>\n<p><strong>Las tres pel\u00edculas<\/strong> que elegidas por la gente de programaci\u00f3n del canal que comanda <strong>Adri\u00e1n Suar<\/strong> y quedaron arriba de todo en este s\u00e1bado 21 de julio fueron: <strong>El justiciero 2<\/strong>, en el marco de <em>El mundo del espect\u00e1culo<\/em>, con 8,2 puntos, seguida por <strong>Noche de venganza<\/strong>, en el ciclo <em>Cine 13 V<\/em>, con 7,2.<\/p>\n<p>Y el podio del d\u00eda (y de El Trece) se complet\u00f3 con el cl\u00e1sico infantil <strong>El rey Le\u00f3n<\/strong>, que, en ciclo <em>Cine 13 IV<\/em>, logr\u00f3 un promedio de 6,5 puntos.<\/p>\n<div class=\"sp__Normal embed-box embed-body-photo\" data-index=\"1\">\n<picture class=\"pointer\">\n<img class=\"img-expand\" width=\"100\" height=\"100\" loading=\"lazy\" src=\"http:\/\/hoycordobaweb.com\/wp-content\/uploads\/2023\/07\/rating-el-sabado-en-el-que-el-trece-les-gano-a-los-simpson-y-a-casados-con-hijos.jpg\" alt=\"&quot;El justiciero 2&quot; gan\u00f3 el d\u00eda con un promedio de 8,2 puntos, muy alto para lo que sueles ser los s\u00e1bados de TV abierta.\"><br \/>\n<span class=\"bt-expand\"><br \/>\n<svg class=\"ico white_mod\">\n<use class=\"use-expand\" xlink:href=\"#icon-expand\" \/>\n<\/svg><br \/>\n<\/span>\n<\/picture><figcaption>\u00abEl justiciero 2\u00bb gan\u00f3 el d\u00eda con un promedio de 8,2 puntos, muy alto para lo que sueles ser los s\u00e1bados de TV abierta. <\/figcaption><\/div>\n<p><strong>El tr\u00edo f\u00edlmico mand\u00f3 para abajo, en la tabla, a dos n\u00fameros fijos<\/strong> de los s\u00e1bados, como suelen ser<strong> Casados con hijos<\/strong> y <strong>Los Simpson<\/strong>. La sitcom con Guillermo Francella y Florencia Pe\u00f1a fue lo m\u00e1s visto de Telefe, pero <strong>se ubic\u00f3 cuarta en el d\u00eda<\/strong>. Mientras que la serie animada de Homero y su familia marc\u00f3 4,8 y <strong>ni siquiera pudo entrar al \u00abtop five\u00bb<\/strong>.<\/p>\n<p><strong>El quinto lugar del d\u00eda fue para la repetici\u00f3n de Divina comedia<\/strong>, el programa de Telefe en el que se ve la capacidad de anfitri\u00f3n y de cocinero de los famosos. Esta vez apenas pudo marcar 4,9.<\/p>\n<h2>El podio de los otros cinco canales<\/h2>\n<p>En Elnueve lo m\u00e1s visto result\u00f3 <strong>Implacables<\/strong>, con 2,1 puntos, seguido por<strong> Vivo para vos<\/strong>, con 1,7,&nbsp;y por<strong> La tarde del nueve<\/strong>, con 1,3 puntos.<\/p>\n<div class=\"sp__Normal embed-box embed-body-photo\" data-index=\"2\">\n<picture class=\"pointer\">\n<img class=\"img-expand\" width=\"100\" height=\"100\" loading=\"lazy\" src=\"http:\/\/hoycordobaweb.com\/wp-content\/uploads\/2023\/07\/rating-el-sabado-en-el-que-el-trece-les-gano-a-los-simpson-y-a-casados-con-hijos-1.jpg\" alt=\"Esta vez, &quot;Los Simpson&quot; no pudieron: marcaron 4,8 y no pudieron entrar a la tabla de los cinco m\u00e1s vistos del d\u00eda.\"><br \/>\n<span class=\"bt-expand\"><br \/>\n<svg class=\"ico white_mod\">\n<use class=\"use-expand\" xlink:href=\"#icon-expand\" \/>\n<\/svg><br \/>\n<\/span>\n<\/picture><figcaption>Esta vez, \u00abLos Simpson\u00bb no pudieron: marcaron 4,8 y no pudieron entrar a la tabla de los cinco m\u00e1s vistos del d\u00eda. <\/figcaption><\/div>\n<p><strong>Am\u00e9rica noticias<\/strong> de los s\u00e1bados fue lo m\u00e1s visto de ese canal, con 2,4,&nbsp;delante de <strong>Pasi\u00f3n<\/strong>, que redonde\u00f3 2 puntos, y de <strong>Secretos verdaderos<\/strong>, con 1,8. En la Televisi\u00f3n P\u00fablica, <strong>el podio qued\u00f3 conformado por un triple empate <\/strong>en 0,4 entre <strong>El show del intento<\/strong>,<strong> Nuestro ej\u00e9rcito<\/strong> y <strong>TVP noticias<\/strong>.<\/p>\n<p>En Net TV se impuso <strong>Alma gaucha<\/strong> con 0,6, seguido de un empate en 0,3 entre <strong>C\u00e1mara Net<\/strong> y <strong>Editando tele XL<\/strong>. Mientras que en Bravo gan\u00f3 la en\u00e9sima repetici\u00f3n de <strong>Avenida Brasil <\/strong>con 0,2, delante de un empate en 0,1 entre<strong> Bravo Argentina<\/strong> y <strong>Esmeralda<\/strong>.<\/p>\n<h2>El ranking de los canales<\/h2>\n<p>Si bien la primera y segunda tarde quedaron en manos de Telefe, <strong>el <em>prime time<\/em> fue de El trece, lo que le permiti\u00f3 quedarse con el promedio general<\/strong> del d\u00eda que form\u00f3 as\u00ed:<\/p>\n<p><strong>Arriba de todo El Trece con 5,3<\/strong> de promedio, seguido por Telefe con 4,8, Am\u00e9rica con 1,9 y, cuarto, Elnueve con 1,4.<\/p>\n<p>El quinto puesto dio <strong>un empate entre la Televisi\u00f3n P\u00fablica y Net TV, con 0,2<\/strong>, mientras que la tabla diaria de posiciones se cerr\u00f3 con Bravo y su magro 0,1.<\/p>\n<p>Veremos si este&nbsp;domingo, <strong>con la gala de eliminaci\u00f3n de MasterChef<\/strong> (a las 22.30), Telefe retoma el comando del d\u00eda. Habr\u00e1 que ver, tambi\u00e9n, si el <strong>Periodismo para todos<\/strong> de<strong> Jorge Lanata<\/strong> no le da chances a El Trece se retener el dominio del d\u00eda.<\/p>\n<p> <span class=\"title-related\">Mir\u00e1 tambi\u00e9n<\/span> <\/div>\n","protected":false},"excerpt":{"rendered":"<p>Fue un d\u00eda at\u00edpico, con todo el podio para el canal que comanda Adri\u00e1n Suar. \u00bfCu\u00e1les fueron los m\u00e1s vistos? S\u00e1bado de plenas vacaciones de invierno, no es que la televisi\u00f3n haya bajado su encendido, sino que se dio un curioso movimiento de fichas por parte de la audiencia: y, lejos de elegir las cl\u00e1sicas [&hellip;]<\/p>\n","protected":false},"author":1,"featured_media":63753,"comment_status":"closed","ping_status":"closed","sticky":false,"template":"","format":"standard","meta":[],"categories":[10],"tags":[],"_links":{"self":[{"href":"http:\/\/hoycordobaweb.com\/index.php\/wp-json\/wp\/v2\/posts\/63752"}],"collection":[{"href":"http:\/\/hoycordobaweb.com\/index.php\/wp-json\/wp\/v2\/posts"}],"about":[{"href":"http:\/\/hoycordobaweb.com\/index.php\/wp-json\/wp\/v2\/types\/post"}],"author":[{"embeddable":true,"href":"http:\/\/hoycordobaweb.com\/index.php\/wp-json\/wp\/v2\/users\/1"}],"replies":[{"embeddable":true,"href":"http:\/\/hoycordobaweb.com\/index.php\/wp-json\/wp\/v2\/comments?post=63752"}],"version-history":[{"count":0,"href":"http:\/\/hoycordobaweb.com\/index.php\/wp-json\/wp\/v2\/posts\/63752\/revisions"}],"wp:featuredmedia":[{"embeddable":true,"href":"http:\/\/hoycordobaweb.com\/index.php\/wp-json\/wp\/v2\/media\/63753"}],"wp:attachment":[{"href":"http:\/\/hoycordobaweb.com\/index.php\/wp-json\/wp\/v2\/media?parent=63752"}],"wp:term":[{"taxonomy":"category","embeddable":true,"href":"http:\/\/hoycordobaweb.com\/index.php\/wp-json\/wp\/v2\/categories?post=63752"},{"taxonomy":"post_tag","embeddable":true,"href":"http:\/\/hoycordobaweb.com\/index.php\/wp-json\/wp\/v2\/tags?post=63752"}],"curies":[{"name":"wp","href":"https:\/\/api.w.org\/{rel}","templated":true}]}}