{"id":63738,"date":"2023-07-22T11:47:39","date_gmt":"2023-07-22T11:47:39","guid":{"rendered":"https:\/\/www.mujerhoy.com\/moda\/no-te-pierdas\/nuevo-primark-vestidos-baratos-basicos-verano-2023-20230722092256-nt.html"},"modified":"2023-07-22T11:47:39","modified_gmt":"2023-07-22T11:47:39","slug":"las-novedades-de-primark-que-tienes-que-ver-esta-semana-vestidos-estampados-chaquetas-de-colores-y-muchas-otras-compras-de-nueva-temporada","status":"publish","type":"post","link":"http:\/\/hoycordobaweb.com\/index.php\/2023\/07\/22\/las-novedades-de-primark-que-tienes-que-ver-esta-semana-vestidos-estampados-chaquetas-de-colores-y-muchas-otras-compras-de-nueva-temporada\/","title":{"rendered":"Las novedades de Primark que tienes que ver esta semana: vestidos estampados, chaquetas de colores y muchas otras compras de nueva temporada"},"content":{"rendered":"<p><!-- AUTHOR --><\/p>\n<div class=\"voc-author-timesocial \"><!-- AUTHOR --><\/p>\n<div class=\"voc-author-timesocial__signature\"><!-- IMAGE AUTHOR --><picture class=\"voc-image-signature\"><img class=\"voc-image-signature__img\" src=\"http:\/\/hoycordobaweb.com\/wp-content\/uploads\/2023\/07\/las-novedades-de-primark-que-tienes-que-ver-esta-semana-vestidos-estampados-chaquetas-de-colores-y-muchas-otras-compras-de-nueva-temporada.jpg\" alt=\"Gemma Cano\"><\/picture><!-- INFO AUTHOR --><\/p>\n<div class=\"voc-author-timesocial__info\">\n<div class=\"voc-author-info\"><author><a title=\"GEMMA CANO\" href=\"https:\/\/www.mujerhoy.com\/autor\/gemma-cano-1220.html\" class=\"voc-author\">GEMMA CANO <\/a><\/author><time datetime=\"2023-07-22T11:47:39Z\" data-timestamp>Publicado \u00b7 <span data-voc-date-modified-short>22 de julio de 2023, 13:47 h<\/span><\/time><\/div>\n<\/div>\n<\/div>\n<\/div>\n<p><!-- COMPONENTS --><\/p>\n<p class=\"voc-paragraph\">Todos los a\u00f1os por estas fechas pasa lo mismo. En plena ola de calor, y mientras estamos disfrutando de las merecidas vacaciones, o so\u00f1ando con ellas, la nueva temporada salta a escena. Y lo hace cambiando de rumbo, con un <strong>avance de colecci\u00f3n con sabor a entretiempo<\/strong>. <\/p>\n<p class=\"voc-paragraph\">\u00bf<br \/>\n<a data-voc-vtm-id=\"in-text-traffic\" href=\"https:\/\/www.mujerhoy.com\/moda\/no-te-pierdas\/nuevo-zara-verano-novedades-semana-ropa-barata-low-cost-agotada-20230502021622-nt.html\">Qu\u00e9 nos propone<\/a> Primark de cara a la pr\u00f3xima temporada? Vestidos estampados, a medio camino entre las dos estaciones, faldas de todo tipo, desde dise\u00f1os midi en tejido vaquero hasta propuestas mini con bolsillos cargo, chalecos de corte masculino para luciros a modo de camiseta y las <a data-voc-vtm-id=\"in-text-traffic\" href=\"https:\/\/www.mujerhoy.com\/moda\/no-te-pierdas\/vestidos-ideales-zapatos-tacon-comodo-novedades-verano-hym-baratas-20230504010948-nt.html\">primeras prendas de entretiempo<\/a>, como un bonito trench de color rosa o una americana en un tono neutro. \u00bfPreparadas para <strong>descubrir todas estas novedades<\/strong>?\n<\/p>\n<div class=\"voc-detail-photo-zoom\"><picture data-toggle=\"modal\" data-target=\"#photoZoomModal-488\" target=\"modal\">\n<div class=\"voc-img-icon-link\"><img loading=\"lazy\" data-original=\"\/\/static2.mujerhoy.com\/www\/multimedia\/202307\/22\/media\/cortadas\/vestido-primark-rayas-nuevo-zara-kJDF--460x637@MujerHoy.jpeg\" class=\"lazy\" alt=\"Vestido de rayas de Primark (16 euros)\"><noscript><img src=\"http:\/\/hoycordobaweb.com\/wp-content\/uploads\/2023\/07\/las-novedades-de-primark-que-tienes-que-ver-esta-semana-vestidos-estampados-chaquetas-de-colores-y-muchas-otras-compras-de-nueva-temporada-1.jpg\" alt=\"Vestido de rayas de Primark (16 euros)\"><\/noscript><i class=\"voc-icons zoom voc-multimedia-box voc-ico-l\"><\/i><\/div><figcaption class=\"figure-caption\">Vestido de rayas de Primark (16 euros)<\/figcaption><\/picture><\/div>\n<div id=\"photoZoomModal-488\" class=\"voc-lightbox modal fade voc-lightbox--photo-zoom\" role=\"dialog\" data-voc-photozoom-lightbox>\n<div class=\"voc-lightbox__dialog\" role=\"document\">\n<div class=\"voc-lightbox__content\"><!-- Modal header --><!-- Modal content --><\/p>\n<div class=\"voc-lightbox__photo-container\"><picture class><img loading=\"lazy\" data-original=\"\/\/static2.mujerhoy.com\/www\/multimedia\/202307\/22\/media\/cortadas\/vestido-primark-rayas-nuevo-zara-kJDF--460x637@MujerHoy.jpeg\" alt=\"Vestido de rayas de Primark (16 euros)\" class=\"lazy\"><noscript><img src=\"http:\/\/hoycordobaweb.com\/wp-content\/uploads\/2023\/07\/las-novedades-de-primark-que-tienes-que-ver-esta-semana-vestidos-estampados-chaquetas-de-colores-y-muchas-otras-compras-de-nueva-temporada-1.jpg\" alt=\"Vestido de rayas de Primark (16 euros)\"><\/noscript><\/picture><\/div>\n<\/div>\n<\/div>\n<\/div>\n<p><h3 class=\"voc-detail__title\"> Vestido de rayas de Primark (16 euros)<br \/>\n<\/h3>\n<\/p>\n<p class=\"voc-paragraph\">La nueva temporada nos propone que hagamos una transici\u00f3n suave entre estaciones. Este dise\u00f1o es perfecto para conseguirlo.\n<\/p>\n<div class=\"voc-detail-photo-zoom\"><picture data-toggle=\"modal\" data-target=\"#photoZoomModal-101\" target=\"modal\">\n<div class=\"voc-img-icon-link\"><img loading=\"lazy\" data-original=\"\/\/static1.mujerhoy.com\/www\/multimedia\/202307\/22\/media\/cortadas\/americana-primark-rayas-nuevo-zara-kJDF--460x637@MujerHoy.jpeg\" class=\"lazy\" alt=\"Americana gris de Primark (32 euros)\"><noscript><img src=\"http:\/\/hoycordobaweb.com\/wp-content\/uploads\/2023\/07\/las-novedades-de-primark-que-tienes-que-ver-esta-semana-vestidos-estampados-chaquetas-de-colores-y-muchas-otras-compras-de-nueva-temporada-2.jpg\" alt=\"Americana gris de Primark (32 euros)\"><\/noscript><i class=\"voc-icons zoom voc-multimedia-box voc-ico-l\"><\/i><\/div><figcaption class=\"figure-caption\">Americana gris de Primark (32 euros)<\/figcaption><\/picture><\/div>\n<div id=\"photoZoomModal-101\" class=\"voc-lightbox modal fade voc-lightbox--photo-zoom\" role=\"dialog\" data-voc-photozoom-lightbox>\n<div class=\"voc-lightbox__dialog\" role=\"document\">\n<div class=\"voc-lightbox__content\"><!-- Modal header --><!-- Modal content --><\/p>\n<div class=\"voc-lightbox__photo-container\"><picture class><img loading=\"lazy\" data-original=\"\/\/static1.mujerhoy.com\/www\/multimedia\/202307\/22\/media\/cortadas\/americana-primark-rayas-nuevo-zara-kJDF--460x637@MujerHoy.jpeg\" alt=\"Americana gris de Primark (32 euros)\" class=\"lazy\"><noscript><img src=\"http:\/\/hoycordobaweb.com\/wp-content\/uploads\/2023\/07\/las-novedades-de-primark-que-tienes-que-ver-esta-semana-vestidos-estampados-chaquetas-de-colores-y-muchas-otras-compras-de-nueva-temporada-2.jpg\" alt=\"Americana gris de Primark (32 euros)\"><\/noscript><\/picture><\/div>\n<\/div>\n<\/div>\n<\/div>\n<p><h3 class=\"voc-detail__title\"> Americana gris de Primark (32 euros)<br \/>\n<\/h3>\n<\/p>\n<p class=\"voc-paragraph\">Un dise\u00f1o cl\u00e1sico, en un color que combina con todo, que nos acompa\u00f1ar\u00e1 cuando nos toque volver a la oficina.\n<\/p>\n<div class=\"voc-detail-photo-zoom\"><picture data-toggle=\"modal\" data-target=\"#photoZoomModal-687\" target=\"modal\">\n<div class=\"voc-img-icon-link\"><img loading=\"lazy\" data-original=\"\/\/static1.mujerhoy.com\/www\/multimedia\/202307\/22\/media\/cortadas\/chaleco-primark-rayas-nuevo-zara-kJDF--460x637@MujerHoy.jpeg\" class=\"lazy\" alt=\"Chaleco de Primark (14 euros)\"><noscript><img src=\"http:\/\/hoycordobaweb.com\/wp-content\/uploads\/2023\/07\/las-novedades-de-primark-que-tienes-que-ver-esta-semana-vestidos-estampados-chaquetas-de-colores-y-muchas-otras-compras-de-nueva-temporada-3.jpg\" alt=\"Chaleco de Primark (14 euros)\"><\/noscript><i class=\"voc-icons zoom voc-multimedia-box voc-ico-l\"><\/i><\/div><figcaption class=\"figure-caption\">Chaleco de Primark (14 euros)<\/figcaption><\/picture><\/div>\n<div id=\"photoZoomModal-687\" class=\"voc-lightbox modal fade voc-lightbox--photo-zoom\" role=\"dialog\" data-voc-photozoom-lightbox>\n<div class=\"voc-lightbox__dialog\" role=\"document\">\n<div class=\"voc-lightbox__content\"><!-- Modal header --><!-- Modal content --><\/p>\n<div class=\"voc-lightbox__photo-container\"><picture class><img loading=\"lazy\" data-original=\"\/\/static1.mujerhoy.com\/www\/multimedia\/202307\/22\/media\/cortadas\/chaleco-primark-rayas-nuevo-zara-kJDF--460x637@MujerHoy.jpeg\" alt=\"Chaleco de Primark (14 euros)\" class=\"lazy\"><noscript><img src=\"http:\/\/hoycordobaweb.com\/wp-content\/uploads\/2023\/07\/las-novedades-de-primark-que-tienes-que-ver-esta-semana-vestidos-estampados-chaquetas-de-colores-y-muchas-otras-compras-de-nueva-temporada-3.jpg\" alt=\"Chaleco de Primark (14 euros)\"><\/noscript><\/picture><\/div>\n<\/div>\n<\/div>\n<\/div>\n<p><h3 class=\"voc-detail__title\"> Chaleco de Primark (14 euros)<br \/>\n<\/h3>\n<\/p>\n<p class=\"voc-paragraph\">Esta prenda se ha convertido, por derecho propio, en una de las m\u00e1s buscadas de la temporada. Una prenda de aires masculinos que puede resultar tremendamente femenina.\n<\/p>\n<div class=\"voc-detail-photo-zoom\"><picture data-toggle=\"modal\" data-target=\"#photoZoomModal-157\" target=\"modal\">\n<div class=\"voc-img-icon-link\"><img loading=\"lazy\" data-original=\"\/\/static.mujerhoy.com\/www\/multimedia\/202307\/22\/media\/cortadas\/pantalon-primark-rayas-nuevo-zara-kJDF--460x637@MujerHoy.jpeg\" class=\"lazy\" alt=\"Pantal\u00f3n camel de Primark (20 euros)\"><noscript><img src=\"http:\/\/hoycordobaweb.com\/wp-content\/uploads\/2023\/07\/las-novedades-de-primark-que-tienes-que-ver-esta-semana-vestidos-estampados-chaquetas-de-colores-y-muchas-otras-compras-de-nueva-temporada-4.jpg\" alt=\"Pantal\u00f3n camel de Primark (20 euros)\"><\/noscript><i class=\"voc-icons zoom voc-multimedia-box voc-ico-l\"><\/i><\/div><figcaption class=\"figure-caption\">Pantal\u00f3n camel de Primark (20 euros)<\/figcaption><\/picture><\/div>\n<div id=\"photoZoomModal-157\" class=\"voc-lightbox modal fade voc-lightbox--photo-zoom\" role=\"dialog\" data-voc-photozoom-lightbox>\n<div class=\"voc-lightbox__dialog\" role=\"document\">\n<div class=\"voc-lightbox__content\"><!-- Modal header --><!-- Modal content --><\/p>\n<div class=\"voc-lightbox__photo-container\"><picture class><img loading=\"lazy\" data-original=\"\/\/static.mujerhoy.com\/www\/multimedia\/202307\/22\/media\/cortadas\/pantalon-primark-rayas-nuevo-zara-kJDF--460x637@MujerHoy.jpeg\" alt=\"Pantal\u00f3n camel de Primark (20 euros)\" class=\"lazy\"><noscript><img src=\"http:\/\/hoycordobaweb.com\/wp-content\/uploads\/2023\/07\/las-novedades-de-primark-que-tienes-que-ver-esta-semana-vestidos-estampados-chaquetas-de-colores-y-muchas-otras-compras-de-nueva-temporada-4.jpg\" alt=\"Pantal\u00f3n camel de Primark (20 euros)\"><\/noscript><\/picture><\/div>\n<\/div>\n<\/div>\n<\/div>\n<p><h3 class=\"voc-detail__title\"> Pantal\u00f3n camel de Primark (20 euros)<br \/>\n<\/h3>\n<\/p>\n<p class=\"voc-paragraph\">Un aut\u00e9ntico b\u00e1sico de entretiempo, que te acompa\u00f1ar\u00e1 durante mucho tiempo. Ll\u00e9valo con una camiseta de rayas y mocasines.\n<\/p>\n<div class=\"voc-detail-photo-zoom\"><picture data-toggle=\"modal\" data-target=\"#photoZoomModal-746\" target=\"modal\">\n<div class=\"voc-img-icon-link\"><img loading=\"lazy\" data-original=\"\/\/static.mujerhoy.com\/www\/multimedia\/202307\/22\/media\/cortadas\/blusa-primark-rayas-nuevo-zara-kJDF--460x637@MujerHoy.jpeg\" class=\"lazy\" alt=\"Blusa con lazada de Primark (14 euros)\"><noscript><img src=\"http:\/\/hoycordobaweb.com\/wp-content\/uploads\/2023\/07\/las-novedades-de-primark-que-tienes-que-ver-esta-semana-vestidos-estampados-chaquetas-de-colores-y-muchas-otras-compras-de-nueva-temporada-5.jpg\" alt=\"Blusa con lazada de Primark (14 euros)\"><\/noscript><i class=\"voc-icons zoom voc-multimedia-box voc-ico-l\"><\/i><\/div><figcaption class=\"figure-caption\">Blusa con lazada de Primark (14 euros)<\/figcaption><\/picture><\/div>\n<div id=\"photoZoomModal-746\" class=\"voc-lightbox modal fade voc-lightbox--photo-zoom\" role=\"dialog\" data-voc-photozoom-lightbox>\n<div class=\"voc-lightbox__dialog\" role=\"document\">\n<div class=\"voc-lightbox__content\"><!-- Modal header --><!-- Modal content --><\/p>\n<div class=\"voc-lightbox__photo-container\"><picture class><img loading=\"lazy\" data-original=\"\/\/static.mujerhoy.com\/www\/multimedia\/202307\/22\/media\/cortadas\/blusa-primark-rayas-nuevo-zara-kJDF--460x637@MujerHoy.jpeg\" alt=\"Blusa con lazada de Primark (14 euros)\" class=\"lazy\"><noscript><img src=\"http:\/\/hoycordobaweb.com\/wp-content\/uploads\/2023\/07\/las-novedades-de-primark-que-tienes-que-ver-esta-semana-vestidos-estampados-chaquetas-de-colores-y-muchas-otras-compras-de-nueva-temporada-5.jpg\" alt=\"Blusa con lazada de Primark (14 euros)\"><\/noscript><\/picture><\/div>\n<\/div>\n<\/div>\n<\/div>\n<p><h3 class=\"voc-detail__title\"> Blusa con lazada de Primark (14 euros)<br \/>\n<\/h3>\n<\/p>\n<p class=\"voc-paragraph\">El avance de colecci\u00f3n de la marca llega cargado de prendas que nos invitan a olvidarnos del verano, como esta elegante blusa.\n<\/p>\n<div class=\"voc-detail-photo-zoom\"><picture data-toggle=\"modal\" data-target=\"#photoZoomModal-970\" target=\"modal\">\n<div class=\"voc-img-icon-link\"><img loading=\"lazy\" data-original=\"\/\/static3.mujerhoy.com\/www\/multimedia\/202307\/22\/media\/cortadas\/chaqueta-primark-rayas-nuevo-zara-kJDF--460x637@MujerHoy.jpeg\" class=\"lazy\" alt=\"Trench rosa de Primark (38 euros)\"><noscript><img src=\"http:\/\/hoycordobaweb.com\/wp-content\/uploads\/2023\/07\/las-novedades-de-primark-que-tienes-que-ver-esta-semana-vestidos-estampados-chaquetas-de-colores-y-muchas-otras-compras-de-nueva-temporada-6.jpg\" alt=\"Trench rosa de Primark (38 euros)\"><\/noscript><i class=\"voc-icons zoom voc-multimedia-box voc-ico-l\"><\/i><\/div><figcaption class=\"figure-caption\">Trench rosa de Primark (38 euros)<\/figcaption><\/picture><\/div>\n<div id=\"photoZoomModal-970\" class=\"voc-lightbox modal fade voc-lightbox--photo-zoom\" role=\"dialog\" data-voc-photozoom-lightbox>\n<div class=\"voc-lightbox__dialog\" role=\"document\">\n<div class=\"voc-lightbox__content\"><!-- Modal header --><!-- Modal content --><\/p>\n<div class=\"voc-lightbox__photo-container\"><picture class><img loading=\"lazy\" data-original=\"\/\/static3.mujerhoy.com\/www\/multimedia\/202307\/22\/media\/cortadas\/chaqueta-primark-rayas-nuevo-zara-kJDF--460x637@MujerHoy.jpeg\" alt=\"Trench rosa de Primark (38 euros)\" class=\"lazy\"><noscript><img src=\"http:\/\/hoycordobaweb.com\/wp-content\/uploads\/2023\/07\/las-novedades-de-primark-que-tienes-que-ver-esta-semana-vestidos-estampados-chaquetas-de-colores-y-muchas-otras-compras-de-nueva-temporada-6.jpg\" alt=\"Trench rosa de Primark (38 euros)\"><\/noscript><\/picture><\/div>\n<\/div>\n<\/div>\n<\/div>\n<p><h3 class=\"voc-detail__title\"> Trench rosa de Primark (38 euros)<br \/>\n<\/h3>\n<\/p>\n<p class=\"voc-paragraph\">Otra de las prendas m\u00e1s bonitas de la nueva temporada de la marca. Una chaqueta de entretiempo en un color que elevar\u00e1 todos tus looks de entretiempo.\n<\/p>\n<div class=\"voc-detail-photo-zoom\"><picture data-toggle=\"modal\" data-target=\"#photoZoomModal-693\" target=\"modal\">\n<div class=\"voc-img-icon-link\"><img loading=\"lazy\" data-original=\"\/\/static.mujerhoy.com\/www\/multimedia\/202307\/22\/media\/cortadas\/falda-primark-rayas-nuevo-zara-kJDF--460x637@MujerHoy.jpeg\" class=\"lazy\" alt=\"Falda estampada de Primark (16 euros)\"><noscript><img src=\"http:\/\/hoycordobaweb.com\/wp-content\/uploads\/2023\/07\/las-novedades-de-primark-que-tienes-que-ver-esta-semana-vestidos-estampados-chaquetas-de-colores-y-muchas-otras-compras-de-nueva-temporada-7.jpg\" alt=\"Falda estampada de Primark (16 euros)\"><\/noscript><i class=\"voc-icons zoom voc-multimedia-box voc-ico-l\"><\/i><\/div><figcaption class=\"figure-caption\">Falda estampada de Primark (16 euros)<\/figcaption><\/picture><\/div>\n<div id=\"photoZoomModal-693\" class=\"voc-lightbox modal fade voc-lightbox--photo-zoom\" role=\"dialog\" data-voc-photozoom-lightbox>\n<div class=\"voc-lightbox__dialog\" role=\"document\">\n<div class=\"voc-lightbox__content\"><!-- Modal header --><!-- Modal content --><\/p>\n<div class=\"voc-lightbox__photo-container\"><picture class><img loading=\"lazy\" data-original=\"\/\/static.mujerhoy.com\/www\/multimedia\/202307\/22\/media\/cortadas\/falda-primark-rayas-nuevo-zara-kJDF--460x637@MujerHoy.jpeg\" alt=\"Falda estampada de Primark (16 euros)\" class=\"lazy\"><noscript><img src=\"http:\/\/hoycordobaweb.com\/wp-content\/uploads\/2023\/07\/las-novedades-de-primark-que-tienes-que-ver-esta-semana-vestidos-estampados-chaquetas-de-colores-y-muchas-otras-compras-de-nueva-temporada-7.jpg\" alt=\"Falda estampada de Primark (16 euros)\"><\/noscript><\/picture><\/div>\n<\/div>\n<\/div>\n<\/div>\n<p><h3 class=\"voc-detail__title\"> Falda estampada de Primark (16 euros)<br \/>\n<\/h3>\n<\/p>\n<p class=\"voc-paragraph\">Si quieres incorporar una nueva falda a tu a tu armario de verano tienes que tener en cuenta este bonito dise\u00f1o estampado con un estampado m\u00e1s oto\u00f1al.\n<\/p>\n<div class=\"voc-detail-photo-zoom\"><picture data-toggle=\"modal\" data-target=\"#photoZoomModal-243\" target=\"modal\">\n<div class=\"voc-img-icon-link\"><img loading=\"lazy\" data-original=\"\/\/static.mujerhoy.com\/www\/multimedia\/202307\/22\/media\/cortadas\/faldas-primark-rayas-nuevo-zara-kJDF--460x637@MujerHoy.jpeg\" class=\"lazy\" alt=\"Falda cargo de Primark (16 euros)\"><noscript><img src=\"http:\/\/hoycordobaweb.com\/wp-content\/uploads\/2023\/07\/las-novedades-de-primark-que-tienes-que-ver-esta-semana-vestidos-estampados-chaquetas-de-colores-y-muchas-otras-compras-de-nueva-temporada-8.jpg\" alt=\"Falda cargo de Primark (16 euros)\"><\/noscript><i class=\"voc-icons zoom voc-multimedia-box voc-ico-l\"><\/i><\/div><figcaption class=\"figure-caption\">Falda cargo de Primark (16 euros)<\/figcaption><\/picture><\/div>\n<div id=\"photoZoomModal-243\" class=\"voc-lightbox modal fade voc-lightbox--photo-zoom\" role=\"dialog\" data-voc-photozoom-lightbox>\n<div class=\"voc-lightbox__dialog\" role=\"document\">\n<div class=\"voc-lightbox__content\"><!-- Modal header --><!-- Modal content --><\/p>\n<div class=\"voc-lightbox__photo-container\"><picture class><img loading=\"lazy\" data-original=\"\/\/static.mujerhoy.com\/www\/multimedia\/202307\/22\/media\/cortadas\/faldas-primark-rayas-nuevo-zara-kJDF--460x637@MujerHoy.jpeg\" alt=\"Falda cargo de Primark (16 euros)\" class=\"lazy\"><noscript><img src=\"http:\/\/hoycordobaweb.com\/wp-content\/uploads\/2023\/07\/las-novedades-de-primark-que-tienes-que-ver-esta-semana-vestidos-estampados-chaquetas-de-colores-y-muchas-otras-compras-de-nueva-temporada-8.jpg\" alt=\"Falda cargo de Primark (16 euros)\"><\/noscript><\/picture><\/div>\n<\/div>\n<\/div>\n<\/div>\n<p><h3 class=\"voc-detail__title\"> Falda cargo de Primark (16 euros)<br \/>\n<\/h3>\n<\/p>\n<p class=\"voc-paragraph\">La tendencia cargo sigue de plena actualidad. Y esta falda de nueva temporada es una de las propuestas m\u00e1s bonitas del momento.\n<\/p>\n<div class=\"voc-detail-photo-zoom\"><picture data-toggle=\"modal\" data-target=\"#photoZoomModal-972\" target=\"modal\">\n<div class=\"voc-img-icon-link\"><img loading=\"lazy\" data-original=\"\/\/static.mujerhoy.com\/www\/multimedia\/202307\/22\/media\/cortadas\/vaqueros-primark-rayas-nuevo-zara-kJDF--460x637@MujerHoy.jpeg\" class=\"lazy\" alt=\"Falda vaquera de Primark (20 euros)\"><noscript><img src=\"http:\/\/hoycordobaweb.com\/wp-content\/uploads\/2023\/07\/las-novedades-de-primark-que-tienes-que-ver-esta-semana-vestidos-estampados-chaquetas-de-colores-y-muchas-otras-compras-de-nueva-temporada-9.jpg\" alt=\"Falda vaquera de Primark (20 euros)\"><\/noscript><i class=\"voc-icons zoom voc-multimedia-box voc-ico-l\"><\/i><\/div><figcaption class=\"figure-caption\">Falda vaquera de Primark (20 euros)<\/figcaption><\/picture><\/div>\n<div id=\"photoZoomModal-972\" class=\"voc-lightbox modal fade voc-lightbox--photo-zoom\" role=\"dialog\" data-voc-photozoom-lightbox>\n<div class=\"voc-lightbox__dialog\" role=\"document\">\n<div class=\"voc-lightbox__content\"><!-- Modal header --><!-- Modal content --><\/p>\n<div class=\"voc-lightbox__photo-container\"><picture class><img loading=\"lazy\" data-original=\"\/\/static.mujerhoy.com\/www\/multimedia\/202307\/22\/media\/cortadas\/vaqueros-primark-rayas-nuevo-zara-kJDF--460x637@MujerHoy.jpeg\" alt=\"Falda vaquera de Primark (20 euros)\" class=\"lazy\"><noscript><img src=\"http:\/\/hoycordobaweb.com\/wp-content\/uploads\/2023\/07\/las-novedades-de-primark-que-tienes-que-ver-esta-semana-vestidos-estampados-chaquetas-de-colores-y-muchas-otras-compras-de-nueva-temporada-9.jpg\" alt=\"Falda vaquera de Primark (20 euros)\"><\/noscript><\/picture><\/div>\n<\/div>\n<\/div>\n<\/div>\n<p><h3 class=\"voc-detail__title\"> Falda vaquera de Primark (20 euros)<br \/>\n<\/h3>\n<\/p>\n<p class=\"voc-paragraph\">Y nuestras recomendaciones de la semana terminan con una falda midi llevar a todas horas. \u00a1No la dejes escapar!\n<\/p>\n<p><!-- TOPICS --><\/p>\n","protected":false},"excerpt":{"rendered":"<p>GEMMA CANO Publicado \u00b7 22 de julio de 2023, 13:47 h Todos los a\u00f1os por estas fechas pasa lo mismo. En plena ola de calor, y mientras estamos disfrutando de las merecidas vacaciones, o so\u00f1ando con ellas, la nueva temporada salta a escena. Y lo hace cambiando de rumbo, con un avance de colecci\u00f3n con [&hellip;]<\/p>\n","protected":false},"author":1,"featured_media":63739,"comment_status":"closed","ping_status":"closed","sticky":false,"template":"","format":"standard","meta":[],"categories":[1],"tags":[],"_links":{"self":[{"href":"http:\/\/hoycordobaweb.com\/index.php\/wp-json\/wp\/v2\/posts\/63738"}],"collection":[{"href":"http:\/\/hoycordobaweb.com\/index.php\/wp-json\/wp\/v2\/posts"}],"about":[{"href":"http:\/\/hoycordobaweb.com\/index.php\/wp-json\/wp\/v2\/types\/post"}],"author":[{"embeddable":true,"href":"http:\/\/hoycordobaweb.com\/index.php\/wp-json\/wp\/v2\/users\/1"}],"replies":[{"embeddable":true,"href":"http:\/\/hoycordobaweb.com\/index.php\/wp-json\/wp\/v2\/comments?post=63738"}],"version-history":[{"count":0,"href":"http:\/\/hoycordobaweb.com\/index.php\/wp-json\/wp\/v2\/posts\/63738\/revisions"}],"wp:featuredmedia":[{"embeddable":true,"href":"http:\/\/hoycordobaweb.com\/index.php\/wp-json\/wp\/v2\/media\/63739"}],"wp:attachment":[{"href":"http:\/\/hoycordobaweb.com\/index.php\/wp-json\/wp\/v2\/media?parent=63738"}],"wp:term":[{"taxonomy":"category","embeddable":true,"href":"http:\/\/hoycordobaweb.com\/index.php\/wp-json\/wp\/v2\/categories?post=63738"},{"taxonomy":"post_tag","embeddable":true,"href":"http:\/\/hoycordobaweb.com\/index.php\/wp-json\/wp\/v2\/tags?post=63738"}],"curies":[{"name":"wp","href":"https:\/\/api.w.org\/{rel}","templated":true}]}}