{"id":63723,"date":"2023-07-23T03:12:10","date_gmt":"2023-07-23T03:12:10","guid":{"rendered":"https:\/\/www.ole.com.ar\/ecuador\/internacional\/roberto-zerbi-brighton-moises-caicedo-continuidad_0_sw9WTEnuam.html"},"modified":"2023-07-23T03:12:10","modified_gmt":"2023-07-23T03:12:10","slug":"roberto-de-zerbi-aun-tenemos-que-ver-que-pasa-con-caicedo","status":"publish","type":"post","link":"http:\/\/hoycordobaweb.com\/index.php\/2023\/07\/23\/roberto-de-zerbi-aun-tenemos-que-ver-que-pasa-con-caicedo\/","title":{"rendered":"Roberto De Zerbi: \u201cA\u00fan tenemos que ver que pasa con Caicedo\u201d"},"content":{"rendered":"<p><img src=\"http:\/\/hoycordobaweb.com\/wp-content\/uploads\/2023\/07\/roberto-de-zerbi-aun-tenemos-que-ver-que-pasa-con-caicedo.jpg\"><\/p>\n<p><time class=\"createDate\" datetime=\"2023-07-23T00:12:10-03:00\">23\/07\/2023 00:12hs.<\/time><time class=\"modificatedDate\" datetime=\"2023-07-23T00:20:005-03:00\"> Actualizado al 23\/07\/2023 00:20hs.<\/time><\/p>\n<div id=\"storyBody\">\n<div class=\"custom-text \" readability=\"34.247933884298\">\n<p><strong>\u201cA\u00fan tenemos que ver que pasa con Caicedo\u201d, dijo De Zerbi.<\/strong> Despu\u00e9s le preguntaron sobre cu\u00e1nta falta le hicieron Caicedo y <a href=\"https:\/\/www.ole.com.ar\/tema\/pervis-estupinan.html\" target=\"_blank\" rel=\"noopener noreferrer\">Pervis Estupi\u00f1\u00e1n<\/a>. \u201cAmbos son importantes para el equipo, pero tambi\u00e9n podemos jugar sin ellos\u201d, asegur\u00f3.<\/p>\n<\/div>\n<div class=\"custom-text \" readability=\"24.206779661017\">\n<p>Es la segunda vez que habla sobre el volante ecuatoriano en dos d\u00edas. <strong><a href=\"https:\/\/www.ole.com.ar\/ecuador\/internacional\/zerbi-moises-caicedo-brighton-negociacion-chelsea_0_zTxvnyiZ44.html\" target=\"_blank\" rel=\"noopener noreferrer\">Ya lo hab\u00eda hecho este viernes previo al duelo ante los Blues, tambi\u00e9n en un di\u00e1logo con los medios<\/a><\/strong>. Ah\u00ed adelant\u00f3 que, hasta el momento, el ecuatoriano sigue siendo jugador de Las Gaviotas y parece que eso no cambiar\u00e1.<\/p>\n<\/div>\n<div class=\"custom-text \" readability=\"40\">\n<p><strong>\u00abHabl\u00e9 con Tony Bloom (presidente del Brighton) y me dijo que si las condiciones no cambian, Mois\u00e9s se queda con nosotros\u00bb,<\/strong> dijo el estratega italiano. \u00abPara m\u00ed, debe ser una gran noticia porque es dif\u00edcil encontrar otro gran jugador. Si Caicedo se va, tenemos que buscar otro jugador del mismo nivel\u00bb, a\u00f1adi\u00f3 De Zerbi en di\u00e1logo con James Olley.<\/p>\n<\/div>\n<div class=\"sc-e7b891c4-0 jPbnQF\"><img alt=\"El partido entre Brighton y Chelsea se jug\u00f3 en Filadelfia. Foto: Tim Nwachukwu \/ GETTY IMAGES NORTH AMERICA \/ Getty Images via AFP\" src=\"http:\/\/hoycordobaweb.com\/wp-content\/uploads\/2023\/07\/roberto-de-zerbi-aun-tenemos-que-ver-que-pasa-con-caicedo-2.jpg\" width=\"720\" height=\"100\" decoding=\"async\" data-nimg=\"future\" loading=\"lazy\"><span class=\"epigraphe\">El partido entre Brighton y Chelsea se jug\u00f3 en Filadelfia. Foto: Tim Nwachukwu \/ GETTY IMAGES NORTH AMERICA \/ Getty Images via AFP<\/span><\/div>\n<div class=\"custom-text \" readability=\"34\">\n<p>Sin embargo, <strong>decidi\u00f3 no ponerlo ni en la banca de suplentes del primer amistoso del Brighton en Estados Unidos<\/strong>. Algo que tambi\u00e9n hab\u00eda anunciado en la conferencia del viernes.<\/p>\n<\/div>\n<p><h2><strong>Un partido que pudo terminar en goleada, pero se igual\u00f3 al final<\/strong><\/h2>\n<\/p>\n<div class=\"custom-text \" readability=\"37\">\n<p><strong>En el partido, el Chelsea lleg\u00f3 a estar 4-1 sobre los blanquiazules que lograron recortar el marcador en los \u00faltimos minutos.<\/strong> El elenco londinense convirti\u00f3 a trav\u00e9s de Christopher Nkunku a los 19 minutos, Mykhailo Mudryk a los 65&#8242;, Conor Gallagher a los 72&#8242; y Nicolas Jackson a los 77&#8242;.<\/p>\n<\/div>\n<div class=\"custom-text \" readability=\"36\">\n<p><strong>Mientras que por el Brighton anotaron: Danny Welbeck a los 13&#8242;, Joao Pedro de penal a los 79&#8242; y Deniz Undav a los 89&#8242;<\/strong>. Adem\u00e1s, Las Gaviotas sufrieron la expulsi\u00f3n de Jan Paul van Hecke a los 60&#8242; por doble tarjeta amarilla.<\/p>\n<\/div>\n<div class=\"sc-e7b891c4-0 jPbnQF\"><img alt=\"El Brighton jugar\u00e1 dos partidos m\u00e1s en Estados Unidos. Foto: Tim Nwachukwu \/ GETTY IMAGES NORTH AMERICA \/ Getty Images via AFP\" src=\"http:\/\/hoycordobaweb.com\/wp-content\/uploads\/2023\/07\/roberto-de-zerbi-aun-tenemos-que-ver-que-pasa-con-caicedo-3.jpg\" width=\"720\" height=\"100\" decoding=\"async\" data-nimg=\"future\" loading=\"lazy\"><span class=\"epigraphe\">El Brighton jugar\u00e1 dos partidos m\u00e1s en Estados Unidos. Foto: Tim Nwachukwu \/ GETTY IMAGES NORTH AMERICA \/ Getty Images via AFP<\/span><\/div>\n<div class=\"custom-text \" readability=\"34\">\n<p><strong>Tras este encuentro, los dirigidos por De Zerbi se enfrentar\u00e1n al Brentford el mi\u00e9rcoles 26 en Atlanta<\/strong>. Y el viernes 28 tendr\u00e1n como rival al Newcastle en Nueva Jersey.<\/p>\n<\/div>\n<div class=\"sc-a7166897-0 exHLBh\" readability=\"6.5\">\n<section readability=\"3\"><picture><img alt=\"Sin los ecuatorianos, Brighton perdi\u00f3 ante Chelsea\" src=\"http:\/\/hoycordobaweb.com\/wp-content\/uploads\/2023\/07\/roberto-de-zerbi-aun-tenemos-que-ver-que-pasa-con-caicedo-4.jpg\" width=\"290\" height=\"290\" decoding=\"async\" data-nimg=\"future\" loading=\"lazy\"><\/picture>\n<p><span>Mir\u00e1 tambi\u00e9n<\/span><\/p>\n<hr>\n<h3>Sin los ecuatorianos, Brighton perdi\u00f3 ante Chelsea<\/h3>\n<\/p>\n<\/section>\n<\/div>\n<div class=\"sc-a7166897-0 exHLBh\" readability=\"6\">\n<section readability=\"2\"><picture><img alt=\"En M\u00e9xico no se olvidan de Enner Valencia: Tigres record\u00f3 el debut de Superman\" src=\"http:\/\/hoycordobaweb.com\/wp-content\/uploads\/2023\/07\/roberto-de-zerbi-aun-tenemos-que-ver-que-pasa-con-caicedo-5.jpg\" width=\"290\" height=\"290\" decoding=\"async\" data-nimg=\"future\" loading=\"lazy\"><\/picture>\n<p><span>Mir\u00e1 tambi\u00e9n<\/span><\/p>\n<hr>\n<h3>En M\u00e9xico no se olvidan de Enner Valencia: Tigres record\u00f3 el debut de Superman<\/h3>\n<\/p>\n<\/section>\n<\/div>\n<div class=\"sc-a7166897-0 exHLBh\" readability=\"6\">\n<section readability=\"2\"><picture><img alt=\"San Pablo perdi\u00f3 con Robert Arboleda como titular y Jhegson M\u00e9ndez en el banco\" src=\"http:\/\/hoycordobaweb.com\/wp-content\/uploads\/2023\/07\/roberto-de-zerbi-aun-tenemos-que-ver-que-pasa-con-caicedo-6.jpg\" width=\"290\" height=\"290\" decoding=\"async\" data-nimg=\"future\" loading=\"lazy\"><\/picture>\n<p><span>Mir\u00e1 tambi\u00e9n<\/span><\/p>\n<hr>\n<h3>San Pablo perdi\u00f3 con Robert Arboleda como titular y Jhegson M\u00e9ndez en el banco<\/h3>\n<\/p>\n<\/section>\n<\/div>\n<div class=\"sc-a7166897-0 exHLBh\" readability=\"6\">\n<section readability=\"2\"><picture><img alt=\"Liga le gan\u00f3 los dos amistosos a Cumbay\u00e1 y Jefferson Valverde debut\u00f3\" src=\"http:\/\/hoycordobaweb.com\/wp-content\/uploads\/2023\/07\/roberto-de-zerbi-aun-tenemos-que-ver-que-pasa-con-caicedo-7.jpg\" width=\"290\" height=\"290\" decoding=\"async\" data-nimg=\"future\" loading=\"lazy\"><\/picture>\n<p><span>Mir\u00e1 tambi\u00e9n<\/span><\/p>\n<hr>\n<h3>Liga le gan\u00f3 los dos amistosos a Cumbay\u00e1 y Jefferson Valverde debut\u00f3<\/h3>\n<\/p>\n<\/section>\n<\/div>\n<div class=\"sc-a7166897-0 exHLBh\" readability=\"6\">\n<section readability=\"2\"><picture><img alt=\"\u00a1Un jugador del Bombillo en el equipo de la semana de la Sudamericana!\" src=\"http:\/\/hoycordobaweb.com\/wp-content\/uploads\/2023\/07\/roberto-de-zerbi-aun-tenemos-que-ver-que-pasa-con-caicedo-8.jpg\" width=\"290\" height=\"290\" decoding=\"async\" data-nimg=\"future\" loading=\"lazy\"><\/picture>\n<p><span>Mir\u00e1 tambi\u00e9n<\/span><\/p>\n<hr>\n<h3>\u00a1Un jugador del Bombillo en el equipo de la semana de la Sudamericana!<\/h3>\n<\/p>\n<\/section>\n<\/div>\n<div class=\"sc-a7166897-0 exHLBh\" readability=\"6.5\">\n<section readability=\"3\"><picture><img alt=\"Preciado, Pacho y Ord\u00f3\u00f1ez sumaron minutos con sus equipos en pretemporada\" src=\"http:\/\/hoycordobaweb.com\/wp-content\/uploads\/2023\/07\/roberto-de-zerbi-aun-tenemos-que-ver-que-pasa-con-caicedo-9.jpg\" width=\"290\" height=\"290\" decoding=\"async\" data-nimg=\"future\" loading=\"lazy\"><\/picture>\n<p><span>Mir\u00e1 tambi\u00e9n<\/span><\/p>\n<hr>\n<h3>Preciado, Pacho y Ord\u00f3\u00f1ez sumaron minutos con sus equipos en pretemporada<\/h3>\n<\/p>\n<\/section>\n<\/div>\n<\/div>\n","protected":false},"excerpt":{"rendered":"<p>23\/07\/2023 00:12hs. Actualizado al 23\/07\/2023 00:20hs. \u201cA\u00fan tenemos que ver que pasa con Caicedo\u201d, dijo De Zerbi. Despu\u00e9s le preguntaron sobre cu\u00e1nta falta le hicieron Caicedo y Pervis Estupi\u00f1\u00e1n. \u201cAmbos son importantes para el equipo, pero tambi\u00e9n podemos jugar sin ellos\u201d, asegur\u00f3. Es la segunda vez que habla sobre el volante ecuatoriano en dos d\u00edas. [&hellip;]<\/p>\n","protected":false},"author":1,"featured_media":63724,"comment_status":"open","ping_status":"closed","sticky":false,"template":"","format":"standard","meta":[],"categories":[16],"tags":[],"_links":{"self":[{"href":"http:\/\/hoycordobaweb.com\/index.php\/wp-json\/wp\/v2\/posts\/63723"}],"collection":[{"href":"http:\/\/hoycordobaweb.com\/index.php\/wp-json\/wp\/v2\/posts"}],"about":[{"href":"http:\/\/hoycordobaweb.com\/index.php\/wp-json\/wp\/v2\/types\/post"}],"author":[{"embeddable":true,"href":"http:\/\/hoycordobaweb.com\/index.php\/wp-json\/wp\/v2\/users\/1"}],"replies":[{"embeddable":true,"href":"http:\/\/hoycordobaweb.com\/index.php\/wp-json\/wp\/v2\/comments?post=63723"}],"version-history":[{"count":0,"href":"http:\/\/hoycordobaweb.com\/index.php\/wp-json\/wp\/v2\/posts\/63723\/revisions"}],"wp:featuredmedia":[{"embeddable":true,"href":"http:\/\/hoycordobaweb.com\/index.php\/wp-json\/wp\/v2\/media\/63724"}],"wp:attachment":[{"href":"http:\/\/hoycordobaweb.com\/index.php\/wp-json\/wp\/v2\/media?parent=63723"}],"wp:term":[{"taxonomy":"category","embeddable":true,"href":"http:\/\/hoycordobaweb.com\/index.php\/wp-json\/wp\/v2\/categories?post=63723"},{"taxonomy":"post_tag","embeddable":true,"href":"http:\/\/hoycordobaweb.com\/index.php\/wp-json\/wp\/v2\/tags?post=63723"}],"curies":[{"name":"wp","href":"https:\/\/api.w.org\/{rel}","templated":true}]}}