{"id":63719,"date":"2023-07-21T15:52:51","date_gmt":"2023-07-21T15:52:51","guid":{"rendered":"https:\/\/ladecimaweb.com\/?p=17793"},"modified":"2023-07-21T15:52:51","modified_gmt":"2023-07-21T15:52:51","slug":"el-hospital-asturias-cuenta-con-una-nueva-biblioteca","status":"publish","type":"post","link":"http:\/\/hoycordobaweb.com\/index.php\/2023\/07\/21\/el-hospital-asturias-cuenta-con-una-nueva-biblioteca\/","title":{"rendered":"El hospital Asturias cuenta con una nueva biblioteca"},"content":{"rendered":"<div class=\"boldgrid-section\">\n<div class=\"container\">\n<div class=\"row\">\n<div class=\"col-md-12 col-xs-12 col-sm-12\">\n<p>La Municipalidad de C\u00f3rdoba, a trav\u00e9s de la Secretar\u00eda de Educaci\u00f3n, puso en marcha una nueva biblioteca en el Hospital Municipal Pr\u00edncipe de Asturias, con la colaboraci\u00f3n del Parque Educativo Sur y donaciones de la comunidad.<\/p>\n<p>La biblioteca del Hospital Municipal Pr\u00edncipe de Asturias es un espacio que brindar\u00e1 a los pacientes una variedad de libros para explorar mientras esperan, y se convierte en un recurso educativo y cultural para toda la comunidad.<\/p>\n<p class=\"\">Las estructuras de madera para exhibir y alojar los libros fueron elaboradas por el taller de oficios del Parque Educativo Sur, utilizando materiales recuperados en l\u00ednea con los principios de la Econom\u00eda Circular.<\/p>\n<p>El material bibliogr\u00e1fico fue obtenido a trav\u00e9s de donaciones de la comunidad y del proyecto editorial de la Legislatura de C\u00f3rdoba.<\/p>\n<p><em>\u201cLa biblioteca es para ellos, porque los libros tambi\u00e9n sanan, tambi\u00e9n curan. La palabra escrita circula en cada rinc\u00f3n de la zona sur, y aqu\u00ed no pod\u00eda faltar\u201d,<\/em><span>&nbsp;<\/span>expres\u00f3 el subdirector del Parque, Adri\u00e1n Vitali.<\/p>\n<p><em>\u201cNos llena de satisfacci\u00f3n poder estrechar lazos interinstitucionales que promuevan acciones para beneficio de la comunidad. Este sitio se convierte en un espacio de aprendizajes y acceso a bienes culturales que nos permite concebir tiempos y lugares renovados, innovadores, donde acontezca la lectura y el acceso a la cultura del libro\u201d<\/em>, expres\u00f3 el director del Hospital, Mario Lerda.<\/p>\n<p>La inauguraci\u00f3n cont\u00f3 con la presencia de la subsecretaria de Educaci\u00f3n, Mar\u00eda Jos\u00e9 Viola, la directora de Parques Educativos, Mar\u00eda Eugenia Rotondi, el subdirector del Parque Educativo Sur, Adri\u00e1n Vitali, y el director del Hospital, Mario Lerda.<\/p>\n<div class=\"ubm_banner\"><a href=\"http:\/\/www.cba.gov.ar\/prevencion-incendios\" target=\"_blank\" rel=\"dofollow noopener noreferrer\"><img src=\"http:\/\/hoycordobaweb.com\/wp-content\/uploads\/2023\/07\/el-hospital-asturias-cuenta-con-una-nueva-biblioteca.gif\" alt=\"\"><\/a><\/div>\n<\/div>\n<\/div>\n<\/div>\n<\/div>\n<p>La entrada <a rel=\"nofollow\" href=\"https:\/\/ladecimaweb.com\/el-hospital-asturias-cuenta-con-una-nueva-biblioteca\/\">El hospital Asturias cuenta con una nueva biblioteca<\/a> se public\u00f3 primero en <a rel=\"nofollow\" href=\"https:\/\/ladecimaweb.com\">LaDecima<\/a>.<\/p>\n","protected":false},"excerpt":{"rendered":"<p>La Municipalidad de C\u00f3rdoba, a trav\u00e9s de la Secretar\u00eda de Educaci\u00f3n, puso en marcha una nueva biblioteca en el Hospital Municipal Pr\u00edncipe de Asturias, con la colaboraci\u00f3n del Parque Educativo Sur y donaciones de la comunidad. La biblioteca del Hospital Municipal Pr\u00edncipe de Asturias es un espacio que brindar\u00e1 a los pacientes una variedad de [&hellip;]<\/p>\n","protected":false},"author":1,"featured_media":63720,"comment_status":"closed","ping_status":"closed","sticky":false,"template":"","format":"standard","meta":[],"categories":[19],"tags":[],"_links":{"self":[{"href":"http:\/\/hoycordobaweb.com\/index.php\/wp-json\/wp\/v2\/posts\/63719"}],"collection":[{"href":"http:\/\/hoycordobaweb.com\/index.php\/wp-json\/wp\/v2\/posts"}],"about":[{"href":"http:\/\/hoycordobaweb.com\/index.php\/wp-json\/wp\/v2\/types\/post"}],"author":[{"embeddable":true,"href":"http:\/\/hoycordobaweb.com\/index.php\/wp-json\/wp\/v2\/users\/1"}],"replies":[{"embeddable":true,"href":"http:\/\/hoycordobaweb.com\/index.php\/wp-json\/wp\/v2\/comments?post=63719"}],"version-history":[{"count":0,"href":"http:\/\/hoycordobaweb.com\/index.php\/wp-json\/wp\/v2\/posts\/63719\/revisions"}],"wp:featuredmedia":[{"embeddable":true,"href":"http:\/\/hoycordobaweb.com\/index.php\/wp-json\/wp\/v2\/media\/63720"}],"wp:attachment":[{"href":"http:\/\/hoycordobaweb.com\/index.php\/wp-json\/wp\/v2\/media?parent=63719"}],"wp:term":[{"taxonomy":"category","embeddable":true,"href":"http:\/\/hoycordobaweb.com\/index.php\/wp-json\/wp\/v2\/categories?post=63719"},{"taxonomy":"post_tag","embeddable":true,"href":"http:\/\/hoycordobaweb.com\/index.php\/wp-json\/wp\/v2\/tags?post=63719"}],"curies":[{"name":"wp","href":"https:\/\/api.w.org\/{rel}","templated":true}]}}