{"id":63665,"date":"2023-07-22T00:12:00","date_gmt":"2023-07-22T00:12:00","guid":{"rendered":"http:\/\/hoycordobaweb.com\/index.php\/2023\/07\/22\/zelenski-admite-que-la-contraofensiva-ucraniana-viene-mas-lenta-que-lo-planeado\/"},"modified":"2023-07-22T00:12:00","modified_gmt":"2023-07-22T00:12:00","slug":"zelenski-admite-que-la-contraofensiva-ucraniana-viene-mas-lenta-que-lo-planeado","status":"publish","type":"post","link":"http:\/\/hoycordobaweb.com\/index.php\/2023\/07\/22\/zelenski-admite-que-la-contraofensiva-ucraniana-viene-mas-lenta-que-lo-planeado\/","title":{"rendered":"Zelenski admite que la contraofensiva ucraniana viene m\u00e1s lenta que lo planeado"},"content":{"rendered":"<p><img src=\"http:\/\/hoycordobaweb.com\/wp-content\/uploads\/2023\/07\/zelenski-admite-que-la-contraofensiva-ucraniana-viene-mas-lenta-que-lo-planeado.jpg\"><\/p>\n<figure class=\"mb-3\"><img loading=\"lazy\" data-src=\"http:\/\/hoycordobaweb.com\/wp-content\/uploads\/2023\/07\/zelenski-admite-que-la-contraofensiva-ucraniana-viene-mas-lenta-que-lo-planeado-2.jpg\" src=\"https:\/\/www.telam.com.ar\/assets\/img\/not_image.png\" class=\" lazy \" width=\"100%\" height=\"100%\" alt=\"Zelenski debatiendo con asesores y mandos militares la contraofensiva Foto AFP\"><figcaption> Zelenski, debatiendo con asesores y mandos militares la contraofensiva \/ Foto: AFP <\/figcaption><\/figure>\n<p>El presidente de Ucrania, Volodimir Zelenski, admiti\u00f3 este viernes que <strong>a pesar de la ayuda militar que recibe<\/strong> de las potencias occidentales, la anunciada contraofensiva para recobrar terreno perdido a manos de Rusia <strong>avanza m\u00e1s lento de lo esperado<\/strong>.<\/p>\n<p>\u00abTen\u00edamos planes para comenzar en la primavera, <strong>pero no lo hicimos porque, francamente, no ten\u00edamos suficientes municiones y armamento<\/strong> ni suficientes brigadas debidamente entrenadas en este tipo de armamento\u00bb, expres\u00f3 el mandatario durante su intervenci\u00f3n telem\u00e1tica en un foro del \u00abthink tank\u00bb estadounidense Aspen Institute.<\/p>\n<p>\u00abDebido a que comenzamos un poco m\u00e1s tarde, podemos decir, y es la verdad, compartida por todos los expertos, que <strong>fue el momento que Rusia aprovech\u00f3 para minar todo nuestro territorio y construir varias l\u00edneas de defensa<\/strong>\u00ab, agreg\u00f3 Zelenski al atribuir a estas maniobras de defensa rusas la lentitud del contraataque.<\/p>\n<p>Sin embargo, asegur\u00f3 que, a pesar de las dificultades, las Fuerzas Armadas ucranianas <strong>van logrando \u00e9xitos en el campo de batalla,<\/strong> aunque de forma cautelosa, pues <strong>Kiev \u00abno quiere perder civiles, ni personal militar <\/strong>ni equipos de combate\u00bb.<\/p>\n<p>\u00abHemos sido cuidadosos con las acciones ofensivas\u00bb, abund\u00f3.<\/p>\n<p>Tambi\u00e9n abog\u00f3 por \u00abneutralizar\u00bb el puente de Kerch, <strong>que conecta la pen\u00ednsula de Crimea<\/strong> -anexada por Rusia en 2014- con la regi\u00f3n rusa de Krasnodar, al considerar que es una infraestructura que Mosc\u00fa usa para nutrir a sus tropas con armamento militar.<\/p>\n<blockquote class><p>\u00abEl puente de Crimea <strong>no es solo un camino log\u00edstico<\/strong>, esta es la ruta que se usa para alimentar diariamente la guerra con municiones\u00bb, asever\u00f3 Zelenski, confirmando que \u00abes comprensible\u00bb que sea un \u00abobjetivo\u00bb ucraniano.<\/p><\/blockquote>\n<p>\u00abCualquier objetivo que est\u00e9 trayendo guerra, no paz, debe ser neutralizado\u00bb, sentenci\u00f3.<\/p>\n<figure class=\"mb-3\"><img loading=\"lazy\" data-src=\"http:\/\/hoycordobaweb.com\/wp-content\/uploads\/2023\/07\/zelenski-admite-que-la-contraofensiva-ucraniana-viene-mas-lenta-que-lo-planeado-3.jpg\" src=\"https:\/\/www.telam.com.ar\/assets\/img\/not_image.png\" class=\" lazy \" width=\"100%\" height=\"100%\" alt=\"Soldados en la ciudad ucraniana de Jerson Foto AFP\"><figcaption> Soldados en la ciudad ucraniana de Jerson \/ Foto: AFP <\/figcaption><\/figure>\n<p>En cuanto a Crimea, afirm\u00f3 que \u00ab<strong>es uno de los principales objetivos recuperar la totalidad de este territorio<\/strong>\u00ab.<\/p>\n<p>\u00abEs nuestro territorio soberano, una parte inalienable de nuestra naci\u00f3n\u00bb, concluy\u00f3 Zelenski, citado tambi\u00e9n por la agencia de noticias Europa Press.<\/p>\n<p>El puente de Crimea, infraestructura con la que el Kremlin demuestra su control sobre la pen\u00ednsula, fue escenario de dos importantes ataques desde el estallido de la guerra en febrero de 2022.<\/p>\n<p>El primero de ellos se produjo en octubre y el restante la semana pasada, dejando dos muertos. <\/p>\n","protected":false},"excerpt":{"rendered":"<p>Zelenski, debatiendo con asesores y mandos militares la contraofensiva \/ Foto: AFP El presidente de Ucrania, Volodimir Zelenski, admiti\u00f3 este viernes que a pesar de la ayuda militar que recibe de las potencias occidentales, la anunciada contraofensiva para recobrar terreno perdido a manos de Rusia avanza m\u00e1s lento de lo esperado. \u00abTen\u00edamos planes para comenzar [&hellip;]<\/p>\n","protected":false},"author":1,"featured_media":63666,"comment_status":"open","ping_status":"closed","sticky":false,"template":"","format":"standard","meta":[],"categories":[24],"tags":[],"_links":{"self":[{"href":"http:\/\/hoycordobaweb.com\/index.php\/wp-json\/wp\/v2\/posts\/63665"}],"collection":[{"href":"http:\/\/hoycordobaweb.com\/index.php\/wp-json\/wp\/v2\/posts"}],"about":[{"href":"http:\/\/hoycordobaweb.com\/index.php\/wp-json\/wp\/v2\/types\/post"}],"author":[{"embeddable":true,"href":"http:\/\/hoycordobaweb.com\/index.php\/wp-json\/wp\/v2\/users\/1"}],"replies":[{"embeddable":true,"href":"http:\/\/hoycordobaweb.com\/index.php\/wp-json\/wp\/v2\/comments?post=63665"}],"version-history":[{"count":0,"href":"http:\/\/hoycordobaweb.com\/index.php\/wp-json\/wp\/v2\/posts\/63665\/revisions"}],"wp:featuredmedia":[{"embeddable":true,"href":"http:\/\/hoycordobaweb.com\/index.php\/wp-json\/wp\/v2\/media\/63666"}],"wp:attachment":[{"href":"http:\/\/hoycordobaweb.com\/index.php\/wp-json\/wp\/v2\/media?parent=63665"}],"wp:term":[{"taxonomy":"category","embeddable":true,"href":"http:\/\/hoycordobaweb.com\/index.php\/wp-json\/wp\/v2\/categories?post=63665"},{"taxonomy":"post_tag","embeddable":true,"href":"http:\/\/hoycordobaweb.com\/index.php\/wp-json\/wp\/v2\/tags?post=63665"}],"curies":[{"name":"wp","href":"https:\/\/api.w.org\/{rel}","templated":true}]}}