{"id":63660,"date":"2023-07-21T12:36:00","date_gmt":"2023-07-21T12:36:00","guid":{"rendered":"https:\/\/fm-comunicar.com.ar\/contenido\/20412\/en-agosto-comienza-un-nuevo-curso-alfabetizacion-digital-para-adultos"},"modified":"2023-07-21T12:36:00","modified_gmt":"2023-07-21T12:36:00","slug":"en-agosto-comienza-un-nuevo-curso-alfabetizacion-digital-para-adultos","status":"publish","type":"post","link":"http:\/\/hoycordobaweb.com\/index.php\/2023\/07\/21\/en-agosto-comienza-un-nuevo-curso-alfabetizacion-digital-para-adultos\/","title":{"rendered":"En agosto comienza un nuevo curso alfabetizaci\u00f3n digital para adultos"},"content":{"rendered":"<p>Se dictar\u00e1 desde el viernes 4, en la Asociaci\u00f3n de Jubilados de Jes\u00fas Mar\u00eda y Colonia Caroya. Las inscripciones se realizan por tel\u00e9fono.\u00a0El espacio busca promover las habilidades digitales con el uso de herramientas b\u00e1sicas.<img src=\"http:\/\/hoycordobaweb.com\/wp-content\/uploads\/2023\/07\/en-agosto-comienza-un-nuevo-curso-alfabetizacion-digital-para-adultos.jpg\"><\/p>\n","protected":false},"excerpt":{"rendered":"<p>Se dictar\u00e1 desde el viernes 4, en la Asociaci\u00f3n de Jubilados de Jes\u00fas Mar\u00eda y Colonia Caroya. Las inscripciones se realizan por tel\u00e9fono.\u00a0El espacio busca promover las habilidades digitales con el uso de herramientas b\u00e1sicas.<\/p>\n","protected":false},"author":1,"featured_media":63661,"comment_status":"closed","ping_status":"closed","sticky":false,"template":"","format":"standard","meta":[],"categories":[18],"tags":[],"_links":{"self":[{"href":"http:\/\/hoycordobaweb.com\/index.php\/wp-json\/wp\/v2\/posts\/63660"}],"collection":[{"href":"http:\/\/hoycordobaweb.com\/index.php\/wp-json\/wp\/v2\/posts"}],"about":[{"href":"http:\/\/hoycordobaweb.com\/index.php\/wp-json\/wp\/v2\/types\/post"}],"author":[{"embeddable":true,"href":"http:\/\/hoycordobaweb.com\/index.php\/wp-json\/wp\/v2\/users\/1"}],"replies":[{"embeddable":true,"href":"http:\/\/hoycordobaweb.com\/index.php\/wp-json\/wp\/v2\/comments?post=63660"}],"version-history":[{"count":0,"href":"http:\/\/hoycordobaweb.com\/index.php\/wp-json\/wp\/v2\/posts\/63660\/revisions"}],"wp:featuredmedia":[{"embeddable":true,"href":"http:\/\/hoycordobaweb.com\/index.php\/wp-json\/wp\/v2\/media\/63661"}],"wp:attachment":[{"href":"http:\/\/hoycordobaweb.com\/index.php\/wp-json\/wp\/v2\/media?parent=63660"}],"wp:term":[{"taxonomy":"category","embeddable":true,"href":"http:\/\/hoycordobaweb.com\/index.php\/wp-json\/wp\/v2\/categories?post=63660"},{"taxonomy":"post_tag","embeddable":true,"href":"http:\/\/hoycordobaweb.com\/index.php\/wp-json\/wp\/v2\/tags?post=63660"}],"curies":[{"name":"wp","href":"https:\/\/api.w.org\/{rel}","templated":true}]}}