{"id":63642,"date":"2023-07-20T18:48:23","date_gmt":"2023-07-20T18:48:23","guid":{"rendered":"https:\/\/www.trendencias.com\/shopping\/mejores-alfombras-que-dejaran-perfecto-tu-salon-este-verano"},"modified":"2023-07-20T18:48:23","modified_gmt":"2023-07-20T18:48:23","slug":"las-mejores-alfombras-que-dejaran-perfecto-tu-salon-este-verano","status":"publish","type":"post","link":"http:\/\/hoycordobaweb.com\/index.php\/2023\/07\/20\/las-mejores-alfombras-que-dejaran-perfecto-tu-salon-este-verano\/","title":{"rendered":"Las mejores alfombras que dejar\u00e1n perfecto tu sal\u00f3n este verano"},"content":{"rendered":"<p>El verano es una \u00e9poca que<strong> invita a estar descalzas en casa<\/strong>, aunque es verdad que a veces no apetece tanto estar pisando el suelo. Por eso, es interesante hacerse con una buena alfombra que no d\u00e9 calor pero que s\u00ed decore mucho nuestra salita o habitaci\u00f3n. Y si es a buen precio, mejor a\u00fan.<\/p>\n<p><!-- BREAK 1 --><\/p>\n<p>Para ayudarte en tu b\u00fasqueda de la alfombra perfecta, te traemos una selecci\u00f3n con las <strong>cinco mejores alfombras<\/strong> que querr\u00e1s tener todo el a\u00f1o contigo y a unos precios sensacionales. \u00a1Presta atenci\u00f3n!<\/p>\n<p><!-- BREAK 2 --><\/p>\n<h2>Tiphede de Ikea<\/h2>\n<div class=\"article-asset-image article-asset-normal article-asset-center\">\n<div class=\"asset-content\">\n<div class=\"base-wrapper-image\"> <img class=\"sf-lazy centro_sinmarco\" data-sf-srcset=\"http:\/\/hoycordobaweb.com\/wp-content\/uploads\/2023\/07\/las-mejores-alfombras-que-dejaran-perfecto-tu-salon-este-verano.png 450w, http:\/\/hoycordobaweb.com\/wp-content\/uploads\/2023\/07\/las-mejores-alfombras-que-dejaran-perfecto-tu-salon-este-verano-6.png 681w,http:\/\/hoycordobaweb.com\/wp-content\/uploads\/2023\/07\/las-mejores-alfombras-que-dejaran-perfecto-tu-salon-este-verano-7.png 1024w, http:\/\/hoycordobaweb.com\/wp-content\/uploads\/2023\/07\/las-mejores-alfombras-que-dejaran-perfecto-tu-salon-este-verano-8.png 1366w,\" data-sf-src=\"http:\/\/hoycordobaweb.com\/wp-content\/uploads\/2023\/07\/las-mejores-alfombras-que-dejaran-perfecto-tu-salon-este-verano.png\" alt=\"alfombra\"> <noscript><img alt=\"alfombra\" class=\"centro_sinmarco\" src=\"http:\/\/hoycordobaweb.com\/wp-content\/uploads\/2023\/07\/las-mejores-alfombras-que-dejaran-perfecto-tu-salon-este-verano.png\"><\/noscript> <\/div><\/div>\n<\/div>\n<p>Ikea siempre tiene la opci\u00f3n asequible de calidad que est\u00e1bamos esperando. Los suecos no decepcionan con su alfombra Tiphede. <strong>Sencilla y finita, mide 120&#215;180 cent\u00edmetros<\/strong> y puedes elegir entre un modelo m\u00e1s blanco u otro m\u00e1s oscuro, seg\u00fan tus necesidades. Lo mejor es que a todas estas ventajas se suma su precio: <a class=\"js-ecommerce\" href=\"https:\/\/www.trendencias.com\/redirect?url=https%3A%2F%2Fwww.ikea.com%2Fes%2Fes%2Fp%2Ftiphede-alfombra-natural-negro-40456757%2F&amp;category=shopping&amp;ecomPostExpiration=everlasting\" data-vars-affiliate-url=\"https:\/\/www.trendencias.com\/redirect?url=https%3A%2F%2Fwww.ikea.com%2Fes%2Fes%2Fp%2Ftiphede-alfombra-natural-negro-40456757%2F&amp;category=shopping&amp;ecomPostExpiration=everlasting\">9,99<\/a> euros en la web de la tienda.<\/p>\n<p><!-- BREAK 3 --><!-- PIVOT START --><\/p>\n<div class=\"pivot-ecommerce-container\">\n<div class=\"pivot-ecommerce\">\n<div class=\"pivot-ecommerce-figure\"> <a rel=\"nofollow noopener noreferrer\" target=\"_blank\" href=\"https:\/\/www.trendencias.com\/redirect?url=https%3A%2F%2Fwww.ikea.com%2Fes%2Fes%2Fp%2Ftiphede-alfombra-natural-negro-40456757%2F&amp;category=shopping&amp;pivot=1&amp;ecomPostExpiration=everlasting\"> <img alt=\"TIPHEDE\" src=\"http:\/\/hoycordobaweb.com\/wp-content\/uploads\/2023\/07\/las-mejores-alfombras-que-dejaran-perfecto-tu-salon-este-verano-1.png\"> <\/a> <\/div><\/div>\n<\/div>\n<p><!-- PIVOT END --><\/p>\n<h2>Alfombra trenzada de yute<\/h2>\n<div class=\"article-asset-image article-asset-normal article-asset-center\">\n<div class=\"asset-content\">\n<div class=\"base-wrapper-image\"> <img class=\"sf-lazy centro_sinmarco\" data-sf-srcset=\"http:\/\/hoycordobaweb.com\/wp-content\/uploads\/2023\/07\/las-mejores-alfombras-que-dejaran-perfecto-tu-salon-este-verano.jpg 450w, http:\/\/hoycordobaweb.com\/wp-content\/uploads\/2023\/07\/las-mejores-alfombras-que-dejaran-perfecto-tu-salon-este-verano-10.jpg 681w,http:\/\/hoycordobaweb.com\/wp-content\/uploads\/2023\/07\/las-mejores-alfombras-que-dejaran-perfecto-tu-salon-este-verano-11.jpg 1024w, http:\/\/hoycordobaweb.com\/wp-content\/uploads\/2023\/07\/las-mejores-alfombras-que-dejaran-perfecto-tu-salon-este-verano-12.jpg 1366w,\" data-sf-src=\"http:\/\/hoycordobaweb.com\/wp-content\/uploads\/2023\/07\/las-mejores-alfombras-que-dejaran-perfecto-tu-salon-este-verano.jpg\" alt=\"alfombra\"> <noscript><img alt=\"alfombra\" class=\"centro_sinmarco\" src=\"http:\/\/hoycordobaweb.com\/wp-content\/uploads\/2023\/07\/las-mejores-alfombras-que-dejaran-perfecto-tu-salon-este-verano.jpg\"><\/noscript> <\/div><\/div>\n<\/div>\n<p>Las <strong>alfombras de yute<\/strong> son un seguro que funcionan siempre. Este modelo, de un metro de di\u00e1metro, adem\u00e1s te aporta dise\u00f1o con ese modelo circular con peque\u00f1os c\u00edrculos alrededor. Hasta las cosas m\u00e1s sencillas pueden acabar con la monoton\u00eda y darnos el toque de estilo que necesitamos. Puedes comprarla en Amazon por <a class=\"js-ecommerce\" href=\"https:\/\/www.trendencias.com\/redirect?url=https%3A%2F%2Fwww.amazon.es%2FAlfombra-Trenzada-c%25C3%25ADrculos-Natural-Yute%2Fdp%2FB09VLG5JDC%2Fref%3Dsr_1_15%3F__mk_es_ES%3D%25C3%2585M%25C3%2585%25C5%25BD%25C3%2595%25C3%2591%26keywords%3Dalfombra%252Byute%26qid%3D1689869556%26sr%3D8-15%26th%3D1&amp;category=shopping&amp;ecomPostExpiration=everlasting\" data-vars-affiliate-url=\"https:\/\/www.trendencias.com\/redirect?url=https%3A%2F%2Fwww.amazon.es%2FAlfombra-Trenzada-c%25C3%25ADrculos-Natural-Yute%2Fdp%2FB09VLG5JDC%2Fref%3Dsr_1_15%3F__mk_es_ES%3D%25C3%2585M%25C3%2585%25C5%25BD%25C3%2595%25C3%2591%26keywords%3Dalfombra%252Byute%26qid%3D1689869556%26sr%3D8-15%26th%3D1&amp;category=shopping&amp;ecomPostExpiration=everlasting\">29,95 euros<\/a>.<\/p>\n<p><!-- BREAK 4 --><!-- PIVOT START --><\/p>\n<div class=\"pivot-ecommerce-container\">\n<div class=\"pivot-ecommerce\" readability=\"4.4854368932039\">\n<div class=\"pivot-ecommerce-figure\"> <a rel=\"nofollow noopener noreferrer\" target=\"_blank\" href=\"https:\/\/www.trendencias.com\/redirect?url=https%3A%2F%2Fwww.amazon.es%2Fdp%2FB09VLG5JDC%3Ftag%3Dtrendencias-21%26linkCode%3Dogi%26th%3D1%26psc%3D1&amp;category=shopping&amp;pivot=1&amp;ecomPostExpiration=everlasting\"> <img alt=\"LOLAhome Alfombra Trenzada con c\u00edrculos Natural de Yute Natural (\u00d8 100 cm)\" src=\"http:\/\/hoycordobaweb.com\/wp-content\/uploads\/2023\/07\/las-mejores-alfombras-que-dejaran-perfecto-tu-salon-este-verano-1.jpg\"> <\/a> <\/div>\n<div class=\"pivot-ecommerce-summary\" readability=\"5.2330097087379\">\n<p class=\"pivot-ecommerce-desc\">LOLAhome Alfombra Trenzada con c\u00edrculos Natural de Yute Natural (\u00d8 100 cm)<\/p>\n<\/p><\/div><\/div>\n<\/div>\n<p><!-- PIVOT END --><\/p>\n<h2>Str\u00f6g de Ikea<\/h2>\n<div class=\"article-asset-image article-asset-normal article-asset-center\">\n<div class=\"asset-content\">\n<div class=\"base-wrapper-image\"> <img class=\"sf-lazy centro_sinmarco\" data-sf-srcset=\"http:\/\/hoycordobaweb.com\/wp-content\/uploads\/2023\/07\/las-mejores-alfombras-que-dejaran-perfecto-tu-salon-este-verano-2.png 450w, http:\/\/hoycordobaweb.com\/wp-content\/uploads\/2023\/07\/las-mejores-alfombras-que-dejaran-perfecto-tu-salon-este-verano-9.png 681w,http:\/\/hoycordobaweb.com\/wp-content\/uploads\/2023\/07\/las-mejores-alfombras-que-dejaran-perfecto-tu-salon-este-verano-10.png 1024w, http:\/\/hoycordobaweb.com\/wp-content\/uploads\/2023\/07\/las-mejores-alfombras-que-dejaran-perfecto-tu-salon-este-verano-11.png 1366w,\" data-sf-src=\"http:\/\/hoycordobaweb.com\/wp-content\/uploads\/2023\/07\/las-mejores-alfombras-que-dejaran-perfecto-tu-salon-este-verano-2.png\" alt=\"alfombra\"> <noscript><img alt=\"alfombra\" class=\"centro_sinmarco\" src=\"http:\/\/hoycordobaweb.com\/wp-content\/uploads\/2023\/07\/las-mejores-alfombras-que-dejaran-perfecto-tu-salon-este-verano-2.png\"><\/noscript> <\/div><\/div>\n<\/div>\n<p>Nuevamente la tienda sueca nos propone una gran opci\u00f3n para nuestra salida. En este caso, la Str\u00f6g es una alfombra de mayor tama\u00f1o, 120&#215;180, y algo m\u00e1s gruesa pero fabricada en yute natural. Sus tonos neutros aportan armon\u00eda a nuestra casa y combina a la perfecci\u00f3n con cualquier dise\u00f1o. Puedes hacerte con ella por <a class=\"js-ecommerce\" href=\"https:\/\/www.trendencias.com\/redirect?url=https%3A%2F%2Fwww.ikea.com%2Fes%2Fes%2Fp%2Fstrog-alfombra-natural-10527049%2F&amp;category=shopping&amp;ecomPostExpiration=everlasting\" data-vars-affiliate-url=\"https:\/\/www.trendencias.com\/redirect?url=https%3A%2F%2Fwww.ikea.com%2Fes%2Fes%2Fp%2Fstrog-alfombra-natural-10527049%2F&amp;category=shopping&amp;ecomPostExpiration=everlasting\">39,99 euros<\/a> en Ikea.<\/p>\n<p><!-- BREAK 5 --><!-- PIVOT START --><\/p>\n<div class=\"pivot-ecommerce-container\">\n<div class=\"pivot-ecommerce\">\n<div class=\"pivot-ecommerce-figure\"> <a rel=\"nofollow noopener noreferrer\" target=\"_blank\" href=\"https:\/\/www.trendencias.com\/redirect?url=https%3A%2F%2Fwww.ikea.com%2Fes%2Fes%2Fp%2Fstrog-alfombra-natural-10527049%2F&amp;category=shopping&amp;pivot=1&amp;ecomPostExpiration=everlasting\"> <img alt=\"STR\u00d6G\" src=\"http:\/\/hoycordobaweb.com\/wp-content\/uploads\/2023\/07\/las-mejores-alfombras-que-dejaran-perfecto-tu-salon-este-verano-3.png\"> <\/a> <\/div><\/div>\n<\/div>\n<p><!-- PIVOT END --><\/p>\n<div class=\"article-asset article-asset-normal article-asset-center\">\n<div class=\"desvio-container\">\n<div class=\"desvio\">\n<div class=\"desvio-figure js-desvio-figure\"> <a href=\"https:\/\/www.trendencias.com\/shopping\/lidl-decora-nuestra-terraza-alfombra-reversible-que-le-dara-toque-elegante-9-euros\"> <img alt=\"Lidl decora nuestra terraza con la alfombra reversible que le dar\u00e1 un toque elegante por menos de 9 euros \" src=\"http:\/\/hoycordobaweb.com\/wp-content\/uploads\/2023\/07\/las-mejores-alfombras-que-dejaran-perfecto-tu-salon-este-verano-2.jpg\"> <\/a> <\/div><\/div><\/div>\n<\/div>\n<h2><\/h2>\n<h2>Alfombra redonda de yute<\/h2>\n<div class=\"article-asset-image article-asset-normal article-asset-center\">\n<div class=\"asset-content\">\n<div class=\"base-wrapper-image\"> <img class=\"sf-lazy centro_sinmarco\" data-sf-srcset=\"http:\/\/hoycordobaweb.com\/wp-content\/uploads\/2023\/07\/las-mejores-alfombras-que-dejaran-perfecto-tu-salon-este-verano-3.jpg 450w, http:\/\/hoycordobaweb.com\/wp-content\/uploads\/2023\/07\/las-mejores-alfombras-que-dejaran-perfecto-tu-salon-este-verano-13.jpg 681w,http:\/\/hoycordobaweb.com\/wp-content\/uploads\/2023\/07\/las-mejores-alfombras-que-dejaran-perfecto-tu-salon-este-verano-14.jpg 1024w, http:\/\/hoycordobaweb.com\/wp-content\/uploads\/2023\/07\/las-mejores-alfombras-que-dejaran-perfecto-tu-salon-este-verano-15.jpg 1366w,\" data-sf-src=\"http:\/\/hoycordobaweb.com\/wp-content\/uploads\/2023\/07\/las-mejores-alfombras-que-dejaran-perfecto-tu-salon-este-verano-3.jpg\" alt=\"alfombra\"> <noscript><img alt=\"alfombra\" class=\"centro_sinmarco\" src=\"http:\/\/hoycordobaweb.com\/wp-content\/uploads\/2023\/07\/las-mejores-alfombras-que-dejaran-perfecto-tu-salon-este-verano-3.jpg\"><\/noscript> <\/div><\/div>\n<\/div>\n<p>Si lo que buscas es <strong>sencillez pero sin perder calidad<\/strong>, tenemos lo que necesitas. Esta alfombra de yute natural completamente redonda hecha a mano se convertir\u00e1 en tu favorita. Con un di\u00e1metro de 1,5 metros,, servir\u00e1 para decorar tu casa, tu cuarto, tu salita y todo lo que necesites. Disponible por <a class=\"js-ecommerce\" href=\"https:\/\/www.trendencias.com\/redirect?url=https%3A%2F%2Fwww.amazon.es%2FHAMID-Alfombra-Granada-Dormitorio-150x150cm%2Fdp%2FB084MK3HSK%2Fref%3Dsr_1_23%3F__mk_es_ES%3D%25C3%2585M%25C3%2585%25C5%25BD%25C3%2595%25C3%2591%26keywords%3Dalfombra%252Byute%26qid%3D1689869556%26sr%3D8-23%26th%3D1&amp;category=shopping&amp;ecomPostExpiration=everlasting\" data-vars-affiliate-url=\"https:\/\/www.trendencias.com\/redirect?url=https%3A%2F%2Fwww.amazon.es%2FHAMID-Alfombra-Granada-Dormitorio-150x150cm%2Fdp%2FB084MK3HSK%2Fref%3Dsr_1_23%3F__mk_es_ES%3D%25C3%2585M%25C3%2585%25C5%25BD%25C3%2595%25C3%2591%26keywords%3Dalfombra%252Byute%26qid%3D1689869556%26sr%3D8-23%26th%3D1&amp;category=shopping&amp;ecomPostExpiration=everlasting\">49,90 euros<\/a> en Amazon.<\/p>\n<p><!-- BREAK 6 --><!-- PIVOT START --><\/p>\n<div class=\"pivot-ecommerce-container\">\n<div class=\"pivot-ecommerce\" readability=\"8.7128712871287\">\n<div class=\"pivot-ecommerce-figure\"> <a rel=\"nofollow noopener noreferrer\" target=\"_blank\" href=\"https:\/\/www.trendencias.com\/redirect?url=https%3A%2F%2Fwww.amazon.es%2Fdp%2FB084MK3HSK%3Ftag%3Dtrendencias-21%26linkCode%3Dogi%26th%3D1%26psc%3D1&amp;category=shopping&amp;pivot=1&amp;ecomPostExpiration=everlasting\"> <img alt=\"Hamid - Alfombra de Yute Granada Redonda 100% Fibra de Yute Natural, Alfombra Suave, Tejida a Mano, Alfombra de Sal\u00f3n, Dormitorio, Terraza, Entrada, Color Natural (150x150cm)\" src=\"http:\/\/hoycordobaweb.com\/wp-content\/uploads\/2023\/07\/las-mejores-alfombras-que-dejaran-perfecto-tu-salon-este-verano-4.jpg\"> <\/a> <\/div>\n<div class=\"pivot-ecommerce-summary\" readability=\"13.069306930693\">\n<p class=\"pivot-ecommerce-desc\">Hamid &#8211; Alfombra de Yute Granada Redonda 100% Fibra de Yute Natural, Alfombra Suave, Tejida a Mano, Alfombra de Sal\u00f3n, Dormitorio, Terraza, Entrada, Color Natural (150x150cm)<\/p>\n<\/p><\/div><\/div>\n<\/div>\n<p><!-- PIVOT END --><\/p>\n<h2>Alfombra rectangular de yute<\/h2>\n<div class=\"article-asset-image article-asset-normal article-asset-center\">\n<div class=\"asset-content\">\n<div class=\"base-wrapper-image\"> <img class=\"sf-lazy centro_sinmarco\" data-sf-srcset=\"http:\/\/hoycordobaweb.com\/wp-content\/uploads\/2023\/07\/las-mejores-alfombras-que-dejaran-perfecto-tu-salon-este-verano-5.jpg 450w, http:\/\/hoycordobaweb.com\/wp-content\/uploads\/2023\/07\/las-mejores-alfombras-que-dejaran-perfecto-tu-salon-este-verano-16.jpg 681w,http:\/\/hoycordobaweb.com\/wp-content\/uploads\/2023\/07\/las-mejores-alfombras-que-dejaran-perfecto-tu-salon-este-verano-17.jpg 1024w, http:\/\/hoycordobaweb.com\/wp-content\/uploads\/2023\/07\/las-mejores-alfombras-que-dejaran-perfecto-tu-salon-este-verano-18.jpg 1366w,\" data-sf-src=\"http:\/\/hoycordobaweb.com\/wp-content\/uploads\/2023\/07\/las-mejores-alfombras-que-dejaran-perfecto-tu-salon-este-verano-5.jpg\" alt=\"alfombra\"> <noscript><img alt=\"alfombra\" class=\"centro_sinmarco\" src=\"http:\/\/hoycordobaweb.com\/wp-content\/uploads\/2023\/07\/las-mejores-alfombras-que-dejaran-perfecto-tu-salon-este-verano-5.jpg\"><\/noscript> <\/div><\/div>\n<\/div>\n<p>Disponible en color natural, gris y blanco, esta perfecta alfombra rectangular de yute hecha a mano mide 50&#215;70 y quedar\u00e1 ideal en tu estancia preferida. Adem\u00e1s de su dise\u00f1o perfecto, cuenta con unos <strong>rebordes reforzados de yute<\/strong> que evitar\u00e1n que, con el tiempo, alg\u00fan hilo pueda soltarse. Lo mejor, es que la puedes comprar por <a class=\"js-ecommerce\" href=\"https:\/\/www.trendencias.com\/redirect?url=https%3A%2F%2Fwww.amazon.es%2FHAMID-Alfombra-Granada-Dormitorio-Pasillos%2Fdp%2FB084MK7J7P%2Fref%3Dsr_1_6%3F__mk_es_ES%3D%25C3%2585M%25C3%2585%25C5%25BD%25C3%2595%25C3%2591%26keywords%3Dalfombra%252Byute%26qid%3D1689869556%26sr%3D8-6%26th%3D1&amp;category=shopping&amp;ecomPostExpiration=everlasting\" data-vars-affiliate-url=\"https:\/\/www.trendencias.com\/redirect?url=https%3A%2F%2Fwww.amazon.es%2FHAMID-Alfombra-Granada-Dormitorio-Pasillos%2Fdp%2FB084MK7J7P%2Fref%3Dsr_1_6%3F__mk_es_ES%3D%25C3%2585M%25C3%2585%25C5%25BD%25C3%2595%25C3%2591%26keywords%3Dalfombra%252Byute%26qid%3D1689869556%26sr%3D8-6%26th%3D1&amp;category=shopping&amp;ecomPostExpiration=everlasting\">28,70 euros<\/a> en Amazon.<\/p>\n<p><!-- BREAK 7 --><!-- PIVOT START --><\/p>\n<div class=\"pivot-ecommerce-container\">\n<div class=\"pivot-ecommerce\" readability=\"9.1485148514851\">\n<div class=\"pivot-ecommerce-figure\"> <a rel=\"nofollow noopener noreferrer\" target=\"_blank\" href=\"https:\/\/www.trendencias.com\/redirect?url=https%3A%2F%2Fwww.amazon.es%2Fdp%2FB084MK7J7P%3Ftag%3Dtrendencias-21%26linkCode%3Dogi%26th%3D1%26psc%3D1&amp;category=shopping&amp;pivot=1&amp;ecomPostExpiration=everlasting\"> <img alt=\"HAMID - Alfombra de Yute Granada 100% Fibra de Yute Natural, Alfombra Suave, Tejida a Mano, Alfombra de Sal\u00f3n, Comedor, Dormitorio, Pasillos, Entrada, Color Natural (70x50cm)\" src=\"http:\/\/hoycordobaweb.com\/wp-content\/uploads\/2023\/07\/las-mejores-alfombras-que-dejaran-perfecto-tu-salon-este-verano-6.jpg\"> <\/a> <\/div>\n<div class=\"pivot-ecommerce-summary\" readability=\"13.940594059406\">\n<p class=\"pivot-ecommerce-desc\">HAMID &#8211; Alfombra de Yute Granada 100% Fibra de Yute Natural, Alfombra Suave, Tejida a Mano, Alfombra de Sal\u00f3n, Comedor, Dormitorio, Pasillos, Entrada, Color Natural (70x50cm)<\/p>\n<\/p><\/div><\/div>\n<\/div>\n<p><!-- PIVOT END --><\/p>\n<h2><strong>Las editoras de Trendencias recomiendan<\/strong><\/h2>\n<p><!-- PIVOT START --><\/p>\n<div class=\"pivot-ecommerce-container\">\n<div class=\"pivot-ecommerce\" readability=\"8.7677725118483\">\n<div class=\"pivot-ecommerce-figure\"> <a rel=\"nofollow noopener noreferrer\" target=\"_blank\" href=\"https:\/\/www.trendencias.com\/redirect?url=https%3A%2F%2Fwww.amazon.es%2Fdp%2FB072JH5CRV%3Ftag%3Dtrendencias-21%26linkCode%3Dogi%26th%3D1%26psc%3D1&amp;category=shopping&amp;pivot=1&amp;ecomPostExpiration=everlasting\"> <img alt=\"Casa Pura Bonita | Dise\u00f1o de almazuela Dise\u00f1o Vintage | Alfombra de Pasillo Moderna para Piso, Pasillo, Cocina, Dormitorio, Baja Flor Piso Camino, Camino de Cocina, Lana, 80 x 400 cm\" src=\"http:\/\/hoycordobaweb.com\/wp-content\/uploads\/2023\/07\/las-mejores-alfombras-que-dejaran-perfecto-tu-salon-este-verano-7.jpg\"> <\/a> <\/div>\n<div class=\"pivot-ecommerce-summary\" readability=\"13.151658767773\">\n<p class=\"pivot-ecommerce-desc\">Casa Pura Bonita | Dise\u00f1o de almazuela Dise\u00f1o Vintage | Alfombra de Pasillo Moderna para Piso, Pasillo, Cocina, Dormitorio, Baja Flor Piso Camino, Camino de Cocina, Lana, 80 x 400 cm<\/p>\n<\/p><\/div><\/div>\n<\/div>\n<p><!-- PIVOT END --><br \/>\n<!-- PIVOT START --><\/p>\n<div class=\"pivot-ecommerce-container\">\n<div class=\"pivot-ecommerce\" readability=\"4.9056603773585\">\n<div class=\"pivot-ecommerce-figure\"> <a rel=\"nofollow noopener noreferrer\" target=\"_blank\" href=\"https:\/\/www.trendencias.com\/redirect?url=https%3A%2F%2Fwww.amazon.es%2Fdp%2FB07DD8D2L6%3Ftag%3Dtrendencias-21%26linkCode%3Dogi%26th%3D1%26psc%3D1&amp;category=shopping&amp;pivot=1&amp;ecomPostExpiration=everlasting\"> <img alt=\"Paco Home Alfombra Interior\/Exterior Turquesa Rosa Amarillo, tama\u00f1o:240x340 cm\" src=\"http:\/\/hoycordobaweb.com\/wp-content\/uploads\/2023\/07\/las-mejores-alfombras-que-dejaran-perfecto-tu-salon-este-verano-8.jpg\"> <\/a> <\/div>\n<div class=\"pivot-ecommerce-summary\" readability=\"6.0377358490566\">\n<p class=\"pivot-ecommerce-desc\">Paco Home Alfombra Interior\/Exterior Turquesa Rosa Amarillo, tama\u00f1o:240&#215;340 cm<\/p>\n<\/p><\/div><\/div>\n<\/div>\n<p><!-- PIVOT END --><br \/>\n<!-- PIVOT START --><\/p>\n<div class=\"pivot-ecommerce-container\">\n<div class=\"pivot-ecommerce\" readability=\"6.2086092715232\">\n<div class=\"pivot-ecommerce-figure\"> <a rel=\"nofollow noopener noreferrer\" target=\"_blank\" href=\"https:\/\/www.trendencias.com\/redirect?url=https%3A%2F%2Fwww.amazon.es%2Fdp%2FB08YDRBRYC%3Ftag%3Dtrendencias-21%26linkCode%3Dogi%26th%3D1%26psc%3D1&amp;category=shopping&amp;pivot=1&amp;ecomPostExpiration=everlasting\"> <img alt=\"Paco Home Alfombra Exterior Interior Balc\u00f3n Terraza Alfombra Cocina Monocolor Jaspeado, tama\u00f1o:160x220 cm, Color:Antracita\" src=\"http:\/\/hoycordobaweb.com\/wp-content\/uploads\/2023\/07\/las-mejores-alfombras-que-dejaran-perfecto-tu-salon-este-verano-9.jpg\"> <\/a> <\/div>\n<div class=\"pivot-ecommerce-summary\" readability=\"8.2781456953642\">\n<p class=\"pivot-ecommerce-desc\">Paco Home Alfombra Exterior Interior Balc\u00f3n Terraza Alfombra Cocina Monocolor Jaspeado, tama\u00f1o:160&#215;220 cm, Color:Antracita<\/p>\n<\/p><\/div><\/div>\n<\/div>\n<p><!-- PIVOT END --><\/p>\n<div class=\"article-asset-image article-asset-small article-asset-center\">\n<div class=\"asset-content\">\n<div class=\"base-wrapper-image\"> <a href=\"https:\/\/t.me\/trendenciasshop\"> <img class=\"sf-lazy centro_sinmarco\" data-sf-srcset=\"http:\/\/hoycordobaweb.com\/wp-content\/uploads\/2023\/07\/las-mejores-alfombras-que-dejaran-perfecto-tu-salon-este-verano-4.png 450w, http:\/\/hoycordobaweb.com\/wp-content\/uploads\/2023\/07\/las-mejores-alfombras-que-dejaran-perfecto-tu-salon-este-verano-12.png 681w,http:\/\/hoycordobaweb.com\/wp-content\/uploads\/2023\/07\/las-mejores-alfombras-que-dejaran-perfecto-tu-salon-este-verano-13.png 1024w, http:\/\/hoycordobaweb.com\/wp-content\/uploads\/2023\/07\/las-mejores-alfombras-que-dejaran-perfecto-tu-salon-este-verano-14.png 1366w,\" data-sf-src=\"http:\/\/hoycordobaweb.com\/wp-content\/uploads\/2023\/07\/las-mejores-alfombras-que-dejaran-perfecto-tu-salon-este-verano-4.png\" alt=\"telegram\"> <noscript><img alt=\"telegram\" class=\"centro_sinmarco\" src=\"http:\/\/hoycordobaweb.com\/wp-content\/uploads\/2023\/07\/las-mejores-alfombras-que-dejaran-perfecto-tu-salon-este-verano-4.png\"><\/noscript> <\/a> <\/div><\/div>\n<\/div>\n<p><em>Puedes estar al d\u00eda y en cada momento informado de las principales ofertas y novedades de Trendencias Shopping en nuestro canal de <\/em><a href=\"https:\/\/t.me\/trendenciasshop\" rel=\"noopener noreferrer\" data-id=\"noopener noreferrer\"><em>Telegram<\/em><\/a><em> o en nuestros perfiles de <\/em><a href=\"https:\/\/www.instagram.com\/trendencias\/\" rel=\"noopener noreferrer\" data-id=\"noopener noreferrer\"><em>Instagram<\/em><\/a><em>, <\/em><a href=\"https:\/\/www.facebook.com\/Trendencias\/\" rel=\"noopener noreferrer\" data-id=\"noopener noreferrer\"><em>Facebook<\/em><\/a><em> y la revista <\/em><a href=\"https:\/\/flipboard.com\/@Trendencias\" rel=\"noopener noreferrer\" data-id=\"noopener noreferrer\"><em>Flipboard<\/em><\/a><em>. <\/em>Recuerda que puedes suscribirte en <a href=\"http:\/\/amazon.es\/pruebaprime\" rel=\"noopener noreferrer\" data-id=\"noopener noreferrer\">Amazon Prime<\/a> con 30 d\u00edas de prueba gratuita.<\/p>\n<p><!-- BREAK 8 --><\/p>\n<p><em>Nota: a<\/em>lgunos de los enlaces de este art\u00edculo son afiliados y pueden reportar un beneficio a Trendencias<\/p>\n<p><!-- BREAK 9 --><\/p>\n<p>En Trendencias | <a href=\"https:\/\/www.trendencias.com\/propuestas-y-consejos\/estos-vestidos-tendencia-esta-temporada-primavera-verano-2023-vamos-todo\" rel=\"noopener noreferrer\" data-id=\"noopener noreferrer\">Estos son los vestidos tendencia de esta temporada primavera-verano 2023: vamos con todo<\/a><\/p>\n<p><!-- BREAK 10 --><\/p>\n<p>En Trendencias | <a href=\"https:\/\/www.trendencias.com\/propuestas-y-consejos\/estos-regalos-revistas-mes-junio-2023-plancha-pelo-productos-belleza\" rel=\"noopener noreferrer\" data-id=\"noopener noreferrer\">Estos son los regalos de las revistas del mes de junio 2023: desde una plancha de pelo hasta productos de belleza<\/a><\/p>\n<p><!-- BREAK 11 --> <\/p>\n<p>En Trendencias | <a href=\"https:\/\/www.trendencias.com\/propuestas-y-consejos\/gafas-sol-que-seran-tendencia-2023\" rel=\"noopener noreferrer\" data-id=\"noopener noreferrer\">Gafas de sol que ser\u00e1n tendencia en 2023<\/a><\/p>\n<p><!-- BREAK 12 --><\/p>\n<p>Fotos |<a href=\"https:\/\/www.instagram.com\/p\/CuMMz61o1p1\/\">@matiamubysofia<\/a>, Amazon, Ikea<\/p>\n","protected":false},"excerpt":{"rendered":"<p>El verano es una \u00e9poca que invita a estar descalzas en casa, aunque es verdad que a veces no apetece tanto estar pisando el suelo. Por eso, es interesante hacerse con una buena alfombra que no d\u00e9 calor pero que s\u00ed decore mucho nuestra salita o habitaci\u00f3n. Y si es a buen precio, mejor a\u00fan. [&hellip;]<\/p>\n","protected":false},"author":1,"featured_media":63643,"comment_status":"closed","ping_status":"closed","sticky":false,"template":"","format":"standard","meta":[],"categories":[1],"tags":[],"_links":{"self":[{"href":"http:\/\/hoycordobaweb.com\/index.php\/wp-json\/wp\/v2\/posts\/63642"}],"collection":[{"href":"http:\/\/hoycordobaweb.com\/index.php\/wp-json\/wp\/v2\/posts"}],"about":[{"href":"http:\/\/hoycordobaweb.com\/index.php\/wp-json\/wp\/v2\/types\/post"}],"author":[{"embeddable":true,"href":"http:\/\/hoycordobaweb.com\/index.php\/wp-json\/wp\/v2\/users\/1"}],"replies":[{"embeddable":true,"href":"http:\/\/hoycordobaweb.com\/index.php\/wp-json\/wp\/v2\/comments?post=63642"}],"version-history":[{"count":0,"href":"http:\/\/hoycordobaweb.com\/index.php\/wp-json\/wp\/v2\/posts\/63642\/revisions"}],"wp:featuredmedia":[{"embeddable":true,"href":"http:\/\/hoycordobaweb.com\/index.php\/wp-json\/wp\/v2\/media\/63643"}],"wp:attachment":[{"href":"http:\/\/hoycordobaweb.com\/index.php\/wp-json\/wp\/v2\/media?parent=63642"}],"wp:term":[{"taxonomy":"category","embeddable":true,"href":"http:\/\/hoycordobaweb.com\/index.php\/wp-json\/wp\/v2\/categories?post=63642"},{"taxonomy":"post_tag","embeddable":true,"href":"http:\/\/hoycordobaweb.com\/index.php\/wp-json\/wp\/v2\/tags?post=63642"}],"curies":[{"name":"wp","href":"https:\/\/api.w.org\/{rel}","templated":true}]}}