{"id":63634,"date":"2023-07-21T05:56:56","date_gmt":"2023-07-21T05:56:56","guid":{"rendered":"https:\/\/www.mujerhoy.com\/moda\/no-te-pierdas\/novedades-massimo-dutti-hoy-basicos-baratos-vestidos-midi-verano-2023-20230721001911-nt.html"},"modified":"2023-07-21T05:56:56","modified_gmt":"2023-07-21T05:56:56","slug":"lo-nuevo-de-massimo-dutti-que-tienes-que-ver-antes-que-nadie-vestidos-bolsos-y-faldas-para-inaugurar-la-nueva-temporada","status":"publish","type":"post","link":"http:\/\/hoycordobaweb.com\/index.php\/2023\/07\/21\/lo-nuevo-de-massimo-dutti-que-tienes-que-ver-antes-que-nadie-vestidos-bolsos-y-faldas-para-inaugurar-la-nueva-temporada\/","title":{"rendered":"Lo nuevo de Massimo Dutti que tienes que ver antes que nadie: vestidos, bolsos y faldas para inaugurar la nueva temporada"},"content":{"rendered":"<p><!-- AUTHOR --><\/p>\n<div class=\"voc-author-timesocial \"><!-- AUTHOR --><\/p>\n<div class=\"voc-author-timesocial__signature\"><!-- IMAGE AUTHOR --><picture class=\"voc-image-signature\"><img class=\"voc-image-signature__img\" src=\"http:\/\/hoycordobaweb.com\/wp-content\/uploads\/2023\/07\/lo-nuevo-de-massimo-dutti-que-tienes-que-ver-antes-que-nadie-vestidos-bolsos-y-faldas-para-inaugurar-la-nueva-temporada.jpg\" alt=\"Gemma Cano\"><\/picture><!-- INFO AUTHOR --><\/p>\n<div class=\"voc-author-timesocial__info\">\n<div class=\"voc-author-info\"><author><a title=\"GEMMA CANO\" href=\"https:\/\/www.mujerhoy.com\/autor\/gemma-cano-1220.html\" class=\"voc-author\">GEMMA CANO <\/a><\/author><time datetime=\"2023-07-21T05:56:56Z\" data-timestamp>Publicado \u00b7 <span data-voc-date-modified-short>21 de julio de 2023, 07:56 h<\/span><\/time><\/div>\n<\/div>\n<\/div>\n<\/div>\n<p><!-- COMPONENTS --><\/p>\n<p class=\"voc-paragraph\">Aunque queda verano para rato, la <strong>nueva temporada<\/strong> de nuestras tiendas favoritas ha llegado para quedarse. Adem\u00e1s, las rebajas de verano se han reducido a la m\u00ednima expresi\u00f3n. Si salimos de compras estos d\u00edas, podremos comprobar que los <a data-voc-vtm-id=\"in-text-traffic\" href=\"https:\/\/www.mujerhoy.com\/moda\/no-te-pierdas\/vestido-midi-sfera-ropa-barata-agotada-verano-20230524003934-nt.html\">avances de colecci\u00f3n<\/a> ya est\u00e1n por todas partes. <\/p>\n<p class=\"voc-paragraph\">Nuestras tiendas de cabecera, como Massimo Dutti, ya han desplegado todos sus <a data-voc-vtm-id=\"in-text-traffic\" href=\"https:\/\/www.mujerhoy.com\/moda\/no-te-pierdas\/novedades-zara-recien-llegado-tienda-basicos-verano-vestidos-agotados-20230523005556-nt.html\">encantos de nueva temporada<\/a>. \u00bfQu\u00e9 nos proponen esta semana? Vestidos midi con estampados que adelantan el oto\u00f1o, como el tie dye, bolsos de entretiempo en colores neutros, elegantes sandalias con cu\u00f1a de esparto y muchas otras novedades que tienes que a\u00f1adir, s\u00ed o s\u00ed, a tu <strong>lista de deseos<\/strong>.\n<\/p>\n<div class=\"voc-detail-photo-zoom\"><picture data-toggle=\"modal\" data-target=\"#photoZoomModal-834\" target=\"modal\">\n<div class=\"voc-img-icon-link\"><img loading=\"lazy\" data-original=\"\/\/static3.mujerhoy.com\/www\/multimedia\/202307\/21\/media\/cortadas\/zapatos-massimo-dutti-falda-nuevo-zara-kH8D--460x637@MujerHoy.jpeg\" class=\"lazy\" alt=\"Sandalias negras de Massimo Dutti (79,99 euros)\"><noscript><img src=\"http:\/\/hoycordobaweb.com\/wp-content\/uploads\/2023\/07\/lo-nuevo-de-massimo-dutti-que-tienes-que-ver-antes-que-nadie-vestidos-bolsos-y-faldas-para-inaugurar-la-nueva-temporada-1.jpg\" alt=\"Sandalias negras de Massimo Dutti (79,99 euros)\"><\/noscript><i class=\"voc-icons zoom voc-multimedia-box voc-ico-l\"><\/i><\/div><figcaption class=\"figure-caption\">Sandalias negras de Massimo Dutti (79,99 euros)<\/figcaption><\/picture><\/div>\n<div id=\"photoZoomModal-834\" class=\"voc-lightbox modal fade voc-lightbox--photo-zoom\" role=\"dialog\" data-voc-photozoom-lightbox>\n<div class=\"voc-lightbox__dialog\" role=\"document\">\n<div class=\"voc-lightbox__content\"><!-- Modal header --><!-- Modal content --><\/p>\n<div class=\"voc-lightbox__photo-container\"><picture class><img loading=\"lazy\" data-original=\"\/\/static3.mujerhoy.com\/www\/multimedia\/202307\/21\/media\/cortadas\/zapatos-massimo-dutti-falda-nuevo-zara-kH8D--460x637@MujerHoy.jpeg\" alt=\"Sandalias negras de Massimo Dutti (79,99 euros)\" class=\"lazy\"><noscript><img src=\"http:\/\/hoycordobaweb.com\/wp-content\/uploads\/2023\/07\/lo-nuevo-de-massimo-dutti-que-tienes-que-ver-antes-que-nadie-vestidos-bolsos-y-faldas-para-inaugurar-la-nueva-temporada-1.jpg\" alt=\"Sandalias negras de Massimo Dutti (79,99 euros)\"><\/noscript><\/picture><\/div>\n<\/div>\n<\/div>\n<\/div>\n<p><h3 class=\"voc-detail__title\"> Sandalias negras de Massimo Dutti (79,99 euros)<br \/>\n<\/h3>\n<\/p>\n<p class=\"voc-paragraph\">El avance de colecci\u00f3n de la firma apuesta por accesorios en colores menos veraniegos. Este dise\u00f1o con tiras es uno de sus dise\u00f1os estrella.\n<\/p>\n<div class=\"voc-detail-photo-zoom\"><picture data-toggle=\"modal\" data-target=\"#photoZoomModal-77\" target=\"modal\">\n<div class=\"voc-img-icon-link\"><img loading=\"lazy\" data-original=\"\/\/static1.mujerhoy.com\/www\/multimedia\/202307\/21\/media\/cortadas\/sandalia-massimo-dutti-falda-nuevo-zara-kH8D--460x637@MujerHoy.jpeg\" class=\"lazy\" alt=\"Vestido estampado de Massimo Dutti (99,99 euros)\"><noscript><img src=\"http:\/\/hoycordobaweb.com\/wp-content\/uploads\/2023\/07\/lo-nuevo-de-massimo-dutti-que-tienes-que-ver-antes-que-nadie-vestidos-bolsos-y-faldas-para-inaugurar-la-nueva-temporada-2.jpg\" alt=\"Vestido estampado de Massimo Dutti (99,99 euros)\"><\/noscript><i class=\"voc-icons zoom voc-multimedia-box voc-ico-l\"><\/i><\/div><figcaption class=\"figure-caption\">Vestido estampado de Massimo Dutti (99,99 euros)<\/figcaption><\/picture><\/div>\n<div id=\"photoZoomModal-77\" class=\"voc-lightbox modal fade voc-lightbox--photo-zoom\" role=\"dialog\" data-voc-photozoom-lightbox>\n<div class=\"voc-lightbox__dialog\" role=\"document\">\n<div class=\"voc-lightbox__content\"><!-- Modal header --><!-- Modal content --><\/p>\n<div class=\"voc-lightbox__photo-container\"><picture class><img loading=\"lazy\" data-original=\"\/\/static1.mujerhoy.com\/www\/multimedia\/202307\/21\/media\/cortadas\/sandalia-massimo-dutti-falda-nuevo-zara-kH8D--460x637@MujerHoy.jpeg\" alt=\"Vestido estampado de Massimo Dutti (99,99 euros)\" class=\"lazy\"><noscript><img src=\"http:\/\/hoycordobaweb.com\/wp-content\/uploads\/2023\/07\/lo-nuevo-de-massimo-dutti-que-tienes-que-ver-antes-que-nadie-vestidos-bolsos-y-faldas-para-inaugurar-la-nueva-temporada-2.jpg\" alt=\"Vestido estampado de Massimo Dutti (99,99 euros)\"><\/noscript><\/picture><\/div>\n<\/div>\n<\/div>\n<\/div>\n<p><h3 class=\"voc-detail__title\"> Vestido estampado de Massimo Dutti (99,99 euros)<br \/>\n<\/h3>\n<\/p>\n<p class=\"voc-paragraph\">Si todav\u00eda te queda alguna boda en el calendario de verano, este dise\u00f1o asim\u00e9trico ser\u00e1 tu mejor aliado.\n<\/p>\n<div class=\"voc-detail-photo-zoom\"><picture data-toggle=\"modal\" data-target=\"#photoZoomModal-497\" target=\"modal\">\n<div class=\"voc-img-icon-link\"><img loading=\"lazy\" data-original=\"\/\/static3.mujerhoy.com\/www\/multimedia\/202307\/21\/media\/cortadas\/bolso-massimo-dutti-falda-nuevo-zara-kH8D--460x637@MujerHoy.jpeg\" class=\"lazy\" alt=\"Bolso de piel de Massimo Dutti (99,99 euros)\"><noscript><img src=\"http:\/\/hoycordobaweb.com\/wp-content\/uploads\/2023\/07\/lo-nuevo-de-massimo-dutti-que-tienes-que-ver-antes-que-nadie-vestidos-bolsos-y-faldas-para-inaugurar-la-nueva-temporada-3.jpg\" alt=\"Bolso de piel de Massimo Dutti (99,99 euros)\"><\/noscript><i class=\"voc-icons zoom voc-multimedia-box voc-ico-l\"><\/i><\/div><figcaption class=\"figure-caption\">Bolso de piel de Massimo Dutti (99,99 euros)<\/figcaption><\/picture><\/div>\n<div id=\"photoZoomModal-497\" class=\"voc-lightbox modal fade voc-lightbox--photo-zoom\" role=\"dialog\" data-voc-photozoom-lightbox>\n<div class=\"voc-lightbox__dialog\" role=\"document\">\n<div class=\"voc-lightbox__content\"><!-- Modal header --><!-- Modal content --><\/p>\n<div class=\"voc-lightbox__photo-container\"><picture class><img loading=\"lazy\" data-original=\"\/\/static3.mujerhoy.com\/www\/multimedia\/202307\/21\/media\/cortadas\/bolso-massimo-dutti-falda-nuevo-zara-kH8D--460x637@MujerHoy.jpeg\" alt=\"Bolso de piel de Massimo Dutti (99,99 euros)\" class=\"lazy\"><noscript><img src=\"http:\/\/hoycordobaweb.com\/wp-content\/uploads\/2023\/07\/lo-nuevo-de-massimo-dutti-que-tienes-que-ver-antes-que-nadie-vestidos-bolsos-y-faldas-para-inaugurar-la-nueva-temporada-3.jpg\" alt=\"Bolso de piel de Massimo Dutti (99,99 euros)\"><\/noscript><\/picture><\/div>\n<\/div>\n<\/div>\n<\/div>\n<p><h3 class=\"voc-detail__title\"> Bolso de piel de Massimo Dutti (99,99 euros)<br \/>\n<\/h3>\n<\/p>\n<p class=\"voc-paragraph\">Los accesorios se est\u00e1n volviendo cada vez m\u00e1s oto\u00f1ales. Este bolso tiene el dise\u00f1o perfecto.\n<\/p>\n<div class=\"voc-detail-photo-zoom\"><picture data-toggle=\"modal\" data-target=\"#photoZoomModal-380\" target=\"modal\">\n<div class=\"voc-img-icon-link\"><img loading=\"lazy\" data-original=\"\/\/static2.mujerhoy.com\/www\/multimedia\/202307\/21\/media\/cortadas\/falda-massimo-dutti-falda-nuevo-zara-kH8D--460x637@MujerHoy.jpeg\" class=\"lazy\" alt=\"Falda estampada de Massimo Dutti (79,99 euros)\"><noscript><img src=\"http:\/\/hoycordobaweb.com\/wp-content\/uploads\/2023\/07\/lo-nuevo-de-massimo-dutti-que-tienes-que-ver-antes-que-nadie-vestidos-bolsos-y-faldas-para-inaugurar-la-nueva-temporada-4.jpg\" alt=\"Falda estampada de Massimo Dutti (79,99 euros)\"><\/noscript><i class=\"voc-icons zoom voc-multimedia-box voc-ico-l\"><\/i><\/div><figcaption class=\"figure-caption\">Falda estampada de Massimo Dutti (79,99 euros)<\/figcaption><\/picture><\/div>\n<div id=\"photoZoomModal-380\" class=\"voc-lightbox modal fade voc-lightbox--photo-zoom\" role=\"dialog\" data-voc-photozoom-lightbox>\n<div class=\"voc-lightbox__dialog\" role=\"document\">\n<div class=\"voc-lightbox__content\"><!-- Modal header --><!-- Modal content --><\/p>\n<div class=\"voc-lightbox__photo-container\"><picture class><img loading=\"lazy\" data-original=\"\/\/static2.mujerhoy.com\/www\/multimedia\/202307\/21\/media\/cortadas\/falda-massimo-dutti-falda-nuevo-zara-kH8D--460x637@MujerHoy.jpeg\" alt=\"Falda estampada de Massimo Dutti (79,99 euros)\" class=\"lazy\"><noscript><img src=\"http:\/\/hoycordobaweb.com\/wp-content\/uploads\/2023\/07\/lo-nuevo-de-massimo-dutti-que-tienes-que-ver-antes-que-nadie-vestidos-bolsos-y-faldas-para-inaugurar-la-nueva-temporada-4.jpg\" alt=\"Falda estampada de Massimo Dutti (79,99 euros)\"><\/noscript><\/picture><\/div>\n<\/div>\n<\/div>\n<\/div>\n<p><h3 class=\"voc-detail__title\"> Falda estampada de Massimo Dutti (79,99 euros)<br \/>\n<\/h3>\n<\/p>\n<p class=\"voc-paragraph\">Los dise\u00f1os con prints pict\u00f3ricos, son una de las tendencias clave de la nueva temporada.\n<\/p>\n<div class=\"voc-detail-photo-zoom\"><picture data-toggle=\"modal\" data-target=\"#photoZoomModal-998\" target=\"modal\">\n<div class=\"voc-img-icon-link\"><img loading=\"lazy\" data-original=\"\/\/static.mujerhoy.com\/www\/multimedia\/202307\/21\/media\/cortadas\/vestidos-massimo-dutti-falda-nuevo-zara-kH8D--460x637@MujerHoy.jpeg\" class=\"lazy\" alt=\"Vestido estampado de Massimo Dutti (69,99 euros)\"><noscript><img src=\"http:\/\/hoycordobaweb.com\/wp-content\/uploads\/2023\/07\/lo-nuevo-de-massimo-dutti-que-tienes-que-ver-antes-que-nadie-vestidos-bolsos-y-faldas-para-inaugurar-la-nueva-temporada-5.jpg\" alt=\"Vestido estampado de Massimo Dutti (69,99 euros)\"><\/noscript><i class=\"voc-icons zoom voc-multimedia-box voc-ico-l\"><\/i><\/div><figcaption class=\"figure-caption\">Vestido estampado de Massimo Dutti (69,99 euros)<\/figcaption><\/picture><\/div>\n<div id=\"photoZoomModal-998\" class=\"voc-lightbox modal fade voc-lightbox--photo-zoom\" role=\"dialog\" data-voc-photozoom-lightbox>\n<div class=\"voc-lightbox__dialog\" role=\"document\">\n<div class=\"voc-lightbox__content\"><!-- Modal header --><!-- Modal content --><\/p>\n<div class=\"voc-lightbox__photo-container\"><picture class><img loading=\"lazy\" data-original=\"\/\/static.mujerhoy.com\/www\/multimedia\/202307\/21\/media\/cortadas\/vestidos-massimo-dutti-falda-nuevo-zara-kH8D--460x637@MujerHoy.jpeg\" alt=\"Vestido estampado de Massimo Dutti (69,99 euros)\" class=\"lazy\"><noscript><img src=\"http:\/\/hoycordobaweb.com\/wp-content\/uploads\/2023\/07\/lo-nuevo-de-massimo-dutti-que-tienes-que-ver-antes-que-nadie-vestidos-bolsos-y-faldas-para-inaugurar-la-nueva-temporada-5.jpg\" alt=\"Vestido estampado de Massimo Dutti (69,99 euros)\"><\/noscript><\/picture><\/div>\n<\/div>\n<\/div>\n<\/div>\n<p><h3 class=\"voc-detail__title\"> Vestido estampado de Massimo Dutti (69,99 euros)<br \/>\n<\/h3>\n<\/p>\n<p class=\"voc-paragraph\">El tie dye se posiciona como una de las tendencias clave de la temporada. Ll\u00e9valo sobre un vestido de aires orientales.\n<\/p>\n<div class=\"voc-detail-photo-zoom\"><picture data-toggle=\"modal\" data-target=\"#photoZoomModal-47\" target=\"modal\">\n<div class=\"voc-img-icon-link\"><img loading=\"lazy\" data-original=\"\/\/static2.mujerhoy.com\/www\/multimedia\/202307\/21\/media\/cortadas\/sandalias-massimo-dutti-falda-nuevo-zara-kH8D--460x637@MujerHoy.jpeg\" class=\"lazy\" alt=\"Sandalias de esparto de Massimo Dutti (89,95 euros)\"><noscript><img src=\"http:\/\/hoycordobaweb.com\/wp-content\/uploads\/2023\/07\/lo-nuevo-de-massimo-dutti-que-tienes-que-ver-antes-que-nadie-vestidos-bolsos-y-faldas-para-inaugurar-la-nueva-temporada-6.jpg\" alt=\"Sandalias de esparto de Massimo Dutti (89,95 euros)\"><\/noscript><i class=\"voc-icons zoom voc-multimedia-box voc-ico-l\"><\/i><\/div><figcaption class=\"figure-caption\">Sandalias de esparto de Massimo Dutti (89,95 euros)<\/figcaption><\/picture><\/div>\n<div id=\"photoZoomModal-47\" class=\"voc-lightbox modal fade voc-lightbox--photo-zoom\" role=\"dialog\" data-voc-photozoom-lightbox>\n<div class=\"voc-lightbox__dialog\" role=\"document\">\n<div class=\"voc-lightbox__content\"><!-- Modal header --><!-- Modal content --><\/p>\n<div class=\"voc-lightbox__photo-container\"><picture class><img loading=\"lazy\" data-original=\"\/\/static2.mujerhoy.com\/www\/multimedia\/202307\/21\/media\/cortadas\/sandalias-massimo-dutti-falda-nuevo-zara-kH8D--460x637@MujerHoy.jpeg\" alt=\"Sandalias de esparto de Massimo Dutti (89,95 euros)\" class=\"lazy\"><noscript><img src=\"http:\/\/hoycordobaweb.com\/wp-content\/uploads\/2023\/07\/lo-nuevo-de-massimo-dutti-que-tienes-que-ver-antes-que-nadie-vestidos-bolsos-y-faldas-para-inaugurar-la-nueva-temporada-6.jpg\" alt=\"Sandalias de esparto de Massimo Dutti (89,95 euros)\"><\/noscript><\/picture><\/div>\n<\/div>\n<\/div>\n<\/div>\n<p><h3 class=\"voc-detail__title\"> Sandalias de esparto de Massimo Dutti (89,95 euros)<br \/>\n<\/h3>\n<\/p>\n<p class=\"voc-paragraph\">Si quieres ganar cent\u00edmetros, sin renunciar a la comodidad, estas sandalias con cu\u00f1a ser\u00e1n tus mejores aliadas.\n<\/p>\n<div class=\"voc-detail-photo-zoom\"><picture data-toggle=\"modal\" data-target=\"#photoZoomModal-124\" target=\"modal\">\n<div class=\"voc-img-icon-link\"><img loading=\"lazy\" data-original=\"\/\/static1.mujerhoy.com\/www\/multimedia\/202307\/21\/media\/cortadas\/blusa-massimo-dutti-falda-nuevo-zara-kH8D--460x637@MujerHoy.jpeg\" class=\"lazy\" alt=\"Blusa verde de Massimo Dutti (59,95 euros)\"><noscript><img src=\"http:\/\/hoycordobaweb.com\/wp-content\/uploads\/2023\/07\/lo-nuevo-de-massimo-dutti-que-tienes-que-ver-antes-que-nadie-vestidos-bolsos-y-faldas-para-inaugurar-la-nueva-temporada-7.jpg\" alt=\"Blusa verde de Massimo Dutti (59,95 euros)\"><\/noscript><i class=\"voc-icons zoom voc-multimedia-box voc-ico-l\"><\/i><\/div><figcaption class=\"figure-caption\">Blusa verde de Massimo Dutti (59,95 euros)<\/figcaption><\/picture><\/div>\n<div id=\"photoZoomModal-124\" class=\"voc-lightbox modal fade voc-lightbox--photo-zoom\" role=\"dialog\" data-voc-photozoom-lightbox>\n<div class=\"voc-lightbox__dialog\" role=\"document\">\n<div class=\"voc-lightbox__content\"><!-- Modal header --><!-- Modal content --><\/p>\n<div class=\"voc-lightbox__photo-container\"><picture class><img loading=\"lazy\" data-original=\"\/\/static1.mujerhoy.com\/www\/multimedia\/202307\/21\/media\/cortadas\/blusa-massimo-dutti-falda-nuevo-zara-kH8D--460x637@MujerHoy.jpeg\" alt=\"Blusa verde de Massimo Dutti (59,95 euros)\" class=\"lazy\"><noscript><img src=\"http:\/\/hoycordobaweb.com\/wp-content\/uploads\/2023\/07\/lo-nuevo-de-massimo-dutti-que-tienes-que-ver-antes-que-nadie-vestidos-bolsos-y-faldas-para-inaugurar-la-nueva-temporada-7.jpg\" alt=\"Blusa verde de Massimo Dutti (59,95 euros)\"><\/noscript><\/picture><\/div>\n<\/div>\n<\/div>\n<\/div>\n<p><h3 class=\"voc-detail__title\"> Blusa verde de Massimo Dutti (59,95 euros)<br \/>\n<\/h3>\n<\/p>\n<p class=\"voc-paragraph\">Se empieza a notar que el cambio de estaci\u00f3n est\u00e1 m\u00e1s cerca. Los tejidos se est\u00e1n volviendo cada vez menos ligeros y los colores llegan con tonalidades m\u00e1s apagadas.\n<\/p>\n<div class=\"voc-detail-photo-zoom\"><picture data-toggle=\"modal\" data-target=\"#photoZoomModal-950\" target=\"modal\">\n<div class=\"voc-img-icon-link\"><img loading=\"lazy\" data-original=\"\/\/static.mujerhoy.com\/www\/multimedia\/202307\/21\/media\/cortadas\/gafas-massimo-dutti-falda-nuevo-zara-kH8D--460x637@MujerHoy.jpeg\" class=\"lazy\" alt=\"Gafas de sol de Massimo Dutti (59,95 euros)\"><noscript><img src=\"http:\/\/hoycordobaweb.com\/wp-content\/uploads\/2023\/07\/lo-nuevo-de-massimo-dutti-que-tienes-que-ver-antes-que-nadie-vestidos-bolsos-y-faldas-para-inaugurar-la-nueva-temporada-8.jpg\" alt=\"Gafas de sol de Massimo Dutti (59,95 euros)\"><\/noscript><i class=\"voc-icons zoom voc-multimedia-box voc-ico-l\"><\/i><\/div><figcaption class=\"figure-caption\">Gafas de sol de Massimo Dutti (59,95 euros)<\/figcaption><\/picture><\/div>\n<div id=\"photoZoomModal-950\" class=\"voc-lightbox modal fade voc-lightbox--photo-zoom\" role=\"dialog\" data-voc-photozoom-lightbox>\n<div class=\"voc-lightbox__dialog\" role=\"document\">\n<div class=\"voc-lightbox__content\"><!-- Modal header --><!-- Modal content --><\/p>\n<div class=\"voc-lightbox__photo-container\"><picture class><img loading=\"lazy\" data-original=\"\/\/static.mujerhoy.com\/www\/multimedia\/202307\/21\/media\/cortadas\/gafas-massimo-dutti-falda-nuevo-zara-kH8D--460x637@MujerHoy.jpeg\" alt=\"Gafas de sol de Massimo Dutti (59,95 euros)\" class=\"lazy\"><noscript><img src=\"http:\/\/hoycordobaweb.com\/wp-content\/uploads\/2023\/07\/lo-nuevo-de-massimo-dutti-que-tienes-que-ver-antes-que-nadie-vestidos-bolsos-y-faldas-para-inaugurar-la-nueva-temporada-8.jpg\" alt=\"Gafas de sol de Massimo Dutti (59,95 euros)\"><\/noscript><\/picture><\/div>\n<\/div>\n<\/div>\n<\/div>\n<p><h3 class=\"voc-detail__title\"> Gafas de sol de Massimo Dutti (59,95 euros)<br \/>\n<\/h3>\n<\/p>\n<p class=\"voc-paragraph\">Si est\u00e1s en pleno proceso de terminar la maleta vacacional, estas gafas pondr\u00e1n la guinda a todos tus estilismos.\n<\/p>\n<div class=\"voc-detail-photo-zoom\"><picture data-toggle=\"modal\" data-target=\"#photoZoomModal-282\" target=\"modal\">\n<div class=\"voc-img-icon-link\"><img loading=\"lazy\" data-original=\"\/\/static1.mujerhoy.com\/www\/multimedia\/202307\/21\/media\/cortadas\/sandalia-massimo-dutti-falda-nuevo-zara-kH8D--460x637@MujerHoy.jpeg\" class=\"lazy\" alt=\"Vestido estampado de Massimo Dutti (129 euros)\"><noscript><img src=\"http:\/\/hoycordobaweb.com\/wp-content\/uploads\/2023\/07\/lo-nuevo-de-massimo-dutti-que-tienes-que-ver-antes-que-nadie-vestidos-bolsos-y-faldas-para-inaugurar-la-nueva-temporada-2.jpg\" alt=\"Vestido estampado de Massimo Dutti (129 euros)\"><\/noscript><i class=\"voc-icons zoom voc-multimedia-box voc-ico-l\"><\/i><\/div><figcaption class=\"figure-caption\">Vestido estampado de Massimo Dutti (129 euros)<\/figcaption><\/picture><\/div>\n<div id=\"photoZoomModal-282\" class=\"voc-lightbox modal fade voc-lightbox--photo-zoom\" role=\"dialog\" data-voc-photozoom-lightbox>\n<div class=\"voc-lightbox__dialog\" role=\"document\">\n<div class=\"voc-lightbox__content\"><!-- Modal header --><!-- Modal content --><\/p>\n<div class=\"voc-lightbox__photo-container\"><picture class><img loading=\"lazy\" data-original=\"\/\/static1.mujerhoy.com\/www\/multimedia\/202307\/21\/media\/cortadas\/sandalia-massimo-dutti-falda-nuevo-zara-kH8D--460x637@MujerHoy.jpeg\" alt=\"Vestido estampado de Massimo Dutti (129 euros)\" class=\"lazy\"><noscript><img src=\"http:\/\/hoycordobaweb.com\/wp-content\/uploads\/2023\/07\/lo-nuevo-de-massimo-dutti-que-tienes-que-ver-antes-que-nadie-vestidos-bolsos-y-faldas-para-inaugurar-la-nueva-temporada-2.jpg\" alt=\"Vestido estampado de Massimo Dutti (129 euros)\"><\/noscript><\/picture><\/div>\n<\/div>\n<\/div>\n<\/div>\n<p><h3 class=\"voc-detail__title\"> Vestido estampado de Massimo Dutti (129 euros)<br \/>\n<\/h3>\n<\/p>\n<p class=\"voc-paragraph\">Otro dise\u00f1o especial, perfecto para las \u00faltimas bodas del verano.\n<\/p>\n<div class=\"voc-detail-photo-zoom\"><picture data-toggle=\"modal\" data-target=\"#photoZoomModal-23\" target=\"modal\">\n<div class=\"voc-img-icon-link\"><img loading=\"lazy\" data-original=\"\/\/static3.mujerhoy.com\/www\/multimedia\/202307\/21\/media\/cortadas\/top-massimo-dutti-falda-nuevo-zara-kH8D--460x637@MujerHoy.jpeg\" class=\"lazy\" alt=\"Top calado de Massimo Dutti (59,95 euros)\"><noscript><img src=\"http:\/\/hoycordobaweb.com\/wp-content\/uploads\/2023\/07\/lo-nuevo-de-massimo-dutti-que-tienes-que-ver-antes-que-nadie-vestidos-bolsos-y-faldas-para-inaugurar-la-nueva-temporada-9.jpg\" alt=\"Top calado de Massimo Dutti (59,95 euros)\"><\/noscript><i class=\"voc-icons zoom voc-multimedia-box voc-ico-l\"><\/i><\/div><figcaption class=\"figure-caption\">Top calado de Massimo Dutti (59,95 euros)<\/figcaption><\/picture><\/div>\n<div id=\"photoZoomModal-23\" class=\"voc-lightbox modal fade voc-lightbox--photo-zoom\" role=\"dialog\" data-voc-photozoom-lightbox>\n<div class=\"voc-lightbox__dialog\" role=\"document\">\n<div class=\"voc-lightbox__content\"><!-- Modal header --><!-- Modal content --><\/p>\n<div class=\"voc-lightbox__photo-container\"><picture class><img loading=\"lazy\" data-original=\"\/\/static3.mujerhoy.com\/www\/multimedia\/202307\/21\/media\/cortadas\/top-massimo-dutti-falda-nuevo-zara-kH8D--460x637@MujerHoy.jpeg\" alt=\"Top calado de Massimo Dutti (59,95 euros)\" class=\"lazy\"><noscript><img src=\"http:\/\/hoycordobaweb.com\/wp-content\/uploads\/2023\/07\/lo-nuevo-de-massimo-dutti-que-tienes-que-ver-antes-que-nadie-vestidos-bolsos-y-faldas-para-inaugurar-la-nueva-temporada-9.jpg\" alt=\"Top calado de Massimo Dutti (59,95 euros)\"><\/noscript><\/picture><\/div>\n<\/div>\n<\/div>\n<\/div>\n<p><h3 class=\"voc-detail__title\"> Top calado de Massimo Dutti (59,95 euros)<br \/>\n<\/h3>\n<\/p>\n<p class=\"voc-paragraph\">Las prendas de punto siguen llegando en clave veraniega. Como este top en un color neutro y completamente calado.\n<\/p>\n<p><!-- TOPICS --><\/p>\n","protected":false},"excerpt":{"rendered":"<p>GEMMA CANO Publicado \u00b7 21 de julio de 2023, 07:56 h Aunque queda verano para rato, la nueva temporada de nuestras tiendas favoritas ha llegado para quedarse. Adem\u00e1s, las rebajas de verano se han reducido a la m\u00ednima expresi\u00f3n. Si salimos de compras estos d\u00edas, podremos comprobar que los avances de colecci\u00f3n ya est\u00e1n por [&hellip;]<\/p>\n","protected":false},"author":1,"featured_media":63635,"comment_status":"closed","ping_status":"closed","sticky":false,"template":"","format":"standard","meta":[],"categories":[1],"tags":[],"_links":{"self":[{"href":"http:\/\/hoycordobaweb.com\/index.php\/wp-json\/wp\/v2\/posts\/63634"}],"collection":[{"href":"http:\/\/hoycordobaweb.com\/index.php\/wp-json\/wp\/v2\/posts"}],"about":[{"href":"http:\/\/hoycordobaweb.com\/index.php\/wp-json\/wp\/v2\/types\/post"}],"author":[{"embeddable":true,"href":"http:\/\/hoycordobaweb.com\/index.php\/wp-json\/wp\/v2\/users\/1"}],"replies":[{"embeddable":true,"href":"http:\/\/hoycordobaweb.com\/index.php\/wp-json\/wp\/v2\/comments?post=63634"}],"version-history":[{"count":0,"href":"http:\/\/hoycordobaweb.com\/index.php\/wp-json\/wp\/v2\/posts\/63634\/revisions"}],"wp:featuredmedia":[{"embeddable":true,"href":"http:\/\/hoycordobaweb.com\/index.php\/wp-json\/wp\/v2\/media\/63635"}],"wp:attachment":[{"href":"http:\/\/hoycordobaweb.com\/index.php\/wp-json\/wp\/v2\/media?parent=63634"}],"wp:term":[{"taxonomy":"category","embeddable":true,"href":"http:\/\/hoycordobaweb.com\/index.php\/wp-json\/wp\/v2\/categories?post=63634"},{"taxonomy":"post_tag","embeddable":true,"href":"http:\/\/hoycordobaweb.com\/index.php\/wp-json\/wp\/v2\/tags?post=63634"}],"curies":[{"name":"wp","href":"https:\/\/api.w.org\/{rel}","templated":true}]}}