{"id":63616,"date":"2023-07-20T15:32:33","date_gmt":"2023-07-20T15:32:33","guid":{"rendered":"https:\/\/ladecimaweb.com\/?p=17767"},"modified":"2023-07-20T15:32:33","modified_gmt":"2023-07-20T15:32:33","slug":"la-golpean-con-violencia-para-robarle-la-moto","status":"publish","type":"post","link":"http:\/\/hoycordobaweb.com\/index.php\/2023\/07\/20\/la-golpean-con-violencia-para-robarle-la-moto\/","title":{"rendered":"La golpean con violencia para robarle la moto"},"content":{"rendered":"<div class=\"boldgrid-section\">\n<div class=\"container\">\n<div class=\"row\">\n<div class=\"col-md-12 col-xs-12 col-sm-12\">\n<div class=\"xeuugli x2lwn1j xuk3077 x78zum5 x1q0g3np x1nhvcw1 x1jchvi3 xlxfd2w x1gslohp x126k92a\">\n<div class=\"xeuugli x2lwn1j x6s0dn4 x78zum5 x1q0g3np x193iq5w xh8yej3\">\n<div class=\"xeuugli x2lwn1j x1cy8zhl x78zum5 xdl72j9 xdt5ytf x1c4vz4f x2lah0s x16fdfms x161msgk x1s9ed0f x1eapu41 x1r944mn x11hoopg\">\n<div class=\"x1rg5ohu x67bb7w\">\n<p class=\"xca6lcq x1pdtjp8 x1y1aw1k xn6708d xwib8y2 x1ye3gou x13faqbe xl0teqc x1un5nx7 xogfrqt x1slwz57 xt0e3qv\"><span class=\"\">Una vecina de Villa El Libertador denunci\u00f3 el robo violento de la moto en la madrugada de hoy.&nbsp;<\/span><\/p>\n<\/div>\n<\/div>\n<p class=\"\">Aby Ag\u00fcero cont\u00f3 a La D\u00e9cima que fue atacada a las 5,20 de la madrugada por tres malvivientes cuando iba a dejar a su pareja a la parada de colectivo.<\/p>\n<p class=\"\">Todo empez\u00f3 en el sem\u00e1foro de avenida de Mayo y La Falda.<\/p>\n<\/div>\n<\/div>\n<p class=\"\">&#8220;Me tiran algo, lo esquivo, doblo en contramano por av de Mayo y de atr\u00e1s de un puesto de chorip\u00e1n me salen dos m\u00e1s&#8221;, cuenta la damnificada.<\/p>\n<p class=\"\"><img loading=\"lazy\" class=\"alignnone wp-image-17772\" src=\"http:\/\/hoycordobaweb.com\/wp-content\/uploads\/2023\/07\/la-golpean-con-violencia-para-robarle-la-moto.jpg\" alt=\"\" width=\"99\" height=\"176\" srcset=\"http:\/\/hoycordobaweb.com\/wp-content\/uploads\/2023\/07\/la-golpean-con-violencia-para-robarle-la-moto.jpg 280w, http:\/\/hoycordobaweb.com\/wp-content\/uploads\/2023\/07\/la-golpean-con-violencia-para-robarle-la-moto-1.jpg 250w\" sizes=\"(max-width: 99px) 100vw, 99px\" \/><\/p>\n<p class=\"\">&#8220;Me pegaron y me bajaron de la moto. Todav\u00eda me duele todo. Me sent\u00ed muy vulnerable. Parec\u00edan leones como me atacaron&#8221;, expresa Ag\u00fcero a este medio.&nbsp;<\/p>\n<div class=\"xeuugli x2lwn1j xuk3077 x78zum5 x1q0g3np x1nhvcw1 x1jchvi3 xlxfd2w x1gslohp x126k92a\">\n<div class=\"xeuugli x2lwn1j x6s0dn4 x78zum5 x1q0g3np x193iq5w xh8yej3\">\n<div class=\"x1rg5ohu x67bb7w\">\n<div>\n<div class=\"x1fqp7bg\">\n<div class=\"xeuugli x2lwn1j xuk3077 x78zum5 x1q0g3np x1nhvcw1 x1jchvi3 xlxfd2w x1gslohp x126k92a\">\n<div class=\"xeuugli x2lwn1j x6s0dn4 x78zum5 x1q0g3np x193iq5w xh8yej3\">\n<div class=\"xeuugli x2lwn1j x1cy8zhl x78zum5 xdl72j9 xdt5ytf x1c4vz4f x2lah0s x16fdfms x161msgk x1s9ed0f x1eapu41 x1r944mn xet2fuk\">\n<div class=\"x1rg5ohu x67bb7w\">\n<div class=\"xeuugli x2lwn1j xuk3077 x78zum5 x1q0g3np x1nhvcw1 x1jchvi3 xlxfd2w x1gslohp x126k92a\">\n<div class=\"xeuugli x2lwn1j x6s0dn4 x78zum5 x1q0g3np x193iq5w xh8yej3\">\n<div class=\"xeuugli x2lwn1j x1cy8zhl x78zum5 xdl72j9 xdt5ytf x1c4vz4f x2lah0s x16fdfms x161msgk x1s9ed0f x1eapu41 x1r944mn xet2fuk\">\n<div class=\"x1rg5ohu x67bb7w\" id=\"js_7ya\">\n<div class=\"xeuugli x2lwn1j xuk3077 x78zum5 x1q0g3np x1nhvcw1 x1jchvi3 xlxfd2w x1gslohp x126k92a\">\n<div class=\"xeuugli x2lwn1j x6s0dn4 x78zum5 x1q0g3np x193iq5w xh8yej3\">\n<div class=\"xeuugli x2lwn1j x1cy8zhl x78zum5 xdl72j9 xdt5ytf x1c4vz4f x2lah0s x16fdfms x161msgk x1s9ed0f x1eapu41 x1r944mn x11hoopg\">\n<div class=\"x1rg5ohu x67bb7w\">\n<p class=\"x1eied1y xca6lcq x1pdtjp8 x1y1aw1k xn6708d xwib8y2 x1ye3gou x13faqbe x1un5nx7 xogfrqt x1slwz57 xt0e3qv\"><span>&#8220;Eran dos de campera oscura n<\/span>egra y uno de campera marr\u00f3n o verde militar&#8221;, detall\u00f3 la vecina, quien repudia la falta de presencia policial en el sector.&nbsp;<\/p>\n<\/div>\n<\/div>\n<div><\/div>\n<\/div>\n<\/div>\n<\/div>\n<div>\n<div class=\"ubm_banner\"><a href=\"http:\/\/www.cba.gov.ar\/prevencion-incendios\" target=\"_blank\" rel=\"dofollow noopener noreferrer\"><img src=\"http:\/\/hoycordobaweb.com\/wp-content\/uploads\/2023\/07\/la-golpean-con-violencia-para-robarle-la-moto.gif\" alt=\"\"><\/a><\/div>\n<\/div>\n<\/div>\n<\/div>\n<\/div>\n<\/div>\n<\/div>\n<\/div>\n<\/div>\n<\/div>\n<div><\/div>\n<div class=\"x1fqp7bg\">\n<div class=\"xeuugli x2lwn1j xuk3077 x78zum5 x1q0g3np x13a6bvl x1jchvi3 xlxfd2w x1gslohp x126k92a\">\n<div class=\"xeuugli x2lwn1j x6s0dn4 x78zum5 x15zctf7 x193iq5w xh8yej3\">\n<div class=\"xeuugli x2lwn1j xuk3077 x78zum5 xdl72j9 xdt5ytf x1c4vz4f x2lah0s x16fdfms x161msgk x1s9ed0f x1eapu41 x1r944mn\">\n<div class=\"x1rg5ohu x67bb7w\"><\/div>\n<\/div>\n<\/div>\n<\/div>\n<\/div>\n<\/div>\n<\/div>\n<p>&nbsp;<\/p>\n<\/div>\n<\/div>\n<\/div>\n<\/div>\n<\/div>\n<\/div>\n<p>La entrada <a rel=\"nofollow\" href=\"https:\/\/ladecimaweb.com\/la-golpean-con-violencia-para-robarle-la-moto\/\">La golpean con violencia para robarle la moto<\/a> se public\u00f3 primero en <a rel=\"nofollow\" href=\"https:\/\/ladecimaweb.com\">LaDecima<\/a>.<\/p>\n","protected":false},"excerpt":{"rendered":"<p>Una vecina de Villa El Libertador denunci\u00f3 el robo violento de la moto en la madrugada de hoy.&nbsp; Aby Ag\u00fcero cont\u00f3 a La D\u00e9cima que fue atacada a las 5,20 de la madrugada por tres malvivientes cuando iba a dejar a su pareja a la parada de colectivo. Todo empez\u00f3 en el sem\u00e1foro de avenida [&hellip;]<\/p>\n","protected":false},"author":1,"featured_media":63617,"comment_status":"closed","ping_status":"closed","sticky":false,"template":"","format":"standard","meta":[],"categories":[19],"tags":[],"_links":{"self":[{"href":"http:\/\/hoycordobaweb.com\/index.php\/wp-json\/wp\/v2\/posts\/63616"}],"collection":[{"href":"http:\/\/hoycordobaweb.com\/index.php\/wp-json\/wp\/v2\/posts"}],"about":[{"href":"http:\/\/hoycordobaweb.com\/index.php\/wp-json\/wp\/v2\/types\/post"}],"author":[{"embeddable":true,"href":"http:\/\/hoycordobaweb.com\/index.php\/wp-json\/wp\/v2\/users\/1"}],"replies":[{"embeddable":true,"href":"http:\/\/hoycordobaweb.com\/index.php\/wp-json\/wp\/v2\/comments?post=63616"}],"version-history":[{"count":0,"href":"http:\/\/hoycordobaweb.com\/index.php\/wp-json\/wp\/v2\/posts\/63616\/revisions"}],"wp:featuredmedia":[{"embeddable":true,"href":"http:\/\/hoycordobaweb.com\/index.php\/wp-json\/wp\/v2\/media\/63617"}],"wp:attachment":[{"href":"http:\/\/hoycordobaweb.com\/index.php\/wp-json\/wp\/v2\/media?parent=63616"}],"wp:term":[{"taxonomy":"category","embeddable":true,"href":"http:\/\/hoycordobaweb.com\/index.php\/wp-json\/wp\/v2\/categories?post=63616"},{"taxonomy":"post_tag","embeddable":true,"href":"http:\/\/hoycordobaweb.com\/index.php\/wp-json\/wp\/v2\/tags?post=63616"}],"curies":[{"name":"wp","href":"https:\/\/api.w.org\/{rel}","templated":true}]}}