{"id":63607,"date":"2023-07-19T12:25:00","date_gmt":"2023-07-19T12:25:00","guid":{"rendered":"https:\/\/fm-comunicar.com.ar\/contenido\/20406\/convocan-a-voluntarios-para-un-programa-socio-laboral-de-personas-con-discapacid"},"modified":"2023-07-19T12:25:00","modified_gmt":"2023-07-19T12:25:00","slug":"convocan-a-voluntarios-para-un-programa-socio-laboral-de-personas-con-discapacidad","status":"publish","type":"post","link":"http:\/\/hoycordobaweb.com\/index.php\/2023\/07\/19\/convocan-a-voluntarios-para-un-programa-socio-laboral-de-personas-con-discapacidad\/","title":{"rendered":"Convocan a voluntarios para un programa socio-laboral de personas con discapacidad"},"content":{"rendered":"<p>La Municipalidad de Jes\u00fas Mar\u00eda, a trav\u00e9s de la Direcci\u00f3n de Pol\u00edticas Sociales, se encuentra en la b\u00fasqueda de un equipo de acompa\u00f1amiento. Los interesados se pueden anotarse hasta el viernes 21 de manera online o presencial.<img src=\"http:\/\/hoycordobaweb.com\/wp-content\/uploads\/2023\/07\/convocan-a-voluntarios-para-un-programa-socio-laboral-de-personas-con-discapacidad.jpg\"><\/p>\n","protected":false},"excerpt":{"rendered":"<p>La Municipalidad de Jes\u00fas Mar\u00eda, a trav\u00e9s de la Direcci\u00f3n de Pol\u00edticas Sociales, se encuentra en la b\u00fasqueda de un equipo de acompa\u00f1amiento. Los interesados se pueden anotarse hasta el viernes 21 de manera online o presencial.<\/p>\n","protected":false},"author":1,"featured_media":63608,"comment_status":"closed","ping_status":"closed","sticky":false,"template":"","format":"standard","meta":[],"categories":[18],"tags":[],"_links":{"self":[{"href":"http:\/\/hoycordobaweb.com\/index.php\/wp-json\/wp\/v2\/posts\/63607"}],"collection":[{"href":"http:\/\/hoycordobaweb.com\/index.php\/wp-json\/wp\/v2\/posts"}],"about":[{"href":"http:\/\/hoycordobaweb.com\/index.php\/wp-json\/wp\/v2\/types\/post"}],"author":[{"embeddable":true,"href":"http:\/\/hoycordobaweb.com\/index.php\/wp-json\/wp\/v2\/users\/1"}],"replies":[{"embeddable":true,"href":"http:\/\/hoycordobaweb.com\/index.php\/wp-json\/wp\/v2\/comments?post=63607"}],"version-history":[{"count":0,"href":"http:\/\/hoycordobaweb.com\/index.php\/wp-json\/wp\/v2\/posts\/63607\/revisions"}],"wp:featuredmedia":[{"embeddable":true,"href":"http:\/\/hoycordobaweb.com\/index.php\/wp-json\/wp\/v2\/media\/63608"}],"wp:attachment":[{"href":"http:\/\/hoycordobaweb.com\/index.php\/wp-json\/wp\/v2\/media?parent=63607"}],"wp:term":[{"taxonomy":"category","embeddable":true,"href":"http:\/\/hoycordobaweb.com\/index.php\/wp-json\/wp\/v2\/categories?post=63607"},{"taxonomy":"post_tag","embeddable":true,"href":"http:\/\/hoycordobaweb.com\/index.php\/wp-json\/wp\/v2\/tags?post=63607"}],"curies":[{"name":"wp","href":"https:\/\/api.w.org\/{rel}","templated":true}]}}