{"id":63567,"date":"2023-07-19T11:35:35","date_gmt":"2023-07-19T11:35:35","guid":{"rendered":"https:\/\/manoamanocba.com.ar\/?p=6394"},"modified":"2023-07-19T11:35:35","modified_gmt":"2023-07-19T11:35:35","slug":"mas-de-10-000-espectadores-ya-disfrutaron-de-funciones-artisticas-en-el-teatro-comedia","status":"publish","type":"post","link":"http:\/\/hoycordobaweb.com\/index.php\/2023\/07\/19\/mas-de-10-000-espectadores-ya-disfrutaron-de-funciones-artisticas-en-el-teatro-comedia\/","title":{"rendered":"M\u00e1s de 10.000 espectadores ya disfrutaron de funciones art\u00edsticas en el Teatro Comedia"},"content":{"rendered":"<div><img src=\"http:\/\/hoycordobaweb.com\/wp-content\/uploads\/2023\/07\/mas-de-10-000-espectadores-ya-disfrutaron-de-funciones-artisticas-en-el-teatro-comedia.jpg\" class=\"ff-og-image-inserted\"><\/div>\n<p>El nuevo Teatro Comedia recibi\u00f3 a m\u00e1s de 10.000 personas desde su reciente inauguraci\u00f3n, el pasado 5 de julio. Los asistentes disfrutaron de sus modernas instalaciones con espect\u00e1culos gratuitos para toda la comunidad.<\/p>\n<p>Ya son m\u00e1s de 20 las funciones art\u00edsticas realizadas, a la vez que contin\u00faa abierta a todo p\u00fablico la extensa programaci\u00f3n del Comedia, organizada por la Secretar\u00eda de Cultura de la Municipalidad de C\u00f3rdoba.<\/p>\n<p>El secretario de Cultura Mariano Almada enfatiz\u00f3 sobre la gesti\u00f3n cultural que llev\u00f3 adelante el actual intendente Mart\u00edn Llaryora y el viceintendente Daniel Passerini y expres\u00f3:&nbsp;<em>\u201cM\u00e1s de 10 mil personas vivenciaron, se emocionaron, conocieron y disfrutaron del Teatro Comedia, este complejo multicultural que pone a disposici\u00f3n de los vecinos y de los turistas una programaci\u00f3n completa que abarca infancias, ciclo musicales y puestas en escenas teatrales\u201d<\/em>.<\/p>\n<p>Y a\u00f1adi\u00f3:&nbsp;<em>\u201cFueron 16 a\u00f1os de abandono que los estamos recuperando con todas las actividades que hoy se encuentran a disposici\u00f3n de todos aquellos que quieran venir a pasar un momento inolvidable en este emblem\u00e1tico lugar de la ciudad\u201d<\/em>.<\/p>\n<p>Figuras consagradas y nuevas manifestaciones se encuentran en un escenario que pone en evidencia la ac\u00fastica de la sala, proyecto que se desarroll\u00f3 en colaboraci\u00f3n con el CIAL (Centro de Investigaciones Ac\u00fasticas y Luminot\u00e9cnicas) de la UNC.<\/p>\n<p>La reapertura del flamante edificio se concret\u00f3 mediante las obras ejecutadas por la actual gesti\u00f3n municipal del intendente Mart\u00edn Llaryora, celebrado en el marco de los 450\u00b0 a\u00f1os de la ciudad, luego de permanecer inactivo durante m\u00e1s de una d\u00e9cada.<\/p>\n<p><strong>\u00bfC\u00f3mo conseguir las entradas para las funciones del Comedia?<\/strong><\/p>\n<p>En todos los casos, los boletos son gratuitos y se entregan el mismo d\u00eda de la funci\u00f3n hasta dos horas antes de cada espect\u00e1culo.<\/p>\n<p>Pueden retirarse de lunes a viernes, a partir de las 9 horas y s\u00e1bados y domingos, a partir de las 11 horas en el Cabildo de C\u00f3rdoba (Independencia 30). Hasta agotar capacidad de la sala.<\/p>\n<p>Las entradas no son numeradas por tanto, el ingreso a la sala es por orden de llegada en el Teatro Comedia, ubicado en Rivadavia 254.<\/p>\n<p>La informaci\u00f3n actualizada se puede obtener en la siguiente cuenta de Instagram: @teatrocomedia.municba<\/p>\n<p><strong>GRILLA DEL COMEDIA<\/strong><\/p>\n<p>Actualmente la nutrida cartelera tiene propuestas de m\u00fasica y teatro para todas las edades con un apartado especial para las infancias durante las vacaciones de invierno.<\/p>\n<p>Se trata de dos ciclos para este mes de julio: \u201cComedia para las Infancias\u201d y \u201cTeatro Comedia Suena\u201d.<\/p>\n<p><strong>Ciclo \u201cComedia para las Infancias\u201d<\/strong><\/p>\n<p>Se entregan hasta 4 entradas gratuitas por persona.<\/p>\n<p>*Mi\u00e9rcoles 19<\/p>\n<p>15:30 y 17:00 horas<\/p>\n<p>Obra: Mu\u00f1equita de papel<\/p>\n<p>A cargo de Marina Abulafia Producciones<\/p>\n<p>*Jueves 20<\/p>\n<p>15:30 horas<\/p>\n<p>Obra: El viaje de Catalina<\/p>\n<p>A cargo de Muttis Contenidos<\/p>\n<p>17:00 horas<\/p>\n<p>Obra: Salvacuentos<\/p>\n<p>A cargo de Muttis Teatro<\/p>\n<p><strong>Ciclo \u201cTeatro Comedia Suena\u201d<\/strong><\/p>\n<p>Se entregar\u00e1n hasta 2 entradas gratuitas por persona.<\/p>\n<p>*Mi\u00e9rcoles 19<\/p>\n<p>20:00 horas<\/p>\n<p><strong>Cuarteto con DSKT2 \/ katriel \/ DGIRA<\/strong><\/p>\n<p>*Jueves 20<\/p>\n<p>20:00 horas<\/p>\n<p>Sabor Canela<\/p>\n<p>*Viernes 21<\/p>\n<p>20:00 horas<\/p>\n<p><strong>\u201cCuarteteras en escena\u201d<\/strong><\/p>\n<p>La China Romero, Flor Ceballos y Valentina L\u00f3pez<\/p>\n<p>*S\u00e1bado 22<\/p>\n<p>20:00 horas<\/p>\n<p>Los Besos<\/p>\n","protected":false},"excerpt":{"rendered":"<p>El nuevo Teatro Comedia recibi\u00f3 a m\u00e1s de 10.000 personas desde su reciente inauguraci\u00f3n, el pasado 5 de julio. Los asistentes disfrutaron de sus modernas instalaciones con espect\u00e1culos gratuitos para toda la comunidad. Ya son m\u00e1s de 20 las funciones art\u00edsticas realizadas, a la vez que contin\u00faa abierta a todo p\u00fablico la extensa programaci\u00f3n del [&hellip;]<\/p>\n","protected":false},"author":1,"featured_media":63568,"comment_status":"closed","ping_status":"closed","sticky":false,"template":"","format":"standard","meta":[],"categories":[19],"tags":[],"_links":{"self":[{"href":"http:\/\/hoycordobaweb.com\/index.php\/wp-json\/wp\/v2\/posts\/63567"}],"collection":[{"href":"http:\/\/hoycordobaweb.com\/index.php\/wp-json\/wp\/v2\/posts"}],"about":[{"href":"http:\/\/hoycordobaweb.com\/index.php\/wp-json\/wp\/v2\/types\/post"}],"author":[{"embeddable":true,"href":"http:\/\/hoycordobaweb.com\/index.php\/wp-json\/wp\/v2\/users\/1"}],"replies":[{"embeddable":true,"href":"http:\/\/hoycordobaweb.com\/index.php\/wp-json\/wp\/v2\/comments?post=63567"}],"version-history":[{"count":0,"href":"http:\/\/hoycordobaweb.com\/index.php\/wp-json\/wp\/v2\/posts\/63567\/revisions"}],"wp:featuredmedia":[{"embeddable":true,"href":"http:\/\/hoycordobaweb.com\/index.php\/wp-json\/wp\/v2\/media\/63568"}],"wp:attachment":[{"href":"http:\/\/hoycordobaweb.com\/index.php\/wp-json\/wp\/v2\/media?parent=63567"}],"wp:term":[{"taxonomy":"category","embeddable":true,"href":"http:\/\/hoycordobaweb.com\/index.php\/wp-json\/wp\/v2\/categories?post=63567"},{"taxonomy":"post_tag","embeddable":true,"href":"http:\/\/hoycordobaweb.com\/index.php\/wp-json\/wp\/v2\/tags?post=63567"}],"curies":[{"name":"wp","href":"https:\/\/api.w.org\/{rel}","templated":true}]}}