{"id":63563,"date":"2023-07-19T21:53:36","date_gmt":"2023-07-19T21:53:36","guid":{"rendered":"https:\/\/ladecimaweb.com\/?p=17760"},"modified":"2023-07-19T21:53:36","modified_gmt":"2023-07-19T21:53:36","slug":"schiaretti-no-descarto-acercarse-a-juntos-por-el-cambio-despues-de-la-primera-vuelta","status":"publish","type":"post","link":"http:\/\/hoycordobaweb.com\/index.php\/2023\/07\/19\/schiaretti-no-descarto-acercarse-a-juntos-por-el-cambio-despues-de-la-primera-vuelta\/","title":{"rendered":"Schiaretti no descart\u00f3 acercarse a Juntos por el Cambio despu\u00e9s de la primera vuelta"},"content":{"rendered":"<div class=\"boldgrid-section\">\n<div class=\"container\">\n<div class=\"row\">\n<div class=\"col-md-12 col-xs-12 col-sm-12\">\n<p>El gobernador de C\u00f3rdoba y precandidato presidencial de Hacemos por Nuestro Pa\u00eds,<strong><span>&nbsp;<\/span>Juan Schiaretti, dej\u00f3 abierta la posibilidad de sumarse a Juntos por el Cambio despu\u00e9s de la primera vuelta,<\/strong><span>&nbsp;<\/span>luego de que se frustrara ese acercamiento por rechazos internos.<\/p>\n<p>En ese sentido, cuestion\u00f3 a la precandidata presidencial del PRO<span>&nbsp;<\/span><strong>Patricia Bullrich<\/strong><span>&nbsp;<\/span>por impedir una alianza que era propiciada por su contrincante interno<span>&nbsp;<\/span><strong>Horacio Rodr\u00edguez Larreta.<\/strong><\/p>\n<p><strong>\u201c(Antes del cierre de listas) hubo coincidencias con Horacio Rodr\u00edguez Larreta y creo que otros dirigentes de Cambiemos tambi\u00e9n. Lamentablemente, no se pudo hacer ese acuerdo porque prim\u00f3 el esp\u00edritu de mantener la grieta,<\/strong><span>&nbsp;<\/span>que es el negocio de los pol\u00edticos y no de la gente\u201d, afirm\u00f3 Schiaretti, que se\u00f1al\u00f3 que esa posibilidad todav\u00eda existe.<\/p>\n<p class=\"\">En declaraciones radiales, acus\u00f3 a la ex ministra de Seguridad por cancelar esa idea:<strong><span>&nbsp;<\/span>\u201cFue lo que expresaron tanto Patricia Bullirch como Mauricio Macri. O sea, no es que era imposible, prim\u00f3 el esp\u00edritu de mantener la grieta. Por eso no se pudo hacer ese acuerdo\u201d.<\/strong><\/p>\n<p class=\"\">\u201cAhora, hay una posibilidad nuevamente de intentarlo despu\u00e9s que pase la primera vuelta, despu\u00e9s del 22 de octubre. Ah\u00ed se puede retomar nuevamente este planteo y ver si conseguimos<strong><span>&nbsp;<\/span>hacer un gobierno de unidad nacional<\/strong><span>&nbsp;<\/span>que es lo que precisa Argentina\u201d, subray\u00f3 Schiaretti.<\/p>\n<p>Y agreg\u00f3:<span>&nbsp;<\/span><strong>\u201cSi gana (Bullrich), tiene que manifestar esa voluntad ella, no hay ninguna duda<\/strong>. Si a ella le toca ganar la interna de Juntos por el Cambio&#8230; la tiene que manifestar qui\u00e9n sea el candidato del Cambio. Yo no puedo anticiparme\u201d<\/p>\n<div class=\"ubm_banner\"><a href=\"http:\/\/www.cba.gov.ar\/prevencion-incendios\" target=\"_blank\" rel=\"dofollow noopener noreferrer\"><img src=\"http:\/\/hoycordobaweb.com\/wp-content\/uploads\/2023\/07\/schiaretti-no-descarto-acercarse-a-juntos-por-el-cambio-despues-de-la-primera-vuelta.gif\" alt=\"\"><\/a><\/div>\n<\/div>\n<\/div>\n<\/div>\n<\/div>\n<p>La entrada <a rel=\"nofollow\" href=\"https:\/\/ladecimaweb.com\/schiaretti-no-descarto-acercarse-a-juntos-por-el-cambio-despues-de-la-primera-vuelta\/\">Schiaretti no descart\u00f3 acercarse a Juntos por el Cambio despu\u00e9s de la primera vuelta<\/a> se public\u00f3 primero en <a rel=\"nofollow\" href=\"https:\/\/ladecimaweb.com\">LaDecima<\/a>.<\/p>\n","protected":false},"excerpt":{"rendered":"<p>El gobernador de C\u00f3rdoba y precandidato presidencial de Hacemos por Nuestro Pa\u00eds,&nbsp;Juan Schiaretti, dej\u00f3 abierta la posibilidad de sumarse a Juntos por el Cambio despu\u00e9s de la primera vuelta,&nbsp;luego de que se frustrara ese acercamiento por rechazos internos. En ese sentido, cuestion\u00f3 a la precandidata presidencial del PRO&nbsp;Patricia Bullrich&nbsp;por impedir una alianza que era propiciada [&hellip;]<\/p>\n","protected":false},"author":1,"featured_media":63564,"comment_status":"closed","ping_status":"closed","sticky":false,"template":"","format":"standard","meta":[],"categories":[19],"tags":[],"_links":{"self":[{"href":"http:\/\/hoycordobaweb.com\/index.php\/wp-json\/wp\/v2\/posts\/63563"}],"collection":[{"href":"http:\/\/hoycordobaweb.com\/index.php\/wp-json\/wp\/v2\/posts"}],"about":[{"href":"http:\/\/hoycordobaweb.com\/index.php\/wp-json\/wp\/v2\/types\/post"}],"author":[{"embeddable":true,"href":"http:\/\/hoycordobaweb.com\/index.php\/wp-json\/wp\/v2\/users\/1"}],"replies":[{"embeddable":true,"href":"http:\/\/hoycordobaweb.com\/index.php\/wp-json\/wp\/v2\/comments?post=63563"}],"version-history":[{"count":0,"href":"http:\/\/hoycordobaweb.com\/index.php\/wp-json\/wp\/v2\/posts\/63563\/revisions"}],"wp:featuredmedia":[{"embeddable":true,"href":"http:\/\/hoycordobaweb.com\/index.php\/wp-json\/wp\/v2\/media\/63564"}],"wp:attachment":[{"href":"http:\/\/hoycordobaweb.com\/index.php\/wp-json\/wp\/v2\/media?parent=63563"}],"wp:term":[{"taxonomy":"category","embeddable":true,"href":"http:\/\/hoycordobaweb.com\/index.php\/wp-json\/wp\/v2\/categories?post=63563"},{"taxonomy":"post_tag","embeddable":true,"href":"http:\/\/hoycordobaweb.com\/index.php\/wp-json\/wp\/v2\/tags?post=63563"}],"curies":[{"name":"wp","href":"https:\/\/api.w.org\/{rel}","templated":true}]}}