{"id":63522,"date":"2023-07-18T23:49:33","date_gmt":"2023-07-18T23:49:33","guid":{"rendered":"https:\/\/www.ole.com.ar\/futbol-internacional\/almandoz-copiaco-ahora-voy-bajar-cambio_0_MwEb2O85ET.html"},"modified":"2023-07-18T23:49:33","modified_gmt":"2023-07-18T23:49:33","slug":"almandoz-ahora-voy-a-bajar-un-cambio","status":"publish","type":"post","link":"http:\/\/hoycordobaweb.com\/index.php\/2023\/07\/18\/almandoz-ahora-voy-a-bajar-un-cambio\/","title":{"rendered":"Almandoz: \u00abAhora voy a bajar un cambio\u00bb"},"content":{"rendered":"<p><img src=\"http:\/\/hoycordobaweb.com\/wp-content\/uploads\/2023\/07\/almandoz-ahora-voy-a-bajar-un-cambio.jpg\"><\/p>\n<p><time class=\"createDate\" datetime=\"2023-07-18T20:49:33-03:00\">18\/07\/2023 20:49hs.<\/time><time class=\"modificatedDate\" datetime=\"2023-07-18T20:51:29-03:00\"> Actualizado al 18\/07\/2023 20:51hs.<\/time><\/p>\n<div id=\"storyBody\">\n<div class=\"custom-text \" readability=\"34.012320328542\">\n<p>El \u00faltimo lunes hubo mucha preocupaci\u00f3n en el f\u00fatbol argentino en general y el <strong><a href=\"https:\/\/www.ole.com.ar\/tema\/velez.html\" title=\"V\u00e9lez\" alt=\"V\u00e9lez\" class=\"slug\">V\u00e9lez <\/a><\/strong>en particular por la noticia de que <strong>H\u00e9ctor Almandoz<\/strong>, t\u00e9cnico de Deportes Copiap\u00f3 de Chile, <a href=\"https:\/\/www.ole.com.ar\/futbol-internacional\/almandoz-preinfarto-partido-copiaco-chile_0_3iX3QOxLn0.html\" target=\"_blank\" rel=\"noopener noreferrer\">hab\u00eda sido internado por un preinfarto luego del partido ante Audax Italiano<\/a>, seg\u00fan la informaci\u00f3n oficial del club. El Coio, titular del equipo del Fort\u00edn campe\u00f3n de todo al mando de Carlos Bianchi en 1994, habl\u00f3 con <strong>Ol\u00e9 <\/strong>y transmiti\u00f3 tranquilidad, luego de recibir el alta del Sanatorio Atacama.<\/p>\n<\/div>\n<div class=\"custom-text \" readability=\"35\">\n<p>\u00abNo fue un preinfarto. Fue una confusi\u00f3n con el diagn\u00f3stico, por lo que le avisaron al club. <strong>En realidad tuve una fibrilaci\u00f3n auricular\u00bb<\/strong>, explic\u00f3 el entrenador.<\/p>\n<\/div>\n<div class=\"custom-text \" readability=\"32\">\n<p><strong>-\u00bfY c\u00f3mo te sent\u00eds ahora?<\/strong><\/p>\n<\/div>\n<div class=\"custom-text \" readability=\"47\">\n<p> -Ya estoy recuperado, ahora tengo que hacer un peque\u00f1o reposo en casa, un tratamiento. Me llevaron de urgencia al hospital. Yo tuve algo similar a una taquicardia, y algunas cosas m\u00e1s, que hay que controlarlas con internaci\u00f3n. Ya estoy normalizado, reposando en casa. De a poquito voy a volver al ruedo. Primero est\u00e1 la salud. Yo tengo hijas, mujer, nietas, amigos y familiares. A todos ellos les estoy agradecido. Tuve un mill\u00f3n de mensajes, de Argentina, todo el grupo de V\u00e9lez, les agradezco a todos. La gente de Chile se port\u00f3 muy bien. Ya estamos listos, nos prepararemos para la guerra.<\/p>\n<\/div>\n<div class=\"custom-text \" readability=\"32\">\n<p><strong>-\u00bfCu\u00e1ndo regres\u00e1s a dirigir al plantel?<\/strong><\/p>\n<\/div>\n<div class=\"custom-text \" readability=\"39\">\n<p>-Calculo que la semana que viene, no me pongo plazo, Pero antes voy a visitar a los jugadores, ma\u00f1ana me tengo que hacer estudios. El s\u00e1bado pienso ir al estadio, no estar\u00e9 en el banco- Tengo que recuperarme bien, es importante la recuperaci\u00f3n.<\/p>\n<\/div>\n<div class=\"custom-text \" readability=\"32\">\n<p><strong>-\u00bfC\u00f3mo fue el episodio?<\/strong><\/p>\n<\/div>\n<div class=\"custom-text \" readability=\"39\">\n<p>-Fue despu\u00e9s de la conferencia de prensa. Me sent\u00ed mareado, y ah\u00ed normalmente me agarraba taquicardia. Tuve algo en el coraz\u00f3n que saben los cardi\u00f3logos. <strong>Esto es algo nervioso tambi\u00e9n, por el estr\u00e9s y la forma que vivo el f\u00fatbol. La cabeza me lleva a eso por el \u00e9xito.<\/strong> Con este tratamiento, bien controlado, espero volver al ruedo. Ya est\u00e1 todo bien&#8230;<\/p>\n<\/div>\n<div class=\"sc-e7b891c4-0 jPbnQF\"><img alt=\"Almandoz al dejar el hospital.\" src=\"http:\/\/hoycordobaweb.com\/wp-content\/uploads\/2023\/07\/almandoz-ahora-voy-a-bajar-un-cambio-2.jpg\" width=\"720\" height=\"100\" decoding=\"async\" data-nimg=\"future\" loading=\"lazy\"><span class=\"epigraphe\">Almandoz al dejar el hospital.<\/span><\/div>\n<div class=\"custom-text \" readability=\"32\">\n<p><strong>-\u00bfTe replante\u00e1s algo despu\u00e9s de esta situaci\u00f3n?<\/strong><\/p>\n<\/div>\n<div class=\"custom-text \" readability=\"42\">\n<p>-Yo tengo una familia, que es lo m\u00e1s importante en mi vida. Mi mujer est\u00e1 a mi lado. Tengo a mis hijas Estefan\u00eda y Sof\u00eda, a mi nieto Salvador, a mis sobrinos. Todos ellos me exigen que est\u00e9 m\u00e1s tranquilo. Pero me conocen, saben c\u00f3mo soy, vivo la pasi\u00f3n de esta manera, lo viv\u00ed as\u00ed como jugador y tambi\u00e9n como entrenador. Analizar\u00e9 porque ahora tengo que bajar un cambio. Debo tomar las cosas con m\u00e1s calma. Esto se puede prevenir, hay que tratar de sostener este tratamiento. Y seguir los pasos que me dicen los doctores. Es mejor prevenir.<\/p>\n<\/div>\n<div class=\"custom-text \" readability=\"32\">\n<p><strong>-\u00bfSiempre estuviste consciente?<\/strong><\/p>\n<\/div>\n<div class=\"custom-text \" readability=\"36\">\n<p>-S\u00ed. Entr\u00e9 caminando al hospital, me llev\u00f3 mi se\u00f1ora. Se preocuparon en el club, el presidente, el kinesi\u00f3logo. Me dejaron internado por precauci\u00f3n y para corregir lo que ten\u00eda.<\/p>\n<\/div>\n<div class=\"custom-text \" readability=\"32\">\n<p><strong>-\u00bfHab\u00eda pasado algo durante el partido que te haya alterado?<\/strong><\/p>\n<\/div>\n<div class=\"custom-text \" readability=\"36\">\n<p>-Nada, lo importante fue que se sumaron tres puntos. Despu\u00e9s del partido habl\u00e9 con los muchachos y el cuerpo t\u00e9cnico como siempre. Luego fui a la conferencia y sent\u00ed los mareos. Pero yo no puedo dejar al equipo, soy el l\u00edder de este barco.<\/p>\n<\/div>\n<div class=\"sc-a7166897-0 exHLBh\" readability=\"6\">\n<section readability=\"2\"><picture><img alt=\"Beckham sobre el debut de Messi: &quot;No sabemos si va a jugar de arranque&quot;\" src=\"http:\/\/hoycordobaweb.com\/wp-content\/uploads\/2023\/07\/almandoz-ahora-voy-a-bajar-un-cambio-3.jpg\" width=\"290\" height=\"290\" decoding=\"async\" data-nimg=\"future\" loading=\"lazy\"><\/picture>\n<p><span>Mir\u00e1 tambi\u00e9n<\/span><\/p>\n<hr>\n<h3>Beckham sobre el debut de Messi: \u00abNo sabemos si va a jugar de arranque\u00bb<\/h3>\n<\/p>\n<\/section>\n<\/div>\n<div class=\"sc-a7166897-0 exHLBh\" readability=\"7\">\n<section readability=\"4\"><picture><img alt=\"El Pincha gole\u00f3 4-0 a Barcelona, dio vuelta la serie y est\u00e1 en octavos de la Sudamericana\" src=\"http:\/\/hoycordobaweb.com\/wp-content\/uploads\/2023\/07\/almandoz-ahora-voy-a-bajar-un-cambio-4.jpg\" width=\"290\" height=\"290\" decoding=\"async\" data-nimg=\"future\" loading=\"lazy\"><\/picture>\n<p><span>Mir\u00e1 tambi\u00e9n<\/span><\/p>\n<hr>\n<h3>El Pincha gole\u00f3 4-0 a Barcelona, dio vuelta la serie y est\u00e1 en octavos de la Sudamericana<\/h3>\n<\/p>\n<\/section>\n<\/div>\n<\/div>\n","protected":false},"excerpt":{"rendered":"<p>18\/07\/2023 20:49hs. Actualizado al 18\/07\/2023 20:51hs. El \u00faltimo lunes hubo mucha preocupaci\u00f3n en el f\u00fatbol argentino en general y el V\u00e9lez en particular por la noticia de que H\u00e9ctor Almandoz, t\u00e9cnico de Deportes Copiap\u00f3 de Chile, hab\u00eda sido internado por un preinfarto luego del partido ante Audax Italiano, seg\u00fan la informaci\u00f3n oficial del club. El [&hellip;]<\/p>\n","protected":false},"author":1,"featured_media":63523,"comment_status":"open","ping_status":"closed","sticky":false,"template":"","format":"standard","meta":[],"categories":[16],"tags":[],"_links":{"self":[{"href":"http:\/\/hoycordobaweb.com\/index.php\/wp-json\/wp\/v2\/posts\/63522"}],"collection":[{"href":"http:\/\/hoycordobaweb.com\/index.php\/wp-json\/wp\/v2\/posts"}],"about":[{"href":"http:\/\/hoycordobaweb.com\/index.php\/wp-json\/wp\/v2\/types\/post"}],"author":[{"embeddable":true,"href":"http:\/\/hoycordobaweb.com\/index.php\/wp-json\/wp\/v2\/users\/1"}],"replies":[{"embeddable":true,"href":"http:\/\/hoycordobaweb.com\/index.php\/wp-json\/wp\/v2\/comments?post=63522"}],"version-history":[{"count":0,"href":"http:\/\/hoycordobaweb.com\/index.php\/wp-json\/wp\/v2\/posts\/63522\/revisions"}],"wp:featuredmedia":[{"embeddable":true,"href":"http:\/\/hoycordobaweb.com\/index.php\/wp-json\/wp\/v2\/media\/63523"}],"wp:attachment":[{"href":"http:\/\/hoycordobaweb.com\/index.php\/wp-json\/wp\/v2\/media?parent=63522"}],"wp:term":[{"taxonomy":"category","embeddable":true,"href":"http:\/\/hoycordobaweb.com\/index.php\/wp-json\/wp\/v2\/categories?post=63522"},{"taxonomy":"post_tag","embeddable":true,"href":"http:\/\/hoycordobaweb.com\/index.php\/wp-json\/wp\/v2\/tags?post=63522"}],"curies":[{"name":"wp","href":"https:\/\/api.w.org\/{rel}","templated":true}]}}