{"id":63520,"date":"2023-07-19T00:29:05","date_gmt":"2023-07-19T00:29:05","guid":{"rendered":"https:\/\/www.ole.com.ar\/futbol-internacional\/italia\/lautaro-estreno-capitan-abosulto-inter_0_ufOXDv3Zte.html"},"modified":"2023-07-19T00:29:05","modified_gmt":"2023-07-19T00:29:05","slug":"lautaro-martinez-hizo-su-debut-como-capitan-absoluto-del-inter","status":"publish","type":"post","link":"http:\/\/hoycordobaweb.com\/index.php\/2023\/07\/19\/lautaro-martinez-hizo-su-debut-como-capitan-absoluto-del-inter\/","title":{"rendered":"Lautaro Mart\u00ednez hizo su debut como capit\u00e1n absoluto del Inter"},"content":{"rendered":"<p><img src=\"http:\/\/hoycordobaweb.com\/wp-content\/uploads\/2023\/07\/lautaro-martinez-hizo-su-debut-como-capitan-absoluto-del-inter.jpg\"><\/p>\n<p><time class=\"createDate\" datetime=\"2023-07-18T21:29:005-03:00\">18\/07\/2023 21:29hs.<\/time><time class=\"modificatedDate\" datetime=\"2023-07-18T21:29:004-03:00\"><\/time><\/p>\n<div id=\"storyBody\">\n<div class=\"custom-text \" readability=\"37.948717948718\">\n<p>Luego de varios a\u00f1os al m\u00e1s alto nivel, <strong><a href=\"https:\/\/www.ole.com.ar\/tema\/lautaro-martinez.html\" title=\"Lautaro Mart\u00ednez\" alt=\"Lautaro Mart\u00ednez\" class=\"slug\">Lautaro Mart\u00ednez<\/a> escal\u00f3 posiciones hasta volverse el capit\u00e1n principal del <a href=\"https:\/\/www.ole.com.ar\/tema\/inter-de-milan.html\" title=\"Inter de Milan\" alt=\"Inter de Milan\" class=\"slug\">Inter<\/a><\/strong>. El argentino es una de las grandes figuras del equipo desde hace a\u00f1os y, tras la salida de algunos referentes del plantel, qued\u00f3 como capit\u00e1n absoluto del equipo. Este martes, el Toro estren\u00f3 este reconocimiento durante la victoria 3-0 de su equipo Lugano, en el primer amistoso de la pretemporada.<\/p>\n<\/div>\n<div class=\"custom-text \" readability=\"37.216463414634\">\n<p>El delantero fue titular en el Nerazzurro y, al igual que <a href=\"https:\/\/www.ole.com.ar\/tema\/joaquin-correa.html\" title=\"Joaqu\u00edn Correa\" alt=\"Joaqu\u00edn Correa\" class=\"slug\">Joaqu\u00edn Correa<\/a>, disput\u00f3 los primeros 60 minutos del encuentro hasta que sali\u00f3 reemplazado. Los de Mil\u00e1n se impusieron gracias a los goles de Giovanni Fabbian, Stefano Sensi y Sebastiano Esposito, consiguiendo ganar con contundencia su primer partido de preparaci\u00f3n.<\/p>\n<\/div>\n<div class=\"custom-text \" readability=\"38.514522821577\">\n<p>La 2023\/24 ser\u00e1 la primera campa\u00f1a en la que Lautaro sea el capit\u00e1n absoluto de la instituci\u00f3n, ya que pese a vestir la cinta en muchas ocasiones en las \u00faltimas temporadas, nunca hab\u00eda estado primero en esa consideraci\u00f3n. Sin embargo, <strong>la salida de Samir Handanovic tras once a\u00f1os, la de Marcelo Brozovic tras casi una d\u00e9cada y la de Romelu Lukaku causaron que el ex <a href=\"https:\/\/www.ole.com.ar\/tema\/racing.html\" title=\"Racing\" alt=\"Racing\" class=\"slug\">Racing<\/a> quedara como el m\u00e1ximo referente del plantel <\/strong>y que<strong> <\/strong>Simone Inzaghi le entregara este reconocimiento.<\/p>\n<\/div>\n<div class=\"custom-text \" readability=\"35.580524344569\">\n<p>La pr\u00f3xima parada del Inter del capit\u00e1n Lautaro ser\u00e1 ante el Al Nassr de <a href=\"https:\/\/www.ole.com.ar\/tema\/cristiano-ronaldo.html\" title=\"Cristiano Ronaldo\" alt=\"Cristiano Ronaldo\" class=\"slug\">Cristiano Ronaldo<\/a> (27\/7), y unos d\u00edas m\u00e1s tarde se medir\u00e1n frente al PSG (1\/8). Despu\u00e9s de eso, el Nerazzurro ya se centrar\u00e1 en su debut liguero, ante el Monza, el pr\u00f3ximo 19 de agosto.<\/p>\n<\/div>\n<div class=\"sc-e7b891c4-0 jPbnQF\"><img alt=\"Lautaro y Correa en el amistoso ante Lugano. (@Inter)\" src=\"http:\/\/hoycordobaweb.com\/wp-content\/uploads\/2023\/07\/lautaro-martinez-hizo-su-debut-como-capitan-absoluto-del-inter-2.jpg\" width=\"720\" height=\"100\" decoding=\"async\" data-nimg=\"future\" loading=\"lazy\"><span class=\"epigraphe\">Lautaro y Correa en el amistoso ante Lugano. (@Inter)<\/span><\/div>\n<p><h2><strong>Los n\u00fameros de Lautaro Mart\u00ednez en el Inter<\/strong><\/h2>\n<\/p>\n<div class=\"custom-text \" readability=\"35.874125874126\">\n<p>El Toro lleg\u00f3 a Italia a mediados de 2018, proveniente de Racing, donde r\u00e1pidamente se gan\u00f3 un lugar en el equipo. Con el correr de los a\u00f1os, el jugador se fue convirtiendo en el goleador y en una de las grandes figuras, al cual lider\u00f3 hasta la final de la pasada <a href=\"https:\/\/www.ole.com.ar\/tema\/champions-league.html\" title=\"Champions League\" alt=\"Champions League\" class=\"slug\">Champions League<\/a>.<\/p>\n<\/div>\n<div class=\"custom-text \" readability=\"40\">\n<p>Desde su llegada al Inter, <strong>Lautaro disput\u00f3 238 partidos y convirti\u00f3 102 tantos, lo que lo transform\u00f3 en el 9\u00b0 m\u00e1ximo goleador en toda la historia del club<\/strong>. En la 2022\/23, fue el argentino con m\u00e1s goles de la temporada (28) y fue el segundo m\u00e1ximo goleador de la Serie A, con 21 gritos, solo superado por Victor Osimhen.<\/p>\n<\/div>\n<div class=\"sc-e7b891c4-0 jPbnQF\"><img alt=\"Lautaro, capit\u00e1n y referente del Inter. (@Inter)\" src=\"http:\/\/hoycordobaweb.com\/wp-content\/uploads\/2023\/07\/lautaro-martinez-hizo-su-debut-como-capitan-absoluto-del-inter-3.jpg\" width=\"720\" height=\"100\" decoding=\"async\" data-nimg=\"future\" loading=\"lazy\"><span class=\"epigraphe\">Lautaro, capit\u00e1n y referente del Inter. (@Inter)<\/span><\/div>\n<div class=\"custom-text \" readability=\"37\">\n<p>Adem\u00e1s, se consagr\u00f3 campe\u00f3n de la Supercoppa de Italia -donde anot\u00f3 en la final ante el Milan- y de la Coppa Italia -anotando un doblete en la final ante la Fiorentina-. Tambi\u00e9n fue subcampe\u00f3n de la Champions League, competencia en la que fue elegido como el MVP en las revanchas de cuartos de final y de semifinales.<\/p>\n<\/div>\n<div class=\"custom-text \" readability=\"33.954732510288\">\n<p>Por supuesto, su gran rendimiento con el Inter tambi\u00e9n lo consolid\u00f3 en la <a href=\"https:\/\/www.ole.com.ar\/tema\/seleccion-argentina.html\" title=\"Selecci\u00f3n Argentina\" alt=\"Selecci\u00f3n Argentina\" class=\"slug\">Selecci\u00f3n Argentina<\/a>, donde fue una de las fijas en las convocatorias del plantel que levant\u00f3 la Copa Am\u00e9rica 2021, la Finalissima ante Italia y el Mundial de Qatar.<\/p>\n<\/div>\n<div class=\"sc-e7b891c4-0 jPbnQF\"><img alt=\"El Toro, campe\u00f3n con Inter y Argentina. (REUTERS)\" src=\"http:\/\/hoycordobaweb.com\/wp-content\/uploads\/2023\/07\/lautaro-martinez-hizo-su-debut-como-capitan-absoluto-del-inter-4.jpg\" width=\"720\" height=\"100\" decoding=\"async\" data-nimg=\"future\" loading=\"lazy\"><span class=\"epigraphe\">El Toro, campe\u00f3n con Inter y Argentina. (REUTERS)<\/span><\/div>\n<div class=\"custom-text \" readability=\"36\">\n<p>Todos estos n\u00fameros hicieron que Simone Inzaghi lo considerara como el principal referente para la pr\u00f3xima temporada y le otorgara la capitan\u00eda del equipo. Ahora s\u00ed como capit\u00e1n absoluto, Lautaro buscar\u00e1 revancha tras no haber podido levantar la Champions tras caer ante el Manchester City. \u00bf<strong>C\u00f3mo le ir\u00e1 en esta nueva campa\u00f1a?<\/strong><\/p>\n<\/div>\n<div class=\"sc-a7166897-0 exHLBh\" readability=\"6\">\n<section readability=\"2\"><picture><img alt=\"Lukaku: sin lugar en Chelsea y acusado de traidor en Italia \" src=\"http:\/\/hoycordobaweb.com\/wp-content\/uploads\/2023\/07\/lautaro-martinez-hizo-su-debut-como-capitan-absoluto-del-inter-5.jpg\" width=\"290\" height=\"290\" decoding=\"async\" data-nimg=\"future\" loading=\"lazy\"><\/picture>\n<p><span>Mir\u00e1 tambi\u00e9n<\/span><\/p>\n<hr>\n<h3>Lukaku: sin lugar en Chelsea y acusado de traidor en Italia<br \/>\n<\/h3>\n<\/p>\n<\/section>\n<\/div>\n<div class=\"sc-a7166897-0 exHLBh\" readability=\"6\">\n<section readability=\"2\"><picture><img alt=\"Goleada hist\u00f3rica del Bayern Munich en pretemporada: \u00a127-0 al FC Rottach-Egern!\" src=\"http:\/\/hoycordobaweb.com\/wp-content\/uploads\/2023\/07\/lautaro-martinez-hizo-su-debut-como-capitan-absoluto-del-inter-6.jpg\" width=\"290\" height=\"290\" decoding=\"async\" data-nimg=\"future\" loading=\"lazy\"><\/picture>\n<p><span>Mir\u00e1 tambi\u00e9n<\/span><\/p>\n<hr>\n<h3>Goleada hist\u00f3rica del Bayern Munich en pretemporada: \u00a127-0 al FC Rottach-Egern!<\/h3>\n<\/p>\n<\/section>\n<\/div>\n<div class=\"sc-a7166897-0 exHLBh\" readability=\"6\">\n<section readability=\"2\"><picture><img alt=\"Gio Lo Celso convirti\u00f3 un gol en la derrota del Tottenham\" src=\"http:\/\/hoycordobaweb.com\/wp-content\/uploads\/2023\/07\/lautaro-martinez-hizo-su-debut-como-capitan-absoluto-del-inter-7.jpg\" width=\"290\" height=\"290\" decoding=\"async\" data-nimg=\"future\" loading=\"lazy\"><\/picture>\n<p><span>Mir\u00e1 tambi\u00e9n<\/span><\/p>\n<hr>\n<h3>Gio Lo Celso convirti\u00f3 un gol en la derrota del Tottenham<\/h3>\n<\/p>\n<\/section>\n<\/div>\n<div class=\"sc-a7166897-0 exHLBh\" readability=\"6\">\n<section readability=\"2\"><picture><img alt=\"Video: Zanetti reconoci\u00f3 que &quot;s\u00f3lo falta la firma&quot; para que Colidio se sume a River \" src=\"http:\/\/hoycordobaweb.com\/wp-content\/uploads\/2023\/07\/lautaro-martinez-hizo-su-debut-como-capitan-absoluto-del-inter-8.jpg\" width=\"290\" height=\"290\" decoding=\"async\" data-nimg=\"future\" loading=\"lazy\"><\/picture>\n<p><span>Mir\u00e1 tambi\u00e9n<\/span><\/p>\n<hr>\n<h3>Video: Zanetti reconoci\u00f3 que \u00abs\u00f3lo falta la firma\u00bb para que Colidio se sume a River <\/h3>\n<\/p>\n<\/section>\n<\/div>\n<\/div>\n","protected":false},"excerpt":{"rendered":"<p>18\/07\/2023 21:29hs. Luego de varios a\u00f1os al m\u00e1s alto nivel, Lautaro Mart\u00ednez escal\u00f3 posiciones hasta volverse el capit\u00e1n principal del Inter. El argentino es una de las grandes figuras del equipo desde hace a\u00f1os y, tras la salida de algunos referentes del plantel, qued\u00f3 como capit\u00e1n absoluto del equipo. Este martes, el Toro estren\u00f3 este [&hellip;]<\/p>\n","protected":false},"author":1,"featured_media":63521,"comment_status":"open","ping_status":"closed","sticky":false,"template":"","format":"standard","meta":[],"categories":[16],"tags":[],"_links":{"self":[{"href":"http:\/\/hoycordobaweb.com\/index.php\/wp-json\/wp\/v2\/posts\/63520"}],"collection":[{"href":"http:\/\/hoycordobaweb.com\/index.php\/wp-json\/wp\/v2\/posts"}],"about":[{"href":"http:\/\/hoycordobaweb.com\/index.php\/wp-json\/wp\/v2\/types\/post"}],"author":[{"embeddable":true,"href":"http:\/\/hoycordobaweb.com\/index.php\/wp-json\/wp\/v2\/users\/1"}],"replies":[{"embeddable":true,"href":"http:\/\/hoycordobaweb.com\/index.php\/wp-json\/wp\/v2\/comments?post=63520"}],"version-history":[{"count":0,"href":"http:\/\/hoycordobaweb.com\/index.php\/wp-json\/wp\/v2\/posts\/63520\/revisions"}],"wp:featuredmedia":[{"embeddable":true,"href":"http:\/\/hoycordobaweb.com\/index.php\/wp-json\/wp\/v2\/media\/63521"}],"wp:attachment":[{"href":"http:\/\/hoycordobaweb.com\/index.php\/wp-json\/wp\/v2\/media?parent=63520"}],"wp:term":[{"taxonomy":"category","embeddable":true,"href":"http:\/\/hoycordobaweb.com\/index.php\/wp-json\/wp\/v2\/categories?post=63520"},{"taxonomy":"post_tag","embeddable":true,"href":"http:\/\/hoycordobaweb.com\/index.php\/wp-json\/wp\/v2\/tags?post=63520"}],"curies":[{"name":"wp","href":"https:\/\/api.w.org\/{rel}","templated":true}]}}