{"id":63499,"date":"2023-07-18T10:17:00","date_gmt":"2023-07-18T10:17:00","guid":{"rendered":"https:\/\/fm-comunicar.com.ar\/contenido\/20401\/colonia-vicente-aguero-realizara-un-encuentro-de-artesanos"},"modified":"2023-07-18T10:17:00","modified_gmt":"2023-07-18T10:17:00","slug":"colonia-vicente-aguero-realizara-un-encuentro-de-artesanos","status":"publish","type":"post","link":"http:\/\/hoycordobaweb.com\/index.php\/2023\/07\/18\/colonia-vicente-aguero-realizara-un-encuentro-de-artesanos\/","title":{"rendered":"Colonia Vicente Ag\u00fcero realizar\u00e1 un Encuentro de Artesanos"},"content":{"rendered":"<p>Ser\u00e1 la primera edici\u00f3n que organiza la Comuna. Este s\u00e1bado los artesanos inscriptos expondr\u00e1n sus productos.<img src=\"http:\/\/hoycordobaweb.com\/wp-content\/uploads\/2023\/07\/colonia-vicente-aguero-realizara-un-encuentro-de-artesanos.jpg\"><\/p>\n","protected":false},"excerpt":{"rendered":"<p>Ser\u00e1 la primera edici\u00f3n que organiza la Comuna. Este s\u00e1bado los artesanos inscriptos expondr\u00e1n sus productos.<\/p>\n","protected":false},"author":1,"featured_media":63500,"comment_status":"closed","ping_status":"closed","sticky":false,"template":"","format":"standard","meta":[],"categories":[18],"tags":[],"_links":{"self":[{"href":"http:\/\/hoycordobaweb.com\/index.php\/wp-json\/wp\/v2\/posts\/63499"}],"collection":[{"href":"http:\/\/hoycordobaweb.com\/index.php\/wp-json\/wp\/v2\/posts"}],"about":[{"href":"http:\/\/hoycordobaweb.com\/index.php\/wp-json\/wp\/v2\/types\/post"}],"author":[{"embeddable":true,"href":"http:\/\/hoycordobaweb.com\/index.php\/wp-json\/wp\/v2\/users\/1"}],"replies":[{"embeddable":true,"href":"http:\/\/hoycordobaweb.com\/index.php\/wp-json\/wp\/v2\/comments?post=63499"}],"version-history":[{"count":0,"href":"http:\/\/hoycordobaweb.com\/index.php\/wp-json\/wp\/v2\/posts\/63499\/revisions"}],"wp:featuredmedia":[{"embeddable":true,"href":"http:\/\/hoycordobaweb.com\/index.php\/wp-json\/wp\/v2\/media\/63500"}],"wp:attachment":[{"href":"http:\/\/hoycordobaweb.com\/index.php\/wp-json\/wp\/v2\/media?parent=63499"}],"wp:term":[{"taxonomy":"category","embeddable":true,"href":"http:\/\/hoycordobaweb.com\/index.php\/wp-json\/wp\/v2\/categories?post=63499"},{"taxonomy":"post_tag","embeddable":true,"href":"http:\/\/hoycordobaweb.com\/index.php\/wp-json\/wp\/v2\/tags?post=63499"}],"curies":[{"name":"wp","href":"https:\/\/api.w.org\/{rel}","templated":true}]}}