{"id":63473,"date":"2023-07-18T00:16:40","date_gmt":"2023-07-18T00:16:40","guid":{"rendered":"https:\/\/www.ole.com.ar\/futbol-internacional\/catolica-echo-holan-chile-tecnico_0_s7ErAsGyvi.html"},"modified":"2023-07-18T00:16:40","modified_gmt":"2023-07-18T00:16:40","slug":"holan-se-va-de-la-catolica","status":"publish","type":"post","link":"http:\/\/hoycordobaweb.com\/index.php\/2023\/07\/18\/holan-se-va-de-la-catolica\/","title":{"rendered":"Holan se va de la Cat\u00f3lica"},"content":{"rendered":"<p><img src=\"http:\/\/hoycordobaweb.com\/wp-content\/uploads\/2023\/07\/holan-se-va-de-la-catolica.jpg\"><\/p>\n<p><time class=\"createDate\" datetime=\"2023-07-17T21:16:40-03:00\">17\/07\/2023 21:16hs.<\/time><time class=\"modificatedDate\" datetime=\"2023-07-17T21:58:46-03:00\"> Actualizado al 17\/07\/2023 21:58hs.<\/time><\/p>\n<div id=\"storyBody\">\n<div class=\"custom-text \" readability=\"34.02614379085\">\n<p><strong><a href=\"https:\/\/www.ole.com.ar\/tema\/ariel-holan.html\" title=\"Ariel Holan\" alt=\"Ariel Holan\" class=\"slug\">Ariel Holan <\/a><\/strong>ya no es el t\u00e9cnico de la <strong><a href=\"https:\/\/www.ole.com.ar\/tema\/universidad-catolica.html\" title=\"Universidad Cat\u00f3lica\" alt=\"Universidad Cat\u00f3lica\" class=\"slug\">Universidad Cat\u00f3lica<\/a><\/strong> de Chile:<strong> la dirigencia lleg\u00f3 a un acuerdo con el entrenador argentino<\/strong> por la mala racha en el torneo local, apenas un partido ganado de los \u00faltimos diez, con el equipo en el octavo puesto de las posiciones, a nueve puntos del l\u00edder Cobresal.<\/p>\n<\/div>\n<div class=\"custom-text \" readability=\"40\">\n<p>La paciencia de la dirigencia trasandina se termin\u00f3 tras la ca\u00edda ante Curic\u00f3 Unido, 2 a 0 de visitante el \u00faltimo domingo, que fue la tercera derrota al hilo. El DT hab\u00eda admitido que la situaci\u00f3n era cr\u00edtica y hasta admiti\u00f3 que podr\u00eda dejar el cargo.\u201cLo evaluaremos en la semana, es lo \u00fanico que puedo decir\u00bb, afirm\u00f3 el ex Independiente y Defensa y Justicia., quien finalmente se junt\u00f3 con el presidente y acord\u00f3 si salida.<\/p>\n<\/div>\n<div class=\"custom-text \" readability=\"37\">\n<p>La dirigencia no estaba conforme con la campa\u00f1a y, a su vez, el entrenador hab\u00eda reclamado internamente por la salida de jugadores como Mauricio Isla y el arquero Dituro. Y finalmente se dio una salida, en b\u00fasqueda de mejora resultados.<\/p>\n<\/div>\n<div class=\"custom-text \" readability=\"39\">\n<p>Holan hab\u00eda sido recontratado por los Cruzados por el buen recuerdo de 2020, cuando consigui\u00f3 el tricampeonato nacional. Despu\u00e9s, pas\u00f3 por Santos de Brasil, un breve lapso, y Le\u00f3n de M\u00e9xico, antes de volver a los trasandinos.<\/p>\n<\/div>\n<div class=\"sc-e7b891c4-0 jPbnQF\"><img alt=\"Holan en la Sudamericana.\" src=\"http:\/\/hoycordobaweb.com\/wp-content\/uploads\/2023\/07\/holan-se-va-de-la-catolica-2.jpg\" width=\"720\" height=\"100\" decoding=\"async\" data-nimg=\"future\" loading=\"lazy\"><span class=\"epigraphe\">Holan en la Sudamericana.<\/span><\/div>\n<div class=\"custom-text \" readability=\"34\">\n<p>Rodrigo Valenzuela, en el partido ante Coquimbo Unido, este domingo 23 de julio.<\/p>\n<\/div>\n<div class=\"sc-a7166897-0 exHLBh\" readability=\"6\">\n<section readability=\"2\"><picture><img alt=\"Messi en la presentaci\u00f3n del nuevo logo de la Copa Am\u00e9rica\" src=\"http:\/\/hoycordobaweb.com\/wp-content\/uploads\/2023\/07\/holan-se-va-de-la-catolica-3.jpg\" width=\"290\" height=\"290\" decoding=\"async\" data-nimg=\"future\" loading=\"lazy\"><\/picture>\n<p><span>Mir\u00e1 tambi\u00e9n<\/span><\/p>\n<hr>\n<h3>Messi en la presentaci\u00f3n del nuevo logo de la Copa Am\u00e9rica<\/h3>\n<\/p>\n<\/section>\n<\/div>\n<div class=\"sc-a7166897-0 exHLBh\" readability=\"6.5\">\n<section readability=\"3\"><picture><img alt=\"La amenaza de los ultras del PSG a un posible fichaje: &quot;Te cortaremos esos tres dedos&quot;\" src=\"http:\/\/hoycordobaweb.com\/wp-content\/uploads\/2023\/07\/holan-se-va-de-la-catolica-4.jpg\" width=\"290\" height=\"290\" decoding=\"async\" data-nimg=\"future\" loading=\"lazy\"><\/picture>\n<p><span>Mir\u00e1 tambi\u00e9n<\/span><\/p>\n<hr>\n<h3>La amenaza de los ultras del PSG a un posible fichaje: \u00abTe cortaremos esos tres dedos\u00bb<\/h3>\n<\/p>\n<\/section>\n<\/div>\n<\/div>\n","protected":false},"excerpt":{"rendered":"<p>17\/07\/2023 21:16hs. Actualizado al 17\/07\/2023 21:58hs. Ariel Holan ya no es el t\u00e9cnico de la Universidad Cat\u00f3lica de Chile: la dirigencia lleg\u00f3 a un acuerdo con el entrenador argentino por la mala racha en el torneo local, apenas un partido ganado de los \u00faltimos diez, con el equipo en el octavo puesto de las posiciones, [&hellip;]<\/p>\n","protected":false},"author":1,"featured_media":63474,"comment_status":"open","ping_status":"closed","sticky":false,"template":"","format":"standard","meta":[],"categories":[16],"tags":[],"_links":{"self":[{"href":"http:\/\/hoycordobaweb.com\/index.php\/wp-json\/wp\/v2\/posts\/63473"}],"collection":[{"href":"http:\/\/hoycordobaweb.com\/index.php\/wp-json\/wp\/v2\/posts"}],"about":[{"href":"http:\/\/hoycordobaweb.com\/index.php\/wp-json\/wp\/v2\/types\/post"}],"author":[{"embeddable":true,"href":"http:\/\/hoycordobaweb.com\/index.php\/wp-json\/wp\/v2\/users\/1"}],"replies":[{"embeddable":true,"href":"http:\/\/hoycordobaweb.com\/index.php\/wp-json\/wp\/v2\/comments?post=63473"}],"version-history":[{"count":0,"href":"http:\/\/hoycordobaweb.com\/index.php\/wp-json\/wp\/v2\/posts\/63473\/revisions"}],"wp:featuredmedia":[{"embeddable":true,"href":"http:\/\/hoycordobaweb.com\/index.php\/wp-json\/wp\/v2\/media\/63474"}],"wp:attachment":[{"href":"http:\/\/hoycordobaweb.com\/index.php\/wp-json\/wp\/v2\/media?parent=63473"}],"wp:term":[{"taxonomy":"category","embeddable":true,"href":"http:\/\/hoycordobaweb.com\/index.php\/wp-json\/wp\/v2\/categories?post=63473"},{"taxonomy":"post_tag","embeddable":true,"href":"http:\/\/hoycordobaweb.com\/index.php\/wp-json\/wp\/v2\/tags?post=63473"}],"curies":[{"name":"wp","href":"https:\/\/api.w.org\/{rel}","templated":true}]}}