{"id":63424,"date":"2023-07-17T07:31:43","date_gmt":"2023-07-17T07:31:43","guid":{"rendered":"https:\/\/www.trendencias.com\/diseno\/lidl-tiene-taburete-funcional-que-sirve-para-guardar-ropa-sucia-parece-estar-sacado-revista-decoracion"},"modified":"2023-07-17T07:31:43","modified_gmt":"2023-07-17T07:31:43","slug":"lidl-tiene-un-taburete-funcional-que-sirve-para-guardar-la-ropa-sucia-y-parece-estar-sacado-de-una-revista-de-decoracion","status":"publish","type":"post","link":"http:\/\/hoycordobaweb.com\/index.php\/2023\/07\/17\/lidl-tiene-un-taburete-funcional-que-sirve-para-guardar-la-ropa-sucia-y-parece-estar-sacado-de-una-revista-de-decoracion\/","title":{"rendered":"Lidl tiene un taburete funcional que sirve para guardar la ropa sucia y parece estar sacado de una revista de decoraci\u00f3n"},"content":{"rendered":"<p>Aunque, normalmente, las revistas de decoraci\u00f3n nos muestran casas de ensue\u00f1o con cientos de metros cuadrados libres para amueblar y decorar, lo cierto es que esas ideas podemos adaptarlas a nuestras necesidades y presupuesto. Aunque, de primeras, no nos parezca posible, <strong>no necesitamos un gran presupuesto<\/strong> y en Lidl hemos encontrado un buen ejemplo de ello.<\/p>\n<p><!-- BREAK 1 --><\/p>\n<div class=\"article-asset article-asset-normal article-asset-center\">\n<div class=\"desvio-container\">\n<div class=\"desvio\">\n<div class=\"desvio-figure js-desvio-figure\"> <a href=\"https:\/\/www.trendencias.com\/shopping\/lidl-rebaja-armario-para-colada-que-solucion-perfecta-para-orden-bano\"> <img alt=\"Lidl rebaja el armario para la colada que es la soluci\u00f3n perfecta para el orden en el ba\u00f1o \" src=\"http:\/\/hoycordobaweb.com\/wp-content\/uploads\/2023\/07\/lidl-tiene-un-taburete-funcional-que-sirve-para-guardar-la-ropa-sucia-y-parece-estar-sacado-de-una-revista-de-decoracion.jpg\"> <\/a> <\/div><\/div><\/div>\n<\/div>\n<h2>Un mueble capaz de adaptarse a todas las necesidades<\/h2>\n<p>Lidl nos ofrece un taburete funcional en el que, adem\u00e1s de sentarte y decorar la estancia, tambi\u00e9n sirve para guardar la ropa sucia (o lo que queramos). Es perfecto para espacios reducidos y est\u00e1 disponible en <strong>cuatro colores distintos<\/strong>.<\/p>\n<p><!-- BREAK 2 --><\/p>\n<p>No queremos crearte <em>hype<\/em> pero pensamos que este peque\u00f1o mueble podr\u00eda convertirse en nuestra pr\u00f3xima salvaci\u00f3n. Fabricado en <strong>madera maciza<\/strong>, se acompa\u00f1a de un c\u00f3modo coj\u00edn en la parte superior para que podamos sentarnos a descansar en cualquier momento.<\/p>\n<p><!-- BREAK 3 --><\/p>\n<div class=\"article-asset-image article-asset-normal article-asset-center\">\n<div class=\"asset-content\">\n<div class=\"caption-img \">\n<div class=\"base-wrapper-image\"> <img class=\"sf-lazy centro_sinmarco\" data-sf-srcset=\"http:\/\/hoycordobaweb.com\/wp-content\/uploads\/2023\/07\/lidl-tiene-un-taburete-funcional-que-sirve-para-guardar-la-ropa-sucia-y-parece-estar-sacado-de-una-revista-de-decoracion-1.jpg 450w, http:\/\/hoycordobaweb.com\/wp-content\/uploads\/2023\/07\/lidl-tiene-un-taburete-funcional-que-sirve-para-guardar-la-ropa-sucia-y-parece-estar-sacado-de-una-revista-de-decoracion-4.jpg 681w,http:\/\/hoycordobaweb.com\/wp-content\/uploads\/2023\/07\/lidl-tiene-un-taburete-funcional-que-sirve-para-guardar-la-ropa-sucia-y-parece-estar-sacado-de-una-revista-de-decoracion-5.jpg 1024w, http:\/\/hoycordobaweb.com\/wp-content\/uploads\/2023\/07\/lidl-tiene-un-taburete-funcional-que-sirve-para-guardar-la-ropa-sucia-y-parece-estar-sacado-de-una-revista-de-decoracion-6.jpg 1366w,\" data-sf-src=\"http:\/\/hoycordobaweb.com\/wp-content\/uploads\/2023\/07\/lidl-tiene-un-taburete-funcional-que-sirve-para-guardar-la-ropa-sucia-y-parece-estar-sacado-de-una-revista-de-decoracion-1.jpg\" alt=\"Wenko Taburete De Bano Para Guardar La Ropa Zoom\"> <noscript><img alt=\"Wenko Taburete De Bano Para Guardar La Ropa Zoom\" class=\"centro_sinmarco\" src=\"http:\/\/hoycordobaweb.com\/wp-content\/uploads\/2023\/07\/lidl-tiene-un-taburete-funcional-que-sirve-para-guardar-la-ropa-sucia-y-parece-estar-sacado-de-una-revista-de-decoracion-1.jpg\"><\/noscript> <\/div>\n<p> <span>Lidl<\/span> <\/div><\/div>\n<\/div>\n<p>Est\u00e1 disponible en cuatro combinaciones de color distintas: madera blanca y coj\u00edn blanco; madera blanca y coj\u00edn gris; madera oscura y coj\u00edn blanco; madera oscura y coj\u00edn gris. Lo cierto es que este mueble podr\u00eda, perfectamente, <strong>estar sacado de una revista de decoraci\u00f3n<\/strong>.<\/p>\n<p><!-- BREAK 4 --><\/p>\n<p>Adem\u00e1s, est\u00e1 a la venta por menos de lo que podamos pensar pues se encuentra rebajado de 69,99 euros a <strong>49,99 euros.<\/strong><\/p>\n<p><!-- BREAK 5 --><!-- PIVOT START --><\/p>\n<div class=\"pivot-ecommerce-container\">\n<div class=\"pivot-ecommerce\" readability=\"4.1538461538462\">\n<div class=\"pivot-ecommerce-figure\"> <a rel=\"nofollow noopener noreferrer\" target=\"_blank\" href=\"https:\/\/www.trendencias.com\/redirect?url=https%3A%2F%2Fwww.lidl.es%2Fes%2Fwenko-taburete-de-bano-para-guardar-la-ropa%2Fp42985&amp;category=diseno&amp;pivot=1&amp;ecomPostExpiration=perish\"> <img alt=\"Wenko Taburete de ba\u00f1o para guardar la ropa\" src=\"http:\/\/hoycordobaweb.com\/wp-content\/uploads\/2023\/07\/lidl-tiene-un-taburete-funcional-que-sirve-para-guardar-la-ropa-sucia-y-parece-estar-sacado-de-una-revista-de-decoracion-2.jpg\"> <\/a> <\/div>\n<div class=\"pivot-ecommerce-summary\" readability=\"4.8461538461538\">\n<p class=\"pivot-ecommerce-desc\">Wenko Taburete de ba\u00f1o para guardar la ropa<\/p>\n<\/p><\/div><\/div>\n<\/div>\n<p><!-- PIVOT END --><\/p>\n<p><em>Algunos de los enlaces de este art\u00edculo son afiliados y pueden reportar un beneficio a Trendencias.<\/em><\/p>\n<p><!-- BREAK 6 --><\/p>\n<p>Foto de portada | <a href=\"https:\/\/unsplash.com\/es\/@steveungermann\">Steven Ungermann<\/a><\/p>\n<p>En Trendencias | <a href=\"https:\/\/www.trendencias.com\/propuestas-y-consejos\/como-limpiar-nuestras-zapatillas-blancas-parezcan-nuevas-1\">C\u00f3mo limpiar nuestras zapatillas blancas para que parezcan nuevas<\/a><\/p>\n<p><!-- BREAK 7 --><\/p>\n<p>En Trendencias | <a href=\"https:\/\/www.trendencias.com\/diseno\/19-basicos-zara-home-para-decorar-salon\">19 b\u00e1sicos de Zara Home para decorar el sal\u00f3n<\/a><\/p>\n<p><!-- BREAK 8 --><\/p>\n<p>En Trendencias | <a href=\"https:\/\/www.trendencias.com\/propuestas-y-consejos\/limpieza-plata-casa-seis-trucos-caseros-joyeria-objetos-decoracion-luzcan-como-primer-dia\">Limpieza de plata en casa: ocho trucos caseros para que la joyer\u00eda o los objetos de decoraci\u00f3n luzcan como el primer d\u00eda<\/a><\/p>\n<p><!-- BREAK 9 --> <\/p>\n","protected":false},"excerpt":{"rendered":"<p>Aunque, normalmente, las revistas de decoraci\u00f3n nos muestran casas de ensue\u00f1o con cientos de metros cuadrados libres para amueblar y decorar, lo cierto es que esas ideas podemos adaptarlas a nuestras necesidades y presupuesto. Aunque, de primeras, no nos parezca posible, no necesitamos un gran presupuesto y en Lidl hemos encontrado un buen ejemplo de [&hellip;]<\/p>\n","protected":false},"author":1,"featured_media":63425,"comment_status":"closed","ping_status":"closed","sticky":false,"template":"","format":"standard","meta":[],"categories":[1],"tags":[],"_links":{"self":[{"href":"http:\/\/hoycordobaweb.com\/index.php\/wp-json\/wp\/v2\/posts\/63424"}],"collection":[{"href":"http:\/\/hoycordobaweb.com\/index.php\/wp-json\/wp\/v2\/posts"}],"about":[{"href":"http:\/\/hoycordobaweb.com\/index.php\/wp-json\/wp\/v2\/types\/post"}],"author":[{"embeddable":true,"href":"http:\/\/hoycordobaweb.com\/index.php\/wp-json\/wp\/v2\/users\/1"}],"replies":[{"embeddable":true,"href":"http:\/\/hoycordobaweb.com\/index.php\/wp-json\/wp\/v2\/comments?post=63424"}],"version-history":[{"count":0,"href":"http:\/\/hoycordobaweb.com\/index.php\/wp-json\/wp\/v2\/posts\/63424\/revisions"}],"wp:featuredmedia":[{"embeddable":true,"href":"http:\/\/hoycordobaweb.com\/index.php\/wp-json\/wp\/v2\/media\/63425"}],"wp:attachment":[{"href":"http:\/\/hoycordobaweb.com\/index.php\/wp-json\/wp\/v2\/media?parent=63424"}],"wp:term":[{"taxonomy":"category","embeddable":true,"href":"http:\/\/hoycordobaweb.com\/index.php\/wp-json\/wp\/v2\/categories?post=63424"},{"taxonomy":"post_tag","embeddable":true,"href":"http:\/\/hoycordobaweb.com\/index.php\/wp-json\/wp\/v2\/tags?post=63424"}],"curies":[{"name":"wp","href":"https:\/\/api.w.org\/{rel}","templated":true}]}}