{"id":63367,"date":"2023-07-15T23:47:43","date_gmt":"2023-07-15T23:47:43","guid":{"rendered":"https:\/\/www.ole.com.ar\/ecuador\/emelec\/emelec-baja-sporting-cristal-jesus-castillo_0_i0Pdz4085f.html"},"modified":"2023-07-15T23:47:43","modified_gmt":"2023-07-15T23:47:43","slug":"atento-emelec-sporting-cristal-pierde-un-jugador-clave-para-la-vuelta","status":"publish","type":"post","link":"http:\/\/hoycordobaweb.com\/index.php\/2023\/07\/15\/atento-emelec-sporting-cristal-pierde-un-jugador-clave-para-la-vuelta\/","title":{"rendered":"Atento Emelec: Sporting Cristal pierde un jugador clave para la vuelta"},"content":{"rendered":"<p><img src=\"http:\/\/hoycordobaweb.com\/wp-content\/uploads\/2023\/07\/atento-emelec-sporting-cristal-pierde-un-jugador-clave-para-la-vuelta.jpg\"><\/p>\n<p><time class=\"createDate\" datetime=\"2023-07-15T20:47:43-03:00\">15\/07\/2023 20:47hs.<\/time><time class=\"modificatedDate\" datetime=\"2023-07-15T20:47:42-03:00\"><\/time><\/p>\n<div id=\"storyBody\">\n<div class=\"custom-text \" readability=\"36.301886792453\">\n<p><strong><a href=\"https:\/\/www.ole.com.ar\/tema\/emelec.html\" title=\"emelec\" alt=\"emelec\" class=\"slug\">Emelec<\/a><\/strong> dio el primer paso hacia los octavos de final de la Copa Sudamericana. <strong>El Bombillo demostr\u00f3 su eficacia y solidez en tierras peruanas y se trajo de regreso a Guayaquil un triunfo por 1 a 0 ante Sporting Cristal<\/strong>, gracias al tanto de Jos\u00e9 Francisco Cevallos, por la ida de los playoffs del certamen continental.<\/p>\n<\/div>\n<div class=\"custom-text \" readability=\"36\">\n<p>Lo cierto es que, mientras los de Hern\u00e1n Torres contin\u00faan trabajando pensando en cerrar la llave en el Estadio George Capwell el pr\u00f3ximo mi\u00e9rcoles, <strong>desde Lima se dio a conocer que sus rivales pierden una pieza clave para el enfrentamiento de vuelta.<\/strong><\/p>\n<\/div>\n<div class=\"custom-text \" readability=\"37\">\n<p>Se trata de <strong>Jes\u00fas Castillo. El mediocampista de 22 a\u00f1os fue vendido al Gil Vicente de Portugal<\/strong>, as\u00ed lo oficializ\u00f3 este s\u00e1bado el equipo a trav\u00e9s de sus redes sociales. El jugador viajar\u00e1 en los pr\u00f3ximos d\u00edas para realizarse los ex\u00e1menes m\u00e9dicos y firmar el contrato con su nuevo club. Desde Cristal, destacaron que el jugador fue formado en las divisiones juveniles del equipo y lo despidieron con un video: \u00abDe la cantera a Europa. \u00a1\u00c9xitos Jes\u00fas!\u00bb<\/p>\n<\/div>\n<div class=\"custom-text \" readability=\"35\">\n<p><strong>Castillo se marcha despu\u00e9s de haber disputado 117 partidos, en los que marc\u00f3 tres goles y dio dos asistencias. <\/strong>Adem\u00e1s gan\u00f3 una Liga y una Copa Bicentenario y visti\u00f3 en cuatro ocasiones la camiseta de la Selecci\u00f3n Absoluta de Per\u00fa.<\/p>\n<\/div>\n<p><h2><strong>Victoria de Sp. Cristal antes de viajar a Ecuador<\/strong><\/h2>\n<\/p>\n<div class=\"custom-text \" readability=\"38\">\n<p>A diferencia de la LigaPro, que se encuentra en su receso hasta el inicio de la Fase 2, en Per\u00fa la pelota sigue rodando. Este s\u00e1bado <strong>Sporting Cristal tuvo que saltar a la cancha para disputar la cuarta fecha del Torneo Clausura de la Liga 1: en su casa, los de Lima le ganaron por 3-2 a Carlos Mannucci y quedaron l\u00edderes del campeonato junto a Universitario.<\/strong><\/p>\n<\/div>\n<div class=\"custom-text \" readability=\"38\">\n<p>Pensando en la revancha contra Emelec por la Copa Sudamericana, el entrenador brasile\u00f1o Tiago Nunes cuid\u00f3 a algunos de los que fueron titulares en la derrota 1-0 ante el Bombillo por el playoff para acceder a los octavos de final. El arquero Renato Sol\u00eds; los defensores Jhilmar Lora, Gianfranco Ch\u00e1vez, Nilson Oyola; el volante Jes\u00fas Castillo; y los delanteros Joao Grimaldo y Brenner no estuvieron desde el inicio.<\/p>\n<\/div>\n<div class=\"sc-e7b891c4-0 jPbnQF\"><img alt=\"Corozo hizo uno de los goles.\" src=\"http:\/\/hoycordobaweb.com\/wp-content\/uploads\/2023\/07\/atento-emelec-sporting-cristal-pierde-un-jugador-clave-para-la-vuelta-2.jpg\" width=\"720\" height=\"100\" decoding=\"async\" data-nimg=\"future\" loading=\"lazy\"><span class=\"epigraphe\">Corozo hizo uno de los goles.<\/span><\/div>\n<div class=\"custom-text \" readability=\"37\">\n<p>Los locales se pusieron en ventaja gracias al tricolor que tienen en el plantel: a los 23 minutos, Washington Corozo conect\u00f3 de cabeza un gran centro de Nicol\u00e1s Pasquini y puso el 1-0 parcial en el Estadio Alberto Gallardo. Sin embargo, los visitantes lo dieron vuelta con goles de Math\u00edas Llontop y Mat\u00edas Succar.<\/p>\n<\/div>\n<div class=\"custom-text \" readability=\"37\">\n<p>La reacci\u00f3n de Sporting Cristal lleg\u00f3 en el final gracias a su goleador, el brasile\u00f1o Brenner. El delantero, que ingres\u00f3 en el complemento, puso el 2-2 de penal y luego convirti\u00f3 el tanto del triunfo a los \u00a196 minutos!<\/p>\n<\/div>\n<div class=\"sc-e7b891c4-0 jPbnQF\"><img alt=\"El brasile\u00f1o Brenner hizo dos goles.\" src=\"http:\/\/hoycordobaweb.com\/wp-content\/uploads\/2023\/07\/atento-emelec-sporting-cristal-pierde-un-jugador-clave-para-la-vuelta-3.jpg\" width=\"720\" height=\"100\" decoding=\"async\" data-nimg=\"future\" loading=\"lazy\"><span class=\"epigraphe\">El brasile\u00f1o Brenner hizo dos goles.<\/span><\/div>\n<p><h2><strong>\u00bfQu\u00e9 necesita Emelec para clasificar?<\/strong><\/h2>\n<\/p>\n<div class=\"custom-text \" readability=\"37\">\n<p>El partido de vuelta entre los ecuatorianos y peruanos se jugar\u00e1 la pr\u00f3xima semana. El mi\u00e9rcoles 19 de julio, en el Estadio George Capwell se volver\u00e1n a ver las caras los equipos dirigidos por Hern\u00e1n Torres y Tiago Nunes, respectivamente. El cotejo comenzar\u00e1 a las 21, tal como fue en la ida.<\/p>\n<\/div>\n<div class=\"custom-text \" readability=\"39\">\n<p>Con la ventaja conseguida en Per\u00fa, Emelec tiene dos resultados a su favor para el partido de vuelta: avanzar\u00e1 a los octavos si gana o empata en su casa. En caso de perder de local, si lo hace por un gol diferencia, la serie se definir\u00e1 por penales. Si el Sporting Cristal se impone por dos goles de diferencia o m\u00e1s, ser\u00e1n los peruanos los que se clasifiquen a la siguiente ronda.<\/p>\n<\/div>\n<div class=\"sc-e7b891c4-0 jPbnQF\"><img alt=\"Emelec gan\u00f3 en la ida.\" src=\"http:\/\/hoycordobaweb.com\/wp-content\/uploads\/2023\/07\/atento-emelec-sporting-cristal-pierde-un-jugador-clave-para-la-vuelta-4.jpg\" width=\"720\" height=\"100\" decoding=\"async\" data-nimg=\"future\" loading=\"lazy\"><span class=\"epigraphe\">Emelec gan\u00f3 en la ida.<\/span><\/div>\n<div class=\"sc-a7166897-0 exHLBh\" readability=\"6\">\n<section readability=\"2\"><picture><img alt=\"El mensaje de Antonio Valencia a Segundo Castillo y su curiosa respuesta\" src=\"http:\/\/hoycordobaweb.com\/wp-content\/uploads\/2023\/07\/atento-emelec-sporting-cristal-pierde-un-jugador-clave-para-la-vuelta-5.jpg\" width=\"290\" height=\"290\" decoding=\"async\" data-nimg=\"future\" loading=\"lazy\"><\/picture>\n<p><span>Mir\u00e1 tambi\u00e9n<\/span><\/p>\n<hr>\n<h3>El mensaje de Antonio Valencia a Segundo Castillo y su curiosa respuesta<\/h3>\n<\/p>\n<\/section>\n<\/div>\n<div class=\"sc-a7166897-0 exHLBh\" readability=\"6\">\n<section readability=\"2\"><picture><img alt=\"Jornada de amistosos entre Dep. Cuenca y Orense\" src=\"http:\/\/hoycordobaweb.com\/wp-content\/uploads\/2023\/07\/atento-emelec-sporting-cristal-pierde-un-jugador-clave-para-la-vuelta-6.jpg\" width=\"290\" height=\"290\" decoding=\"async\" data-nimg=\"future\" loading=\"lazy\"><\/picture>\n<p><span>Mir\u00e1 tambi\u00e9n<\/span><\/p>\n<hr>\n<h3>Jornada de amistosos entre Dep. Cuenca y Orense<\/h3>\n<\/p>\n<\/section>\n<\/div>\n<div class=\"sc-a7166897-0 exHLBh\" readability=\"6\">\n<section readability=\"2\"><picture><img alt=\"Atenci\u00f3n Emelec: Sporting Cristal gan\u00f3 de forma ag\u00f3nica y es l\u00edder \" src=\"http:\/\/hoycordobaweb.com\/wp-content\/uploads\/2023\/07\/atento-emelec-sporting-cristal-pierde-un-jugador-clave-para-la-vuelta-7.jpg\" width=\"290\" height=\"290\" decoding=\"async\" data-nimg=\"future\" loading=\"lazy\"><\/picture>\n<p><span>Mir\u00e1 tambi\u00e9n<\/span><\/p>\n<hr>\n<h3>Atenci\u00f3n Emelec: Sporting Cristal gan\u00f3 de forma ag\u00f3nica y es l\u00edder <\/h3>\n<\/p>\n<\/section>\n<\/div>\n<div class=\"sc-a7166897-0 exHLBh\" readability=\"6\">\n<section readability=\"2\"><picture><img alt=\"Video: la reacci\u00f3n de la familia de Joao Rojas a su doblete\" src=\"http:\/\/hoycordobaweb.com\/wp-content\/uploads\/2023\/07\/atento-emelec-sporting-cristal-pierde-un-jugador-clave-para-la-vuelta-8.jpg\" width=\"290\" height=\"290\" decoding=\"async\" data-nimg=\"future\" loading=\"lazy\"><\/picture>\n<p><span>Mir\u00e1 tambi\u00e9n<\/span><\/p>\n<hr>\n<h3>Video: la reacci\u00f3n de la familia de Joao Rojas a su doblete<\/h3>\n<\/p>\n<\/section>\n<\/div>\n<\/div>\n","protected":false},"excerpt":{"rendered":"<p>15\/07\/2023 20:47hs. Emelec dio el primer paso hacia los octavos de final de la Copa Sudamericana. El Bombillo demostr\u00f3 su eficacia y solidez en tierras peruanas y se trajo de regreso a Guayaquil un triunfo por 1 a 0 ante Sporting Cristal, gracias al tanto de Jos\u00e9 Francisco Cevallos, por la ida de los playoffs [&hellip;]<\/p>\n","protected":false},"author":1,"featured_media":63368,"comment_status":"open","ping_status":"closed","sticky":false,"template":"","format":"standard","meta":[],"categories":[16],"tags":[],"_links":{"self":[{"href":"http:\/\/hoycordobaweb.com\/index.php\/wp-json\/wp\/v2\/posts\/63367"}],"collection":[{"href":"http:\/\/hoycordobaweb.com\/index.php\/wp-json\/wp\/v2\/posts"}],"about":[{"href":"http:\/\/hoycordobaweb.com\/index.php\/wp-json\/wp\/v2\/types\/post"}],"author":[{"embeddable":true,"href":"http:\/\/hoycordobaweb.com\/index.php\/wp-json\/wp\/v2\/users\/1"}],"replies":[{"embeddable":true,"href":"http:\/\/hoycordobaweb.com\/index.php\/wp-json\/wp\/v2\/comments?post=63367"}],"version-history":[{"count":0,"href":"http:\/\/hoycordobaweb.com\/index.php\/wp-json\/wp\/v2\/posts\/63367\/revisions"}],"wp:featuredmedia":[{"embeddable":true,"href":"http:\/\/hoycordobaweb.com\/index.php\/wp-json\/wp\/v2\/media\/63368"}],"wp:attachment":[{"href":"http:\/\/hoycordobaweb.com\/index.php\/wp-json\/wp\/v2\/media?parent=63367"}],"wp:term":[{"taxonomy":"category","embeddable":true,"href":"http:\/\/hoycordobaweb.com\/index.php\/wp-json\/wp\/v2\/categories?post=63367"},{"taxonomy":"post_tag","embeddable":true,"href":"http:\/\/hoycordobaweb.com\/index.php\/wp-json\/wp\/v2\/tags?post=63367"}],"curies":[{"name":"wp","href":"https:\/\/api.w.org\/{rel}","templated":true}]}}