{"id":63312,"date":"2023-07-15T00:30:42","date_gmt":"2023-07-15T00:30:42","guid":{"rendered":"https:\/\/www.ole.com.ar\/futbol-internacional\/castellanos-lazio-jugara-champions-league_0_FLKLtgkpEF.html"},"modified":"2023-07-15T00:30:42","modified_gmt":"2023-07-15T00:30:42","slug":"castellanos-jugara-la-champions-league","status":"publish","type":"post","link":"http:\/\/hoycordobaweb.com\/index.php\/2023\/07\/15\/castellanos-jugara-la-champions-league\/","title":{"rendered":"Castellanos jugar\u00e1 la Champions League"},"content":{"rendered":"<p><img src=\"http:\/\/hoycordobaweb.com\/wp-content\/uploads\/2023\/07\/castellanos-jugara-la-champions-league.jpg\"><\/p>\n<p><time class=\"createDate\" datetime=\"2023-07-14T21:30:42-03:00\">14\/07\/2023 21:30hs.<\/time><time class=\"modificatedDate\" datetime=\"2023-07-14T21:30:42-03:00\"><\/time><\/p>\n<div id=\"storyBody\">\n<div class=\"custom-text \" readability=\"12.084010840108\">\n<p><strong><a href=\"https:\/\/www.ole.com.ar\/tema\/valentin-castellanos.html\" title=\"Valentin Castellanos\" alt=\"Valentin Castellanos\" class=\"slug\">Valent\u00edn Castellanos <\/a><\/strong>hab\u00eda quedado en la \u00f3rbita de varios equipos europeos tras terminar su cesi\u00f3n en el Girona de la Liga Espa\u00f1ola. Uno de los que puso el ojo en el delantero argentino fue el Benfica, campe\u00f3n portugu\u00e9s. Finalmente, el destino ser\u00e1 en una liga top, Italia:<strong> la <a href=\"https:\/\/www.ole.com.ar\/tema\/lazio.html\" title=\"Lazio\" alt=\"Lazio\" class=\"slug\">Lazio <\/a>acord\u00f3 la compra en 15 millones de euros m\u00e1s objetivos con el New York City. <\/strong><\/p>\n<\/div>\n<div class=\"custom-text \" readability=\"14\">\n<p>El futbolista llegar\u00e1 el martes a Roma para firmar su contrato, que ser\u00e1 hasta junio de 2028. Se unir\u00e1 al plantel de Maurizio Sarri, que no tiene argentinos desde la salida de Luka Romero al Milan. Entre sus compa\u00f1eros estar\u00e1 Ciro Immobile, atacante de mucha experiencia y con pasado en la Azzurra. Otros: los zagueros Nicolo Casale y Alessio Romagnoli, y el extremo Mattia Zaccagni.<\/p>\n<\/div>\n<div class=\"sc-e7b891c4-0 jPbnQF\"><img alt=\"Castellanos en Girona.\" src=\"http:\/\/hoycordobaweb.com\/wp-content\/uploads\/2023\/07\/castellanos-jugara-la-champions-league-2.jpg\" width=\"720\" height=\"100\" decoding=\"async\" data-nimg=\"future\" loading=\"lazy\"><span class=\"epigraphe\">Castellanos en Girona.<\/span><\/div>\n<div class=\"custom-text \" readability=\"7.9787234042553\">\n<p>El Taty tendr\u00e1 la posibilidad de jugar la<a href=\"https:\/\/www.ole.com.ar\/tema\/champions-league.html\" title=\"Champions League\" alt=\"Champions League\" class=\"slug\"> Champions League<\/a> 23\/24, ya que el equipo lazial termin\u00f3 segundo del Napoli en la \u00faltima Serie A. <\/p>\n<\/div>\n<div class=\"custom-text \" readability=\"10\">\n<p>Castellanos, de 24 a\u00f1os, jug\u00f3 una temporada en el Girona: disput\u00f3 37 partidos y meti\u00f3 14 goles. Su prestaci\u00f3n top fue ante el Real Madrid: cuatro goles que dieron vuelta al mundo.<\/p>\n<\/div>\n<div class=\"sc-e7b891c4-0 jPbnQF\"><img alt=\"Castellanos en Girona.\" src=\"http:\/\/hoycordobaweb.com\/wp-content\/uploads\/2023\/07\/castellanos-jugara-la-champions-league-3.jpg\" width=\"720\" height=\"100\" decoding=\"async\" data-nimg=\"future\" loading=\"lazy\"><span class=\"epigraphe\">Castellanos en Girona.<\/span><\/div>\n<p><h2><strong>Mir\u00e1 los goles al Madrid<\/strong><\/h2>\n<\/p>\n<div class=\"sc-7ce6049-0 dwIKul\">\n<div class=\"sc-7ce6049-1 bdcBBS videoText\" id=\"contentTitleundefinedPIteHiiN\" readability=\"6\"><svg fill=\"#ffffff\"><symbol id=\"play\" viewBox=\"0 0 512 512\"><path d=\"M512 256C512 397.4 397.4 512 256 512C114.6 512 0 397.4 0 256C0 114.6 114.6 0 256 0C397.4 0 512 114.6 512 256zM176 168V344C176 352.7 180.7 360.7 188.3 364.9C195.8 369.2 205.1 369 212.5 364.5L356.5 276.5C363.6 272.1 368 264.4 368 256C368 247.6 363.6 239.9 356.5 235.5L212.5 147.5C205.1 142.1 195.8 142.8 188.3 147.1C180.7 151.3 176 159.3 176 168V168z\" \/><\/symbol><use xlink:href=\"#play\" \/><\/svg><\/p>\n<div class=\"right\" readability=\"7\">\n<p>Taty castellanos<!-- --> &#8211;<!-- --> <span>14-7-2023<\/span><\/p>\n<h2 class=\"title-vid\">Los cuatro goles de Taty Castellanos al Real Madrid<\/h2>\n<\/div>\n<\/div>\n<p><span class=\"back\" id=\"spanBackundefinedPIteHiiN\"><\/span><\/div>\n<div class=\"sc-a7166897-0 exHLBh\" readability=\"6\">\n<section readability=\"2\"><picture><img alt=\"Blooper del Ruso Rodr\u00edguez y empate ag\u00f3nico de Defensa\" src=\"http:\/\/hoycordobaweb.com\/wp-content\/uploads\/2023\/07\/castellanos-jugara-la-champions-league-4.jpg\" width=\"290\" height=\"290\" decoding=\"async\" data-nimg=\"future\" loading=\"lazy\"><\/picture>\n<p><span>Mir\u00e1 tambi\u00e9n<\/span><\/p>\n<hr>\n<h3>Blooper del Ruso Rodr\u00edguez y empate ag\u00f3nico de Defensa<\/h3>\n<\/p>\n<\/section>\n<\/div>\n<div class=\"sc-a7166897-0 exHLBh\" readability=\"6\">\n<section readability=\"2\"><picture><img alt=\"Wanda Nara fue atendida en Fundaleu\" src=\"http:\/\/hoycordobaweb.com\/wp-content\/uploads\/2023\/07\/castellanos-jugara-la-champions-league-5.jpg\" width=\"290\" height=\"290\" decoding=\"async\" data-nimg=\"future\" loading=\"lazy\"><\/picture>\n<p><span>Mir\u00e1 tambi\u00e9n<\/span><\/p>\n<hr>\n<h3>Wanda Nara fue atendida en Fundaleu<\/h3>\n<\/p>\n<\/section>\n<\/div>\n<\/div>\n","protected":false},"excerpt":{"rendered":"<p>14\/07\/2023 21:30hs. Valent\u00edn Castellanos hab\u00eda quedado en la \u00f3rbita de varios equipos europeos tras terminar su cesi\u00f3n en el Girona de la Liga Espa\u00f1ola. Uno de los que puso el ojo en el delantero argentino fue el Benfica, campe\u00f3n portugu\u00e9s. Finalmente, el destino ser\u00e1 en una liga top, Italia: la Lazio acord\u00f3 la compra en [&hellip;]<\/p>\n","protected":false},"author":1,"featured_media":63313,"comment_status":"open","ping_status":"closed","sticky":false,"template":"","format":"standard","meta":[],"categories":[16],"tags":[],"_links":{"self":[{"href":"http:\/\/hoycordobaweb.com\/index.php\/wp-json\/wp\/v2\/posts\/63312"}],"collection":[{"href":"http:\/\/hoycordobaweb.com\/index.php\/wp-json\/wp\/v2\/posts"}],"about":[{"href":"http:\/\/hoycordobaweb.com\/index.php\/wp-json\/wp\/v2\/types\/post"}],"author":[{"embeddable":true,"href":"http:\/\/hoycordobaweb.com\/index.php\/wp-json\/wp\/v2\/users\/1"}],"replies":[{"embeddable":true,"href":"http:\/\/hoycordobaweb.com\/index.php\/wp-json\/wp\/v2\/comments?post=63312"}],"version-history":[{"count":0,"href":"http:\/\/hoycordobaweb.com\/index.php\/wp-json\/wp\/v2\/posts\/63312\/revisions"}],"wp:featuredmedia":[{"embeddable":true,"href":"http:\/\/hoycordobaweb.com\/index.php\/wp-json\/wp\/v2\/media\/63313"}],"wp:attachment":[{"href":"http:\/\/hoycordobaweb.com\/index.php\/wp-json\/wp\/v2\/media?parent=63312"}],"wp:term":[{"taxonomy":"category","embeddable":true,"href":"http:\/\/hoycordobaweb.com\/index.php\/wp-json\/wp\/v2\/categories?post=63312"},{"taxonomy":"post_tag","embeddable":true,"href":"http:\/\/hoycordobaweb.com\/index.php\/wp-json\/wp\/v2\/tags?post=63312"}],"curies":[{"name":"wp","href":"https:\/\/api.w.org\/{rel}","templated":true}]}}