{"id":63298,"date":"2023-07-15T00:49:47","date_gmt":"2023-07-15T00:49:47","guid":{"rendered":"https:\/\/ladecimaweb.com\/?p=17669"},"modified":"2023-07-15T00:49:47","modified_gmt":"2023-07-15T00:49:47","slug":"villa-el-libertador-va-a-estar-mejor-cuando-gobernemos-nosotros","status":"publish","type":"post","link":"http:\/\/hoycordobaweb.com\/index.php\/2023\/07\/15\/villa-el-libertador-va-a-estar-mejor-cuando-gobernemos-nosotros\/","title":{"rendered":"\u201cVilla El Libertador va a estar mejor cuando gobernemos nosotros\u201d"},"content":{"rendered":"<div class=\"boldgrid-section\">\n<div class=\"container\">\n<div class=\"row\">\n<div class=\"col-md-12 col-xs-12 col-sm-12\">\n<p class=\"\">El candidato a intendente de Juntos por el Cambio, Rodrigo de Loredo, estuvo esta noche en Villa El Libertador. El candidato expuso sus propuestas ante una buena convocatoria de vecinos y militantes partidarios que colmaron el sal\u00f3n Santarita, ubicado en Tilcara 789. De Loredo estuvo acompa\u00f1ado por sus asesores y candidatos a concejales de la seccional D\u00e9cima. Antes de exponer a los vecinos, mantuvo una entrevista con este medio y Radio Sur, donde se mostr\u00f3 confiado por el resultado del pr\u00f3ximo 23 de julio. Empez\u00f3 hablando de la alta temperatura de la campa\u00f1a.&nbsp;&nbsp;<\/p>\n<p class=\"\">&#8220;Est\u00e1 fr\u00edo, los que est\u00e1n calientes son los de enfrente. Me dicen &#8220;ladran, Sancho&#8221;, se\u00f1al de que son unos perros, digo yo. Venimos bien, con una campa\u00f1a de cara a la gente, visitando todos los barrios. Ellos est\u00e1n acostumbrados a campa\u00f1as de mega estructura, fr\u00edas, con spots publicitarios, y nosotros, como la vieja escuela, hemos estado en todos los barrios de la ciudad. Creemos que C\u00f3rdoba puede estar mucho mejor. Villa El Libertador va a estar mucho mejor cuando gobernemos nosotros. Se tardaron 24 a\u00f1os en hacer las cloacas, esta gente; todav\u00eda no hicieron las conexiones finas. Las calles son un desastre&#8221;.&nbsp;<\/p>\n<p class=\"\"><strong>\u00bfCu\u00e1l es su propuesta para traer los servicios al barrio?<\/strong><\/p>\n<p class=\"\">Atender m\u00e1s la realidad de una de las zonas m\u00e1s pobladas de C\u00f3rdoba y cambiar esta l\u00f3gica de me preocupo de gastar toda la plata en las plazas del centro.&nbsp;<\/p>\n<p class=\"\"><strong>Pero ac\u00e1 (en la zona sur) tambi\u00e9n&nbsp; invirtieron&#8230;<\/strong><\/p>\n<p class=\"\">Se lo reconozco. Despu\u00e9s de 24 a\u00f1os, terminaron una obra de cloacas porque hab\u00eda una orden judicial para que la terminen y todav\u00eda no llega a los domicilios. Y despu\u00e9s de 24 a\u00f1os terminan un acceso a la Villa, que tendr\u00eda que haber estado terminado a\u00f1os antes. Bueno, trato de de tener una mirada equidistante y equilibrada, pero se pueden hacer las cosas en&nbsp; menos tiempo si las prioridades son otras. Ten\u00e9s la Villa en esta situaci\u00f3n y Hogar 3 que no tienen agua potable, no tienen caminos, la inseguridad es un calvario. Bueno, m\u00e1s vale que algunas cosas han hecho, si hace 24 a\u00f1os que gobiernan; pero podr\u00eda estar mucho mejor la Villa.&nbsp;<\/p>\n<p class=\"\"><img loading=\"lazy\" class=\"alignnone wp-image-17676\" src=\"http:\/\/hoycordobaweb.com\/wp-content\/uploads\/2023\/07\/villa-el-libertador-va-a-estar-mejor-cuando-gobernemos-nosotros.jpg\" alt=\"\" width=\"426\" height=\"240\" srcset=\"http:\/\/hoycordobaweb.com\/wp-content\/uploads\/2023\/07\/villa-el-libertador-va-a-estar-mejor-cuando-gobernemos-nosotros.jpg 1600w, http:\/\/hoycordobaweb.com\/wp-content\/uploads\/2023\/07\/villa-el-libertador-va-a-estar-mejor-cuando-gobernemos-nosotros-2.jpg 788w, http:\/\/hoycordobaweb.com\/wp-content\/uploads\/2023\/07\/villa-el-libertador-va-a-estar-mejor-cuando-gobernemos-nosotros-3.jpg 768w, http:\/\/hoycordobaweb.com\/wp-content\/uploads\/2023\/07\/villa-el-libertador-va-a-estar-mejor-cuando-gobernemos-nosotros-4.jpg 1536w\" sizes=\"(max-width: 426px) 100vw, 426px\" \/><\/p>\n<p class=\"\"><strong>\u00bfAcuerda con la pol\u00edtica de los centros operativos para descentralizar los servicios?<\/strong><\/p>\n<p class=\"\">S\u00ed, me parece que est\u00e1 bien. Con muchas cosas acuerdo y con muchas cosas entiendo que se pueden hacer&#8230; Fijate donde estuvo la prioridad: digitalizaron el municipio, \u00bfsab\u00e9s para qu\u00e9? Para que puedas pagar los impuestos. Est\u00e1 bien. Pero para ir a un dispensario ac\u00e1 en la Villa ten\u00e9s que ir&#8230; a las cinco de la ma\u00f1ana te dan diez turnos, y tienen que dar sesenta turnos. Sesenta por ciento de los dispensarios, a las dos de la tarde, si te he visto no me acuerdo. En un momento donde la gente acude a la salud p\u00fablica en un cuarenta por ciento m\u00e1s. Ac\u00e1 casi todos acceden a la salud p\u00fablica: no hay medicamentos, no hay m\u00e9dicos, no hay odont\u00f3logos, las obras se hicieron fundamentalmente en la zona c\u00e9ntrica y tardaron un mont\u00f3n en llegar a la periferia.<\/p>\n<p class=\"\"><strong>Algo debe funcionar para que la victoria del PJ, en la elecci\u00f3n para gobernador, haya sido abrumadora en Villa El Libertador y en la seccional D\u00e9cima, donde ganaron en once de los catorce circuitos.&nbsp;<\/strong><\/p>\n<p class=\"\">S\u00ed. Bueno, por eso estoy ac\u00e1, para hablar con los vecinos, para persuadirlos de que hay un argumento muy v\u00e1lido en nuestra parte. Y no deja de ser cierto que el peronismo tiene una gran capacidad de servirse de las necesidades m\u00e1s inmediatas de la gente. Y yo las comprendo a todas, porque la gente la pasa muy mal, con las carencias econ\u00f3micas, que adem\u00e1s est\u00e1 muy descre\u00edda de la pol\u00edtica, piensa que nadie le va a cambiar la vida. Nosotros le prometemos un hoy y un ma\u00f1ana. Del peronismo no se va a rasgar las vestiduras nadie, en los propios barrios me lo dicen, nosotros le decimos: Mir\u00e1, madre, agarr\u00e1 lo que te den, pero vot\u00e1 con el coraz\u00f3n. Se ponen a repartir cosas el d\u00eda del domingo; ah\u00ed s\u00ed se acuerdan de los barrios. Con tanta pobreza, eso sigue dando resultado.<\/p>\n<p class=\"\"><img loading=\"lazy\" class=\"alignnone wp-image-17675\" src=\"http:\/\/hoycordobaweb.com\/wp-content\/uploads\/2023\/07\/villa-el-libertador-va-a-estar-mejor-cuando-gobernemos-nosotros-1.jpg\" alt=\"\" width=\"586\" height=\"330\" srcset=\"http:\/\/hoycordobaweb.com\/wp-content\/uploads\/2023\/07\/villa-el-libertador-va-a-estar-mejor-cuando-gobernemos-nosotros-5.jpg 1600w, http:\/\/hoycordobaweb.com\/wp-content\/uploads\/2023\/07\/villa-el-libertador-va-a-estar-mejor-cuando-gobernemos-nosotros-6.jpg 788w, http:\/\/hoycordobaweb.com\/wp-content\/uploads\/2023\/07\/villa-el-libertador-va-a-estar-mejor-cuando-gobernemos-nosotros-7.jpg 768w, http:\/\/hoycordobaweb.com\/wp-content\/uploads\/2023\/07\/villa-el-libertador-va-a-estar-mejor-cuando-gobernemos-nosotros-8.jpg 1536w\" sizes=\"(max-width: 586px) 100vw, 586px\" \/><\/p>\n<p class=\"\"><strong>La gente se queja por los impuestos, el estado del barrio \u00bfcu\u00e1l es su propuesta al respecto?<\/strong><\/p>\n<p class=\"\">Una propuesta por d\u00eda; sesenta d\u00edas de propuestas. Propuestas centrales todas las semanas. Bueno, para m\u00ed tiene que pasar la pol\u00edtica: con soluciones. Y ellos como se empiezan a preocupar, empiezan a agredir, nos mandan gente que nos pega en los barrios. Como si pensaran que nos vayan a frenar ir a los barrios; le vamos a caminar todos los barrios de C\u00f3rdoba como se lo hemos caminado. Y le vamos a ganar en los lugares donde sacan la cuenta ellos de la elecci\u00f3n que pas\u00f3&#8230; son dos elecciones distintas. Vamos a ver el resultado de Villa El Libertador y la seccional D\u00e9cima el 23 de julio. Porque me animo a decir que vamos a ganar las catorce seccionales de la Capital.&nbsp;<\/p>\n<p class=\"\"><strong>\u00bfPor qu\u00e9 considera que no tiene que dar explicaciones acerca de dos de sus candidatos a concejales cuyos familiares aparecen vinculados a causas narco?<\/strong><\/p>\n<p class=\"\">Porque damos todas las explicaciones del caso, pero no nos prestamos a campa\u00f1as negativas. Es la \u00fanica lista en la ciudad de C\u00f3rdoba que le ha pedido certificado de antecedentes a todos los titulares y suplentes. Que presenten certificados de antecedente ellos. No le pedimos certificados de antecedente a los primos, cu\u00f1ados, novios; \u00bfc\u00f3mo quer\u00e9s que lo hagamos a esto? Entonces, montan toda una campa\u00f1a de agravio. Los que son los responsables del narcotr\u00e1fico en C\u00f3rdoba, los que trajeron el narcotr\u00e1fico, nos vienen a se\u00f1alar a nosotros. \u00a1Caraduras! \u00a1Caraduras de mierda! H\u00e1ganse cargo del crecimiento del narcotr\u00e1fico y de la inseguridad en C\u00f3rdoba.&nbsp;<\/p>\n<p>&nbsp;<\/p>\n<p class=\"\">&nbsp;<\/p>\n<p class=\"\">\n<div class=\"ubm_banner\"><a href=\"http:\/\/www.cba.gov.ar\/prevencion-incendios\" target=\"_blank\" rel=\"dofollow noopener noreferrer\"><img src=\"http:\/\/hoycordobaweb.com\/wp-content\/uploads\/2023\/07\/villa-el-libertador-va-a-estar-mejor-cuando-gobernemos-nosotros.gif\" alt=\"\"><\/a><\/div>\n<p class=\"\">&nbsp;<\/p>\n<\/div>\n<\/div>\n<\/div>\n<\/div>\n<p>La entrada <a rel=\"nofollow\" href=\"https:\/\/ladecimaweb.com\/villa-el-libertador-va-a-estar-mejor-cuando-gobernemos\/\">&#8220;Villa El Libertador va a estar mejor cuando gobernemos nosotros&#8221;<\/a> se public\u00f3 primero en <a rel=\"nofollow\" href=\"https:\/\/ladecimaweb.com\">LaDecima<\/a>.<\/p>\n","protected":false},"excerpt":{"rendered":"<p>El candidato a intendente de Juntos por el Cambio, Rodrigo de Loredo, estuvo esta noche en Villa El Libertador. El candidato expuso sus propuestas ante una buena convocatoria de vecinos y militantes partidarios que colmaron el sal\u00f3n Santarita, ubicado en Tilcara 789. De Loredo estuvo acompa\u00f1ado por sus asesores y candidatos a concejales de la [&hellip;]<\/p>\n","protected":false},"author":1,"featured_media":63299,"comment_status":"closed","ping_status":"closed","sticky":false,"template":"","format":"standard","meta":[],"categories":[19],"tags":[],"_links":{"self":[{"href":"http:\/\/hoycordobaweb.com\/index.php\/wp-json\/wp\/v2\/posts\/63298"}],"collection":[{"href":"http:\/\/hoycordobaweb.com\/index.php\/wp-json\/wp\/v2\/posts"}],"about":[{"href":"http:\/\/hoycordobaweb.com\/index.php\/wp-json\/wp\/v2\/types\/post"}],"author":[{"embeddable":true,"href":"http:\/\/hoycordobaweb.com\/index.php\/wp-json\/wp\/v2\/users\/1"}],"replies":[{"embeddable":true,"href":"http:\/\/hoycordobaweb.com\/index.php\/wp-json\/wp\/v2\/comments?post=63298"}],"version-history":[{"count":0,"href":"http:\/\/hoycordobaweb.com\/index.php\/wp-json\/wp\/v2\/posts\/63298\/revisions"}],"wp:featuredmedia":[{"embeddable":true,"href":"http:\/\/hoycordobaweb.com\/index.php\/wp-json\/wp\/v2\/media\/63299"}],"wp:attachment":[{"href":"http:\/\/hoycordobaweb.com\/index.php\/wp-json\/wp\/v2\/media?parent=63298"}],"wp:term":[{"taxonomy":"category","embeddable":true,"href":"http:\/\/hoycordobaweb.com\/index.php\/wp-json\/wp\/v2\/categories?post=63298"},{"taxonomy":"post_tag","embeddable":true,"href":"http:\/\/hoycordobaweb.com\/index.php\/wp-json\/wp\/v2\/tags?post=63298"}],"curies":[{"name":"wp","href":"https:\/\/api.w.org\/{rel}","templated":true}]}}