{"id":63296,"date":"2023-07-14T23:48:00","date_gmt":"2023-07-14T23:48:00","guid":{"rendered":"http:\/\/hoycordobaweb.com\/index.php\/2023\/07\/14\/putin-propone-remplazar-al-jefe-de-grupo-wagner-por-otro-mercenario\/"},"modified":"2023-07-14T23:48:00","modified_gmt":"2023-07-14T23:48:00","slug":"putin-propone-remplazar-al-jefe-de-grupo-wagner-por-otro-mercenario","status":"publish","type":"post","link":"http:\/\/hoycordobaweb.com\/index.php\/2023\/07\/14\/putin-propone-remplazar-al-jefe-de-grupo-wagner-por-otro-mercenario\/","title":{"rendered":"Put\u00edn propone remplazar al jefe de grupo Wagner por otro mercenario"},"content":{"rendered":"<p><img src=\"http:\/\/hoycordobaweb.com\/wp-content\/uploads\/2023\/07\/putin-propone-remplazar-al-jefe-de-grupo-wagner-por-otro-mercenario.jpg\"><\/p>\n<figure class=\"mb-3\"><img loading=\"lazy\" data-src=\"http:\/\/hoycordobaweb.com\/wp-content\/uploads\/2023\/07\/putin-propone-remplazar-al-jefe-de-grupo-wagner-por-otro-mercenario-2.jpg\" src=\"https:\/\/www.telam.com.ar\/assets\/img\/not_image.png\" class=\" lazy \" width=\"100%\" height=\"100%\" alt=\"El grupo Wagner a principios de mayo en medio del auge de las diferencias con Putn \"><figcaption> El grupo Wagner a principios de mayo, en medio del auge de las diferencias con Put\u00edn <\/figcaption><\/figure>\n<p>El presidente de Rusia, Vladimir Putin, <strong>propuso a Andrey Troshev<\/strong>, un mercenario de alto rango, <strong>como nuevo l\u00edder del Grupo Wagner<\/strong> en sustituci\u00f3n de Yevgeni Prigozhin, quien a finales de junio comand\u00f3 un intento de rebeli\u00f3n de la organizaci\u00f3n paramilitar.<\/p>\n<p>Durante una entrevista <strong>para el diario ruso Kommersant<\/strong>, Putin asegur\u00f3 que baraja una serie de opciones para el futuro de los paramilitares, llegando incluso a <strong>proponer la continuidad de sus actividades, pero ahora bajo el liderazgo de Troshev<\/strong>.<\/p>\n<p>Troshev fue incluido anteriormente e<strong>n los listados de sanciones de la Uni\u00f3n Europea (UE), Reino Unido y Ucrania<\/strong>, entre otros.<\/p>\n<p>Asimismo, Putin afirm\u00f3 que actualmente el Grupo Wagner \u00abno existe\u00bb de acuerdo con la legislaci\u00f3n rusa, y encarg\u00f3 al Gobierno <strong>determinar el estatus legal de la organizaci\u00f3n.<\/strong><\/p>\n<p>Prigozhin<strong> lider\u00f3 a fines de junio un intento de rebeli\u00f3n en Rusia que finalmente fue sofocado<\/strong> por la mediaci\u00f3n del presidente de Bielorrusia, Alexandr Lukashenko, que se ofreci\u00f3 adem\u00e1s a acogerlo en el pa\u00eds.<\/p>\n<p>El acuerdo alcanzado supon\u00eda tambi\u00e9n el repliegue de los miembros del Grupo Wagner, que llegaron a avanzar hacia Mosc\u00fa, de cara a su posible integraci\u00f3n en el Ej\u00e9rcito y la retirada de los cargos para los implicados en la revuelta.<\/p>\n<p>Prigozhin, de quien se dijo que ya se hab\u00eda alojado en Bielorrusia pero que d\u00edas despu\u00e9s se le ubic\u00f3 en San Petersburgo, no fue vuelto a ver desde entonces.<\/p>\n<p>El Kremlin <strong>confirm\u00f3 una reuni\u00f3n entre el l\u00edder de Wagner y Putin<\/strong> pocos d\u00edas despu\u00e9s de la revuelta.<\/p>\n<blockquote class><p> seg\u00fan Prigozhin la sublevaci\u00f3n no busc\u00f3 derrocar al poder, sino salvar a Wagner de ser desmantelado por el Estado Mayor ruso. <\/p><\/blockquote>\n<p>Horas antes de que Putin planteara el cambio de mando, <strong>Rusia revel\u00f3 que eval\u00faa la legalizaci\u00f3n de los grupos militares privados como Wagner<\/strong>, cuya existencia no est\u00e1 autorizada por Ley pese a la gran influencia que han tenido durante la guerra en Ucrania.<\/p>\n<figure class=\"mb-3\"><img loading=\"lazy\" data-src=\"http:\/\/hoycordobaweb.com\/wp-content\/uploads\/2023\/07\/putin-propone-remplazar-al-jefe-de-grupo-wagner-por-otro-mercenario-3.jpg\" src=\"https:\/\/www.telam.com.ar\/assets\/img\/not_image.png\" class=\" lazy \" width=\"100%\" height=\"100%\" alt=\"Yevgeny Prigozhin hasta ahora lder del grupo mercenario\"><figcaption> Yevgeny Prigozhin, hasta ahora l\u00edder del grupo mercenario <\/figcaption><\/figure>\n<p>\u00abLegalmente, la compa\u00f1\u00eda militar privada Wagner no existe y nunca ha existido, es una cuesti\u00f3n que debe estudiarse, examinarse m\u00e1s a fondo\u00bb, dijo el vocero del Kremlin, Dmitri Peskov, quien, citado por la agencia de noticias AFP, consider\u00f3 que se trata de un asunto \u00abcomplejo\u00bb.<\/p>\n<p>Putin afirm\u00f3 el 27 de junio que <strong>Wagner recibi\u00f3 cerca de 1.000 millones de d\u00f3lares del Estado ruso<\/strong> en el \u00faltimo a\u00f1o, pese a la falta de un marco jur\u00eddico.<\/p>\n<p>Durante a\u00f1os, el Kremlin y Prigozhin, <strong>negaron la existencia de la milicia<\/strong>, que llev\u00f3 a cabo operaciones en las sombras en zonas de influencia de Rusia.<\/p>\n<p>El anuncio del Kremlin se produce en medio de las <strong>especulaciones de una reestructuraci\u00f3n de la c\u00fapula militar<\/strong> despu\u00e9s de la rebeli\u00f3n fallida que termin\u00f3 el 24 de junio y que puso en jaque al propio Putin.<\/p>\n<p>Prigozhin afirm\u00f3 que esta sublevaci\u00f3n no busc\u00f3 derrocar al poder, sino salvar a Wagner de ser desmantelado por el Estado Mayor ruso, al cual acus\u00f3 de incompetencia en la ofensiva en Ucrania iniciada en febrero de 2022.<\/p>\n<p><strong>Seg\u00fan Estados Unidos, el grupo Wagner ya no participa en los combates<\/strong> en Ucrania de forma \u00absignificativa\u00bb, aunque \u00abla mayor\u00eda\u00bb de sus combatientes siguen en zonas ocupadas por Rusia.&nbsp; <\/p>\n","protected":false},"excerpt":{"rendered":"<p>El grupo Wagner a principios de mayo, en medio del auge de las diferencias con Put\u00edn El presidente de Rusia, Vladimir Putin, propuso a Andrey Troshev, un mercenario de alto rango, como nuevo l\u00edder del Grupo Wagner en sustituci\u00f3n de Yevgeni Prigozhin, quien a finales de junio comand\u00f3 un intento de rebeli\u00f3n de la organizaci\u00f3n [&hellip;]<\/p>\n","protected":false},"author":1,"featured_media":63297,"comment_status":"open","ping_status":"closed","sticky":false,"template":"","format":"standard","meta":[],"categories":[24],"tags":[],"_links":{"self":[{"href":"http:\/\/hoycordobaweb.com\/index.php\/wp-json\/wp\/v2\/posts\/63296"}],"collection":[{"href":"http:\/\/hoycordobaweb.com\/index.php\/wp-json\/wp\/v2\/posts"}],"about":[{"href":"http:\/\/hoycordobaweb.com\/index.php\/wp-json\/wp\/v2\/types\/post"}],"author":[{"embeddable":true,"href":"http:\/\/hoycordobaweb.com\/index.php\/wp-json\/wp\/v2\/users\/1"}],"replies":[{"embeddable":true,"href":"http:\/\/hoycordobaweb.com\/index.php\/wp-json\/wp\/v2\/comments?post=63296"}],"version-history":[{"count":0,"href":"http:\/\/hoycordobaweb.com\/index.php\/wp-json\/wp\/v2\/posts\/63296\/revisions"}],"wp:featuredmedia":[{"embeddable":true,"href":"http:\/\/hoycordobaweb.com\/index.php\/wp-json\/wp\/v2\/media\/63297"}],"wp:attachment":[{"href":"http:\/\/hoycordobaweb.com\/index.php\/wp-json\/wp\/v2\/media?parent=63296"}],"wp:term":[{"taxonomy":"category","embeddable":true,"href":"http:\/\/hoycordobaweb.com\/index.php\/wp-json\/wp\/v2\/categories?post=63296"},{"taxonomy":"post_tag","embeddable":true,"href":"http:\/\/hoycordobaweb.com\/index.php\/wp-json\/wp\/v2\/tags?post=63296"}],"curies":[{"name":"wp","href":"https:\/\/api.w.org\/{rel}","templated":true}]}}