{"id":63258,"date":"2023-07-14T01:12:34","date_gmt":"2023-07-14T01:12:34","guid":{"rendered":"https:\/\/www.ole.com.ar\/ecuador\/liga-pro\/copa-sudamericana-liga-quito-proximo-rival-empate-audax-italiano-nublense_0_4v904c5LkV.html"},"modified":"2023-07-14T01:12:34","modified_gmt":"2023-07-14T01:12:34","slug":"atento-zubeldia-nublense-y-audax-italiano-empataron-y-asi-definen-la-serie","status":"publish","type":"post","link":"http:\/\/hoycordobaweb.com\/index.php\/2023\/07\/14\/atento-zubeldia-nublense-y-audax-italiano-empataron-y-asi-definen-la-serie\/","title":{"rendered":"Atento Zubeld\u00eda: \u00d1ublense y Audax Italiano empataron y as\u00ed definen la serie"},"content":{"rendered":"<p><img src=\"http:\/\/hoycordobaweb.com\/wp-content\/uploads\/2023\/07\/atento-zubeldia-nublense-y-audax-italiano-empataron-y-asi-definen-la-serie.jpg\"><\/p>\n<p><time class=\"createDate\" datetime=\"2023-07-13T22:12:34-03:00\">13\/07\/2023 22:12hs.<\/time><time class=\"modificatedDate\" datetime=\"2023-07-13T22:12:34-03:00\"><\/time><\/p>\n<div id=\"storyBody\">\n<div class=\"custom-text \" readability=\"30.453172205438\">\n<p>As\u00ed como Barcelona (<a href=\"https:\/\/www.ole.com.ar\/ecuador\/liga-pro\/video-golazo-fidel-martinez-barcelona-estudiantes-plata-copa-sudamericana_0_dfGWiZd77Y.html\" target=\"_blank\" rel=\"noopener noreferrer\">2-1 a Estudiantes de La Plata<\/a>) y Emelec (<a href=\"https:\/\/www.ole.com.ar\/ecuador\/liga-pro\/video-gol-cevallos-emelec-sporting-cristal_0_pImJj27qsu.html\" target=\"_blank\" rel=\"noopener noreferrer\">1-0 a Sporting Cristal<\/a>) ganaron sus respectivos partidos de ida en los playoffs de la Copa Sudamericana, Liga de Quito espera en octavos y su rival saldr\u00e1 del vencedor entre \u00d1ublense y Audax Italiano. <strong>Dicho partido tuvo su primer episodio con un magro empate en cero.<\/strong><\/p>\n<\/div>\n<div class=\"custom-text \" readability=\"39.596577017115\">\n<p> En el Estadio Municipal Alcaldesa Ester Roa, en Concepci\u00f3n, la Regi\u00f3n del Biob\u00edo en Chile, no existieron demasiadas ventajas en el desarrollo, lo que se traslad\u00f3 a un 0-0 deslucido. Eso s\u00ed, tanto <a href=\"https:\/\/www.ole.com.ar\/tema\/luis-zubeldia.html\" title=\"Lu\u00eds Zubeld\u00eda\" alt=\"Lu\u00eds Zubeld\u00eda\" class=\"slug\">Luis Zubeld\u00eda<\/a> como el resto del plantel quite\u00f1o <strong>tomar\u00e1n nota de la actuaci\u00f3n del uruguayo Nicola P\u00e9rez.<\/strong> El arquero del local fue la gran figura, con cuatro salvadas claves para mantener su valla invicta.<\/p>\n<\/div>\n<div class=\"custom-text \" readability=\"38\">\n<p>Otro detalle a resaltar para LDU es que en la visita no pudo terminar las acciones Roberto Cereceda, defensor que sali\u00f3 lesionado a media hora del cierre. La tenencia del bal\u00f3n estuvo repartida (60% a favor de \u00d1ublense), mientras que protagonizaron m\u00e1s faltas (25) que remates al arco (de 22 intentos, apenas 7 terminaron entre los postes). <\/p>\n<\/div>\n<div class=\"sc-e7b891c4-0 jPbnQF\"><img alt=\"Nicola P\u00e9rez, la gran figura en la ida.\" src=\"http:\/\/hoycordobaweb.com\/wp-content\/uploads\/2023\/07\/atento-zubeldia-nublense-y-audax-italiano-empataron-y-asi-definen-la-serie-2.jpg\" width=\"720\" height=\"100\" decoding=\"async\" data-nimg=\"future\" loading=\"lazy\"><span class=\"epigraphe\">Nicola P\u00e9rez, la gran figura en la ida.<\/span><\/div>\n<div class=\"custom-text \" readability=\"38\">\n<p>Mientras Liga prepara las naves y suma refuerzos de cara al segundo semestre, \u00bfcu\u00e1ndo se definir\u00e1 al rival de octavos? Habr\u00e1 que esperar una semana. El jueves 20 de julio, en el Estadio El Teniente, Audax Italiano recibir\u00e1 al \u00d1ublense y quien logre ganar en el tiempo regular avanzar\u00e1 de ronda. En caso de otro empate -con o sin goles- se definir\u00e1 desde los penales.<\/p>\n<\/div>\n<p><h2>Liga de Quito ya sum\u00f3 un refuerzo y va por otro delantero<\/h2>\n<\/p>\n<div class=\"custom-text \" readability=\"33\">\n<p>Liga de Quito tiene su primer refuerzo para el segundo semestre de 2023: Jefferson Valverde. Ya se hizo la revisi\u00f3n m\u00e9dica y fue presentado en conferencia de prensa.<\/p>\n<\/div>\n<div class=\"sc-e7b891c4-0 jPbnQF\"><img alt=\"Liga ir\u00e1 en octavos contra \u00d1ublense o Audax Italiano.\" src=\"http:\/\/hoycordobaweb.com\/wp-content\/uploads\/2023\/07\/atento-zubeldia-nublense-y-audax-italiano-empataron-y-asi-definen-la-serie-3.jpg\" width=\"720\" height=\"100\" decoding=\"async\" data-nimg=\"future\" loading=\"lazy\"><span class=\"epigraphe\">Liga ir\u00e1 en octavos contra \u00d1ublense o Audax Italiano.<\/span><\/div>\n<div class=\"custom-text \" readability=\"36\">\n<p>Luego de varios d\u00edas, de que s\u00ed o que no, finalmente el volante central dej\u00f3 El Nacional para ponerse la camiseta de los Albos.<strong> Desde el Rey de Copas se deposit\u00f3 el dinero (apenas 50.000 d\u00f3lares) para rescindir su v\u00ednculo con el Bi-Tri <\/strong>y el jugador firm\u00f3 un contrato por tres a\u00f1os.<\/p>\n<\/div>\n<div class=\"custom-text \" readability=\"41\">\n<p>Con 24 a\u00f1os, Valverde fue una de las revelaciones de la Fase 1 de la LigaPro, en el regreso de los Puros Criollos a la serie A, en la que finaliz\u00f3 2\u00b0, con 30 puntos de 45 disputados y dando batacazos venciendo a Independiente del Valle, Emelec y a Barcelona. Y aunque lo quer\u00edan retener, el DT Ever Almeida ya hab\u00eda confirmado que todo estaba listo para que sea transferido.<\/p>\n<\/div>\n<div class=\"custom-text \" readability=\"39\">\n<p>\u00abVengo a salir campe\u00f3n con Liga, vengo a dar lo mejor de mi. A la hinchada; que sigan alentando que yo vengo a dar de todo, as\u00ed como lo hice en El Nacional, lo vengo a dar todo ac\u00e1, proteger\u00e9 los colores de Liga\u00bb, dijo el mediocampista en su presentaci\u00f3n.<\/p>\n<\/div>\n<div class=\"sc-e7b891c4-0 jPbnQF\"><img alt=\"Jefferson Valverde, lleg\u00f3 desde El Nacional.\" src=\"http:\/\/hoycordobaweb.com\/wp-content\/uploads\/2023\/07\/atento-zubeldia-nublense-y-audax-italiano-empataron-y-asi-definen-la-serie-4.jpg\" width=\"720\" height=\"100\" decoding=\"async\" data-nimg=\"future\" loading=\"lazy\"><span class=\"epigraphe\">Jefferson Valverde, lleg\u00f3 desde El Nacional.<\/span><\/div>\n<div class=\"custom-text \" readability=\"38\">\n<p>En esa l\u00ednea, a\u00f1adi\u00f3: \u00abTom\u00e9 la decisi\u00f3n con mi familia, habl\u00e9 con mi mam\u00e1, con mi mujer y se decidi\u00f3 por llegar ac\u00e1, hab\u00eda algunos equipos de ac\u00e1 y de afuera que requer\u00edan de mi trabajo pero en familia se tom\u00f3 la decisi\u00f3n de jugar en Liga\u00bb.<\/p>\n<\/div>\n<div class=\"custom-text \" readability=\"39\">\n<p><strong>Y entre otros apuntado, Liga va por Jan Hurtado.<\/strong> Hay una necesidad en el Rey de Copas: la partida de Juan Luis Anagon\u00f3 al f\u00fatbol de Guatemala dej\u00f3 un vac\u00edo en la ofensiva, en un equipo que en el primer semestre sufri\u00f3 la falta de eficacia de sus delanteros -as\u00ed y todo, fue de los m\u00e1s goleadores- y que tiene intenciones de dar pelea en el segundo semestre, tanto en la Copa Sudamericana (espera rival chileno en en octavos) como en la LigaPro.<\/p>\n<\/div>\n<div class=\"sc-e7b891c4-0 jPbnQF\"><img alt=\"Jan Hurtado, de regreso en Boca.\" src=\"http:\/\/hoycordobaweb.com\/wp-content\/uploads\/2023\/07\/atento-zubeldia-nublense-y-audax-italiano-empataron-y-asi-definen-la-serie-5.jpg\" width=\"720\" height=\"100\" decoding=\"async\" data-nimg=\"future\" loading=\"lazy\"><span class=\"epigraphe\">Jan Hurtado, de regreso en Boca.<\/span><\/div>\n<div class=\"custom-text \" readability=\"37\">\n<p>Hurtado (23 a\u00f1os) es un delantero de \u00e1rea que el Xeneize viene cediendo seguido. Su \u00faltimo club -desde 2020- fue Bragantino de Brasil, con el que jug\u00f3 por \u00faltima vez en noviembre de 2022. Su registro en Brasil, entre todas las competencias, es de ocho tantos en 78 partidos.<\/p>\n<\/div>\n<div class=\"custom-text \" readability=\"38\">\n<p>Finalizada la cesi\u00f3n, el venezolano regres\u00f3 a la Argentina y se entrena en Buenos Aires, donde est\u00e1 siendo evaluado por Jorge Almir\u00f3n. Sin embargo, la idea del Consejo de F\u00fatbol es volver a cederlo. O venderlo si es posible, para facilitar la llegada de Cavani.<\/p>\n<\/div>\n<p><h2>\u00bfCu\u00e1ndo se juegan los octavos de final de la Copa Sudamericana 2023?<\/h2>\n<\/p>\n<div class=\"custom-text \" readability=\"34\">\n<p>Una vez finalizados los play-offs, habr\u00e1 que esperar dos semanas que vuelven los manos a mano .<strong> Los octavos de final tendr\u00e1n lugar entre el 1 de agosto y el 10 de agosto.<\/strong><\/p>\n<\/div>\n<div class=\"sc-a7166897-0 exHLBh\" readability=\"6\">\n<section readability=\"2\"><picture><img alt=\"Independiente del Valle: cu\u00e1ndo y contra qui\u00e9n define la Copa Libertadores Sub 20\" src=\"http:\/\/hoycordobaweb.com\/wp-content\/uploads\/2023\/07\/atento-zubeldia-nublense-y-audax-italiano-empataron-y-asi-definen-la-serie-6.jpg\" width=\"290\" height=\"290\" decoding=\"async\" data-nimg=\"future\" loading=\"lazy\"><\/picture>\n<p><span>Mir\u00e1 tambi\u00e9n<\/span><\/p>\n<hr>\n<h3>Independiente del Valle: cu\u00e1ndo y contra qui\u00e9n define la Copa Libertadores Sub 20<\/h3>\n<\/p>\n<\/section>\n<\/div>\n<div class=\"sc-a7166897-0 exHLBh\" readability=\"6\">\n<section readability=\"2\"><picture><img alt=\"El cari\u00f1oso recuerdo de To\u00f1o en Wigan: &quot;Mi coraz\u00f3n se llena de alegr\u00eda&quot;\" src=\"http:\/\/hoycordobaweb.com\/wp-content\/uploads\/2023\/07\/atento-zubeldia-nublense-y-audax-italiano-empataron-y-asi-definen-la-serie-7.jpg\" width=\"290\" height=\"290\" decoding=\"async\" data-nimg=\"future\" loading=\"lazy\"><\/picture>\n<p><span>Mir\u00e1 tambi\u00e9n<\/span><\/p>\n<hr>\n<h3>El cari\u00f1oso recuerdo de To\u00f1o en Wigan: \u00abMi coraz\u00f3n se llena de alegr\u00eda\u00bb<\/h3>\n<\/p>\n<\/section>\n<\/div>\n<div class=\"sc-a7166897-0 exHLBh\" readability=\"6\">\n<section readability=\"2\"><picture><img alt=\"Pol\u00e9mica en Juventus: apartaron a Bonucci en vacaciones\" src=\"http:\/\/hoycordobaweb.com\/wp-content\/uploads\/2023\/07\/atento-zubeldia-nublense-y-audax-italiano-empataron-y-asi-definen-la-serie-8.jpg\" width=\"290\" height=\"290\" decoding=\"async\" data-nimg=\"future\" loading=\"lazy\"><\/picture>\n<p><span>Mir\u00e1 tambi\u00e9n<\/span><\/p>\n<hr>\n<h3>Pol\u00e9mica en Juventus: apartaron a Bonucci en vacaciones<\/h3>\n<\/p>\n<\/section>\n<\/div>\n<div class=\"sc-a7166897-0 exHLBh\" readability=\"6.5\">\n<section readability=\"3\"><picture><img alt=\"Angelo Preciado, en la mira de un grande de Argentina\" src=\"http:\/\/hoycordobaweb.com\/wp-content\/uploads\/2023\/07\/atento-zubeldia-nublense-y-audax-italiano-empataron-y-asi-definen-la-serie-9.jpg\" width=\"290\" height=\"290\" decoding=\"async\" data-nimg=\"future\" loading=\"lazy\"><\/picture>\n<p><span>Mir\u00e1 tambi\u00e9n<\/span><\/p>\n<hr>\n<h3>Angelo Preciado, en la mira de un grande de Argentina<\/h3>\n<\/p>\n<\/section>\n<\/div>\n<div class=\"sc-a7166897-0 exHLBh\" readability=\"6\">\n<section readability=\"2\"><picture><img alt=\"Inter complicado: suspendieron a un compa\u00f1ero de Enner por doping\" src=\"http:\/\/hoycordobaweb.com\/wp-content\/uploads\/2023\/07\/atento-zubeldia-nublense-y-audax-italiano-empataron-y-asi-definen-la-serie-10.jpg\" width=\"290\" height=\"290\" decoding=\"async\" data-nimg=\"future\" loading=\"lazy\"><\/picture>\n<p><span>Mir\u00e1 tambi\u00e9n<\/span><\/p>\n<hr>\n<h3>Inter complicado: suspendieron a un compa\u00f1ero de Enner por doping<\/h3>\n<\/p>\n<\/section>\n<\/div>\n<div class=\"sc-a7166897-0 exHLBh\" readability=\"6.5\">\n<section readability=\"3\"><picture><img alt=\"Mientras negocia por Caicedo, el Chelsea ofert\u00f3 por otro volante...\" src=\"http:\/\/hoycordobaweb.com\/wp-content\/uploads\/2023\/07\/atento-zubeldia-nublense-y-audax-italiano-empataron-y-asi-definen-la-serie-11.jpg\" width=\"290\" height=\"290\" decoding=\"async\" data-nimg=\"future\" loading=\"lazy\"><\/picture>\n<p><span>Mir\u00e1 tambi\u00e9n<\/span><\/p>\n<hr>\n<h3>Mientras negocia por Caicedo, el Chelsea ofert\u00f3 por otro volante&#8230;<\/h3>\n<\/p>\n<\/section>\n<\/div>\n<div class=\"sc-a7166897-0 exHLBh\" readability=\"6\">\n<section readability=\"2\"><picture><img alt=\"\u00a1Independiente del Valle finalista de la Libertadores Sub 20!\" src=\"http:\/\/hoycordobaweb.com\/wp-content\/uploads\/2023\/07\/atento-zubeldia-nublense-y-audax-italiano-empataron-y-asi-definen-la-serie-12.jpg\" width=\"290\" height=\"290\" decoding=\"async\" data-nimg=\"future\" loading=\"lazy\"><\/picture>\n<p><span>Mir\u00e1 tambi\u00e9n<\/span><\/p>\n<hr>\n<h3>\u00a1Independiente del Valle finalista de la Libertadores Sub 20!<\/h3>\n<\/p>\n<\/section>\n<\/div>\n<div class=\"sc-a7166897-0 exHLBh\" readability=\"6\">\n<section readability=\"2\"><picture><img alt=\"Renter\u00eda sobre la final con Boca: &quot;No le tenemos miedo a nada&quot;\" src=\"http:\/\/hoycordobaweb.com\/wp-content\/uploads\/2023\/07\/atento-zubeldia-nublense-y-audax-italiano-empataron-y-asi-definen-la-serie-13.jpg\" width=\"290\" height=\"290\" decoding=\"async\" data-nimg=\"future\" loading=\"lazy\"><\/picture>\n<p><span>Mir\u00e1 tambi\u00e9n<\/span><\/p>\n<hr>\n<h3>Renter\u00eda sobre la final con Boca: \u00abNo le tenemos miedo a nada\u00bb<\/h3>\n<\/p>\n<\/section>\n<\/div>\n<\/div>\n","protected":false},"excerpt":{"rendered":"<p>13\/07\/2023 22:12hs. As\u00ed como Barcelona (2-1 a Estudiantes de La Plata) y Emelec (1-0 a Sporting Cristal) ganaron sus respectivos partidos de ida en los playoffs de la Copa Sudamericana, Liga de Quito espera en octavos y su rival saldr\u00e1 del vencedor entre \u00d1ublense y Audax Italiano. Dicho partido tuvo su primer episodio con un [&hellip;]<\/p>\n","protected":false},"author":1,"featured_media":63259,"comment_status":"open","ping_status":"closed","sticky":false,"template":"","format":"standard","meta":[],"categories":[16],"tags":[],"_links":{"self":[{"href":"http:\/\/hoycordobaweb.com\/index.php\/wp-json\/wp\/v2\/posts\/63258"}],"collection":[{"href":"http:\/\/hoycordobaweb.com\/index.php\/wp-json\/wp\/v2\/posts"}],"about":[{"href":"http:\/\/hoycordobaweb.com\/index.php\/wp-json\/wp\/v2\/types\/post"}],"author":[{"embeddable":true,"href":"http:\/\/hoycordobaweb.com\/index.php\/wp-json\/wp\/v2\/users\/1"}],"replies":[{"embeddable":true,"href":"http:\/\/hoycordobaweb.com\/index.php\/wp-json\/wp\/v2\/comments?post=63258"}],"version-history":[{"count":0,"href":"http:\/\/hoycordobaweb.com\/index.php\/wp-json\/wp\/v2\/posts\/63258\/revisions"}],"wp:featuredmedia":[{"embeddable":true,"href":"http:\/\/hoycordobaweb.com\/index.php\/wp-json\/wp\/v2\/media\/63259"}],"wp:attachment":[{"href":"http:\/\/hoycordobaweb.com\/index.php\/wp-json\/wp\/v2\/media?parent=63258"}],"wp:term":[{"taxonomy":"category","embeddable":true,"href":"http:\/\/hoycordobaweb.com\/index.php\/wp-json\/wp\/v2\/categories?post=63258"},{"taxonomy":"post_tag","embeddable":true,"href":"http:\/\/hoycordobaweb.com\/index.php\/wp-json\/wp\/v2\/tags?post=63258"}],"curies":[{"name":"wp","href":"https:\/\/api.w.org\/{rel}","templated":true}]}}