{"id":63131,"date":"2023-07-11T16:37:46","date_gmt":"2023-07-11T16:37:46","guid":{"rendered":"https:\/\/ladecimaweb.com\/?p=17595"},"modified":"2023-07-11T16:37:46","modified_gmt":"2023-07-11T16:37:46","slug":"dogos-hubo-una-actitud-desafiante-a-la-ley","status":"publish","type":"post","link":"http:\/\/hoycordobaweb.com\/index.php\/2023\/07\/11\/dogos-hubo-una-actitud-desafiante-a-la-ley\/","title":{"rendered":"Dogos: \u201cHubo una actitud desafiante a la ley\u201d"},"content":{"rendered":"<div class=\"boldgrid-section\">\n<div class=\"container\">\n<div class=\"row\">\n<div class=\"col-md-12 col-xs-12 col-sm-12\">\n<p>El abogado de la familia de Trinidad, la joven muerta en barrio Estaci\u00f3n Flores por el ataque de dos perros raza dogo argentino, adelant\u00f3 que pedir\u00e1n el cambio de calificaci\u00f3n legal contra el acusado.&nbsp;<\/p>\n<p class=\"\">Carlos Nayi, le dijo a Telef\u00e9 Noticias, que &#8220;la primera consideraci\u00f3n es que fall\u00f3 la prevenci\u00f3n&#8221;.&nbsp;<\/p>\n<p class=\"\">&#8220;La segunda, es que la justicia del crimen en C\u00f3rdoba se ha puesto de pie, tenemos una imputaci\u00f3n primaria en contra del due\u00f1o de los animales que llevaron adelante una actividad tremenda, bestial, matando a esta criatura&#8221;, dijo.&nbsp;<\/p>\n<p class=\"\">Y continu\u00f3: &#8220;La figura por la que se lo acusa es homicidio culposo. \u00bfEs suficiente? De ninguna manera. No se mat\u00f3 por imprudente o negligente; entiende la querella que hubo una actitud desafiante a la ley&#8221;.&nbsp;<\/p>\n<p class=\"\">Nayi dijo que el due\u00f1o de los perros, Jos\u00e9 Niego, &#8220;no cumpli\u00f3 con la ley provincial 9685 y con la ordenanza municipal 13.321 que tiene vigencia obligatoria desde mayo del corriente a\u00f1o&#8221;, y que obligan a blanquear la tenencia de los animales.&nbsp;<\/p>\n<p class=\"\">Vale precisar que en agosto del a\u00f1o pasado el due\u00f1o de los animales fue multado por cometer una falta. Se comprob\u00f3 que no adopt\u00f3 las medidas de seguridad adecuadas para evitar las reiteradas fugas de los perros de la vivienda.&nbsp;<\/p>\n<p class=\"\">&#8220;Si el a\u00f1o pasado fue condenado este hombre por no haber tomado los recaudos pertinentes en el cuidado y alejar situaciones de riesgo, y luego de eso, no los inscribe como obliga la ley en el registro municipal de perros potencialmente peligrosos. Si no adopta ninguna medida de seguridad para evitar generar una situaci\u00f3n de riesgo no permitido, evidentemente se represent\u00f3 el peligro y esto es homicidio simple con dolo eventual&#8221;, explic\u00f3 el abogado.&nbsp;<\/p>\n<p class=\"\">En s\u00edntesis: la querella pedir\u00e1 que la imputaci\u00f3n de homicidio culposo cambie por la de homicidio simple con dolo eventual, que prev\u00e9 una condena de prisi\u00f3n mucho mayor mientras que el primer delito es excarcelable.&nbsp;<\/p>\n<div class=\"ubm_banner\"><a href=\"http:\/\/www.cba.gov.ar\/prevencion-incendios\" target=\"_blank\" rel=\"dofollow noopener noreferrer\"><img src=\"http:\/\/hoycordobaweb.com\/wp-content\/uploads\/2023\/07\/dogos-hubo-una-actitud-desafiante-a-la-ley.gif\" alt=\"\"><\/a><\/div>\n<\/div>\n<\/div>\n<\/div>\n<\/div>\n<p>La entrada <a rel=\"nofollow\" href=\"https:\/\/ladecimaweb.com\/dogos-hubo-una-actitud-desafiante-a-la-ley\/\">Dogos: &#8220;Hubo una actitud desafiante a la ley&#8221;<\/a> se public\u00f3 primero en <a rel=\"nofollow\" href=\"https:\/\/ladecimaweb.com\">LaDecima<\/a>.<\/p>\n","protected":false},"excerpt":{"rendered":"<p>El abogado de la familia de Trinidad, la joven muerta en barrio Estaci\u00f3n Flores por el ataque de dos perros raza dogo argentino, adelant\u00f3 que pedir\u00e1n el cambio de calificaci\u00f3n legal contra el acusado.&nbsp; Carlos Nayi, le dijo a Telef\u00e9 Noticias, que &#8220;la primera consideraci\u00f3n es que fall\u00f3 la prevenci\u00f3n&#8221;.&nbsp; &#8220;La segunda, es que la [&hellip;]<\/p>\n","protected":false},"author":1,"featured_media":63132,"comment_status":"closed","ping_status":"closed","sticky":false,"template":"","format":"standard","meta":[],"categories":[19],"tags":[],"_links":{"self":[{"href":"http:\/\/hoycordobaweb.com\/index.php\/wp-json\/wp\/v2\/posts\/63131"}],"collection":[{"href":"http:\/\/hoycordobaweb.com\/index.php\/wp-json\/wp\/v2\/posts"}],"about":[{"href":"http:\/\/hoycordobaweb.com\/index.php\/wp-json\/wp\/v2\/types\/post"}],"author":[{"embeddable":true,"href":"http:\/\/hoycordobaweb.com\/index.php\/wp-json\/wp\/v2\/users\/1"}],"replies":[{"embeddable":true,"href":"http:\/\/hoycordobaweb.com\/index.php\/wp-json\/wp\/v2\/comments?post=63131"}],"version-history":[{"count":0,"href":"http:\/\/hoycordobaweb.com\/index.php\/wp-json\/wp\/v2\/posts\/63131\/revisions"}],"wp:featuredmedia":[{"embeddable":true,"href":"http:\/\/hoycordobaweb.com\/index.php\/wp-json\/wp\/v2\/media\/63132"}],"wp:attachment":[{"href":"http:\/\/hoycordobaweb.com\/index.php\/wp-json\/wp\/v2\/media?parent=63131"}],"wp:term":[{"taxonomy":"category","embeddable":true,"href":"http:\/\/hoycordobaweb.com\/index.php\/wp-json\/wp\/v2\/categories?post=63131"},{"taxonomy":"post_tag","embeddable":true,"href":"http:\/\/hoycordobaweb.com\/index.php\/wp-json\/wp\/v2\/tags?post=63131"}],"curies":[{"name":"wp","href":"https:\/\/api.w.org\/{rel}","templated":true}]}}