{"id":63127,"date":"2023-07-12T02:05:00","date_gmt":"2023-07-12T02:05:00","guid":{"rendered":"http:\/\/hoycordobaweb.com\/index.php\/2023\/07\/12\/la-otan-no-anuncio-un-calendario-para-la-adhesion-de-ucrania-pero-si-un-paquete-de-ayuda\/"},"modified":"2023-07-12T02:05:00","modified_gmt":"2023-07-12T02:05:00","slug":"la-otan-no-anuncio-un-calendario-para-la-adhesion-de-ucrania-pero-si-un-paquete-de-ayuda","status":"publish","type":"post","link":"http:\/\/hoycordobaweb.com\/index.php\/2023\/07\/12\/la-otan-no-anuncio-un-calendario-para-la-adhesion-de-ucrania-pero-si-un-paquete-de-ayuda\/","title":{"rendered":"La OTAN no anunci\u00f3 un calendario para la adhesi\u00f3n de Ucrania pero s\u00ed un paquete de ayuda"},"content":{"rendered":"<p><img src=\"http:\/\/hoycordobaweb.com\/wp-content\/uploads\/2023\/07\/la-otan-no-anuncio-un-calendario-para-la-adhesion-de-ucrania-pero-si-un-paquete-de-ayuda.jpg\"><\/p>\n<figure class=\"mb-3\"><img loading=\"lazy\" data-src=\"http:\/\/hoycordobaweb.com\/wp-content\/uploads\/2023\/07\/la-otan-no-anuncio-un-calendario-para-la-adhesion-de-ucrania-pero-si-un-paquete-de-ayuda-2.jpg\" src=\"https:\/\/www.telam.com.ar\/assets\/img\/not_image.png\" class=\" lazy \" width=\"100%\" height=\"100%\" alt=\"Foto AFP\"><figcaption> Foto: AFP. <\/figcaption><\/figure>\n<p>Los l\u00edderes de la OTAN acordaron este martes que Ucrania sea incorporada \u00abcuando los aliados est\u00e9n de acuerdo y se cumplan las condiciones\u00bb, anunci\u00f3 el secretario general de la alianza, Jens Stoltenberg, durante una cumbre en Lituania, en la que se aprob\u00f3 un paquete de ayuda a este pa\u00eds europeo.<\/p>\n<p>El anuncio de Stoltenberg lleg\u00f3 horas despu\u00e9s de que el presidente ucraniano, Volodimir Zelenski, dijera que era \u00ababsurdo\u00bb que la OTAN, la organizaci\u00f3n militar m\u00e1s grande del mundo, no tuviera todav\u00eda un cronograma para la adhesi\u00f3n de su pa\u00eds, que est\u00e1 resistiendo una invasi\u00f3n rusa.<\/p>\n<p><strong>\u00abReafirmamos que Ucrania se convertir\u00e1 en miembro de la OTAN y acordamos remover el requerimiento de un plan de acci\u00f3n de membres\u00eda\u00bb, dijo Stoltenberg <\/strong>a periodistas en Vilna, la capital de Lituania, aludiendo a uno de los pasos clave para poder entrar a la alianza.<\/p>\n<p>\u00abEsto cambiar\u00e1 la senda a la membres\u00eda de Ucrania por una senda de un solo paso, en vez de una senda de dos pasos\u00bb, prosigui\u00f3, y agreg\u00f3 que se enviar\u00e1 una invitaci\u00f3n formal a Ucrania \u00abcuando los aliados est\u00e9n de acuerdo y se cumplan las condiciones\u00bb.<\/p>\n<figure class=\"mb-3\"><img loading=\"lazy\" data-src=\"http:\/\/hoycordobaweb.com\/wp-content\/uploads\/2023\/07\/la-otan-no-anuncio-un-calendario-para-la-adhesion-de-ucrania-pero-si-un-paquete-de-ayuda-3.jpg\" src=\"https:\/\/www.telam.com.ar\/assets\/img\/not_image.png\" class=\" lazy \" width=\"100%\" height=\"100%\" alt=\"Foto AFP\"><figcaption> Foto: AFP. <\/figcaption><\/figure>\n<p>Sin embargo, los Estados miembros de la OTAN aprobaron un paquete de ayuda a Ucrania que consta de tres partes, incluido el apoyo militar y la abolici\u00f3n del plan de acci\u00f3n de reequipamiento para la membres\u00eda \u00ablo que reduce el proceso de adhesi\u00f3n de dos a una sola etapa\u00bb, agreg\u00f3 Stoltenberg.<\/p>\n<p>El presidente estadounidense,<strong> Joe Biden, cuyo pa\u00eds lidera la OTAN, describi\u00f3 la cumbre en Vilna como un \u00abmomento hist\u00f3rico\u00bb y dijo que Estados Unidos iba a avalar la propuesta para la eventual adhesi\u00f3n de Ucrania que luego anunci\u00f3 Stoltenberg.<\/strong><\/p>\n<p>Biden se reuni\u00f3 con el presidente turco a quien agradeci\u00f3 por comprometerse a enviar al parlamento de su pa\u00eds el protocolo de ingreso de Suecia a la OTAN, que debe ser aprobado por todos los pa\u00edses de la alianza.<\/p>\n<p>\u00abQuiero darte las gracias por tu diplomacia y coraje para dar ese paso adelante. Tambi\u00e9n por tu liderazgo\u00bb, afirm\u00f3 Biden durante un encuentro entre ambos mandatarios durante la cumbre de la OTAN que tiene lugar en Vilna, la capital de Lituania, y que es ya el cuarto encuentro entre ambos.<\/p>\n<p>Biden se\u00f1al\u00f3 que la cumbre sirve para \u00abreafirmar el compromiso\u00bb de las partes con la \u00abdefensa de la OTAN y sus aliados\u00bb.<\/p>\n<p>\u00abEspero que esto nos haga m\u00e1s fuertes, as\u00ed que bienvenido\u00bb, dijo Biden, seg\u00fan un comunicado de la Casa Blanca.<\/p>\n<p>Antes de partir hacia Vilna en car\u00e1cter de invitado, Zelenski expres\u00f3 su decepci\u00f3n con c\u00f3mo se estaban dando las cosas.<\/p>\n<p><strong>\u00abValoramos a nuestros aliados. Pero Ucrania merece respeto\u00bb, tuite\u00f3 Zelenski<\/strong>.<\/p>\n<blockquote class=\"twitter-tweet\" readability=\"9.6242774566474\">\n<p lang=\"en\" dir=\"ltr\">We value our allies. We value our shared security. And we always appreciate an open conversation.<br \/>Ukraine will be represented at the NATO summit in Vilnius. Because it is about respect.<\/p>\n<p>But Ukraine also deserves respect. Now, on the way to Vilnius, we received signals that\u2026<\/p>\n<p>\u2014 \u0412\u043e\u043b\u043e\u0434\u0438\u043c\u0438\u0440 \u0417\u0435\u043b\u0435\u043d\u0441\u044c\u043a\u0438\u0439 (@ZelenskyyUa) <a href=\"https:\/\/twitter.com\/ZelenskyyUa\/status\/1678707674811187200?ref_src=twsrc%5Etfw\">July 11, 2023<\/a><\/p><\/blockquote>\n<p><strong>\u00abEs absurdo que no se haya fijado un cronograma ni para la invitaci\u00f3n ni para la membres\u00eda de Ucrania. La incertidumbre es debilidad. Discutir\u00e9 abiertamente esto en la cumbre\u00bb<\/strong>, agreg\u00f3 el mandatario que present\u00f3 la solicitud de adhesi\u00f3n de Ucrania a la organizaci\u00f3n en septiembre de 2022.<\/p>\n<p><strong>Estados Unidos dijo que Ucrania no podr\u00e1 ingresar a la OTAN mientras dure la guerra con Rusia <\/strong>porque esto implicar\u00eda otra guerra entre la OTAN y Rusia. El tratado fundacional de la alianza obliga a todos los miembros a acudir en defensa de cualquier otro que est\u00e9 bajo ataque.<\/p>\n<p><strong>Alemania tambi\u00e9n objet\u00f3 la entrada de Ucrania por el mismo motivo<\/strong>, contra la opini\u00f3n de los pa\u00edses b\u00e1lticos, entre ellos Lituania, el anfitri\u00f3n de la cumbre, que ped\u00edan un calendario claro para sumar a Ucrania.<\/p>\n<p>No obstante, <strong>la OTAN acord\u00f3 un paquete para Ucrania que incluye la creaci\u00f3n de un programa de asistencia que ayudar\u00e1 a reconstruir el sector de defensa y seguridad de Ucrania y a pasar a los est\u00e1ndares de la OTAN; la creaci\u00f3n de un nuevo Consejo Ucrania-OTAN, un foro de consultas y toma de decisiones,<\/strong> y la abolici\u00f3n del plan de acci\u00f3n de reequipamiento para la membres\u00eda.<\/p>\n<p>Asimismo, Stoltenberg declar\u00f3 que <strong>si Ucrania no logra ganar el conflicto con Rusia, \u00abla cuesti\u00f3n de las garant\u00edas y de su ingreso en la OTAN no se plantear\u00e1 en absoluto\u00bb.<\/strong><\/p>\n<figure class=\"mb-3\"><img loading=\"lazy\" data-src=\"http:\/\/hoycordobaweb.com\/wp-content\/uploads\/2023\/07\/la-otan-no-anuncio-un-calendario-para-la-adhesion-de-ucrania-pero-si-un-paquete-de-ayuda-4.jpg\" src=\"https:\/\/www.telam.com.ar\/assets\/img\/not_image.png\" class=\" lazy \" width=\"100%\" height=\"100%\" alt=\"Foto AFP\"><figcaption> Foto: AFP. <\/figcaption><\/figure>\n<p>En Rusia, el portavoz del presidente <strong>Vladimir Putin dijo que la cumbre de la OTAN en Vilna ten\u00eda un \u00abfuerte car\u00e1cter antirruso\u00bb.<\/strong><\/p>\n<p>\u00abSeguimos la cumbre muy de cerca\u00bb, dijo el vocero, Dmitri Peskov.<\/p>\n<p>Rusia declar\u00f3 que una de las razones por las que invadi\u00f3 a Ucrania fue para evitar su ingreso a la OTAN, algo que considera una amenaza existencial.<\/p>\n<p><strong>Peskov dijo este martes que el ingreso de Ucrania a la OTAN ser\u00eda \u00abpotencialmente muy peligroso\u00bb para la seguridad en Europa.<\/strong><\/p>\n<p>La guerra en Ucrania cumpli\u00f3 500 d\u00edas el fin de semana pasado, y Ucrania tiene en curso una contraofensiva para tratar de recuperar zonas de cuatro provincias ocupadas por el Ej\u00e9rcito ruso, que hasta ahora tuvo resultados limitados.<\/p>\n<p>La OTAN proporciona a Ucrania ayuda militar no letal, pero no armas ofensivas, algo que s\u00ed hacen algunos de sus pa\u00edses miembro, con Estados Unidos a la cabeza.<\/p>\n","protected":false},"excerpt":{"rendered":"<p>Foto: AFP. Los l\u00edderes de la OTAN acordaron este martes que Ucrania sea incorporada \u00abcuando los aliados est\u00e9n de acuerdo y se cumplan las condiciones\u00bb, anunci\u00f3 el secretario general de la alianza, Jens Stoltenberg, durante una cumbre en Lituania, en la que se aprob\u00f3 un paquete de ayuda a este pa\u00eds europeo. El anuncio de [&hellip;]<\/p>\n","protected":false},"author":1,"featured_media":63128,"comment_status":"open","ping_status":"closed","sticky":false,"template":"","format":"standard","meta":[],"categories":[24],"tags":[],"_links":{"self":[{"href":"http:\/\/hoycordobaweb.com\/index.php\/wp-json\/wp\/v2\/posts\/63127"}],"collection":[{"href":"http:\/\/hoycordobaweb.com\/index.php\/wp-json\/wp\/v2\/posts"}],"about":[{"href":"http:\/\/hoycordobaweb.com\/index.php\/wp-json\/wp\/v2\/types\/post"}],"author":[{"embeddable":true,"href":"http:\/\/hoycordobaweb.com\/index.php\/wp-json\/wp\/v2\/users\/1"}],"replies":[{"embeddable":true,"href":"http:\/\/hoycordobaweb.com\/index.php\/wp-json\/wp\/v2\/comments?post=63127"}],"version-history":[{"count":0,"href":"http:\/\/hoycordobaweb.com\/index.php\/wp-json\/wp\/v2\/posts\/63127\/revisions"}],"wp:featuredmedia":[{"embeddable":true,"href":"http:\/\/hoycordobaweb.com\/index.php\/wp-json\/wp\/v2\/media\/63128"}],"wp:attachment":[{"href":"http:\/\/hoycordobaweb.com\/index.php\/wp-json\/wp\/v2\/media?parent=63127"}],"wp:term":[{"taxonomy":"category","embeddable":true,"href":"http:\/\/hoycordobaweb.com\/index.php\/wp-json\/wp\/v2\/categories?post=63127"},{"taxonomy":"post_tag","embeddable":true,"href":"http:\/\/hoycordobaweb.com\/index.php\/wp-json\/wp\/v2\/tags?post=63127"}],"curies":[{"name":"wp","href":"https:\/\/api.w.org\/{rel}","templated":true}]}}