{"id":63096,"date":"2023-07-10T13:20:01","date_gmt":"2023-07-10T13:20:01","guid":{"rendered":"https:\/\/www.mujerhoy.com\/moda\/novias\/tamara-falco-vestidos-novia-todos-looks-boda-fotos-20230710124527-nt.html"},"modified":"2023-07-10T13:20:01","modified_gmt":"2023-07-10T13:20:01","slug":"todos-los-looks-de-tamara-falco-en-su-boda-de-los-vestidos-de-novia-al-camison-o-las-sandalias-planas-de-la-fiesta","status":"publish","type":"post","link":"http:\/\/hoycordobaweb.com\/index.php\/2023\/07\/10\/todos-los-looks-de-tamara-falco-en-su-boda-de-los-vestidos-de-novia-al-camison-o-las-sandalias-planas-de-la-fiesta\/","title":{"rendered":"Todos los looks de Tamara Falc\u00f3 en su boda: de los vestidos de novia al camis\u00f3n o las sandalias planas de la fiesta"},"content":{"rendered":"<p><!-- AUTHOR --><\/p>\n<div class=\"voc-author-timesocial \"><!-- AUTHOR --><\/p>\n<div class=\"voc-author-timesocial__signature\"><!-- IMAGE AUTHOR --><picture class=\"voc-image-signature\"><img class=\"voc-image-signature__img\" src=\"http:\/\/hoycordobaweb.com\/wp-content\/uploads\/2023\/07\/todos-los-looks-de-tamara-falco-en-su-boda-de-los-vestidos-de-novia-al-camison-o-las-sandalias-planas-de-la-fiesta.jpg\" alt=\"Raquel Rodr\u00edguez\"><\/picture><!-- INFO AUTHOR --><\/div>\n<\/div>\n<p><!-- COMPONENTS --><\/p>\n<p class=\"voc-paragraph\"><strong>Tamara Falc\u00f3 e \u00cd\u00f1igo Onieva <\/strong>ya son marido y mujer &#8211;<br \/>\n<a data-voc-vtm-id=\"in-text-traffic\" href=\"https:\/\/www.mujerhoy.com\/celebrities\/realeza\/tamara-falco-inigo-onieva-luna-miel-casa-embarazada-hijos-negocios-20230709195625-nt.html\" title=\"www.mujerhoy.com\">as\u00ed va a ser su nueva vida<\/a>-. \u00a1Por fin! La cita m\u00e1s esperada del momento ha llegado a su fin y poco a poco nos est\u00e1n llegando todos y cada uno de <a data-voc-vtm-id=\"in-text-traffic\" href=\"https:\/\/www.mujerhoy.com\/celebrities\/realeza\/boda-tamara-falco-inigo-onieva-accidente-fotos-filtradas-detalles-secretos-20230709102027-nt.html\" title=\"www.mujerhoy.com\">los detalles de enlace del a\u00f1o<\/a>. Y s\u00ed, el que m\u00e1s expectaci\u00f3n generaba, sin lugar a dudas, era <strong>el vestido de novia<\/strong> de <a data-voc-vtm-id=\"in-text-traffic\" href=\"https:\/\/www.mujerhoy.com\/temas\/personajes\/tamara-falco.html\" title=\"www.mujerhoy.com\">Tamara<\/a>.\n<\/p>\n<p class=\"voc-paragraph\">Y como era de esperar, no solo ha habido un look, sino varios. Tamara ha gestionado al detalle todas y cada una de las apariciones en el marco de la boda. Y ha triunfado en la <a data-voc-vtm-id=\"in-text-traffic\" href=\"https:\/\/www.mujerhoy.com\/celebrities\/realeza\/tamara-falco-preboda-inigo-onieva-secreto-privado-baile-romantico-beso-20230708112702-nt.html\" title=\"www.mujerhoy.com\">preboda<\/a>, en la ceremonia, en la fiesta, en <a data-voc-vtm-id=\"in-text-traffic\" href=\"https:\/\/www.mujerhoy.com\/moda\/no-te-pierdas\/look-postboda-tamara-falco-brunch-ritz-invitadas-20230709142430-nt.html\" title=\"www.mujerhoy.com\">el brunch de despu\u00e9s<\/a>&#8230; Tenemos <strong>todas las prendas<\/strong> que ha llevado la marquesa de Gri\u00f1\u00f3n. \u00a1F\u00edchalas todas!\n<\/p>\n<div class=\"voc-detail-photo-zoom\"><picture data-toggle=\"modal\" data-target=\"#photoZoomModal-782\" target=\"modal\">\n<div class=\"voc-img-icon-link\"><img loading=\"lazy\" data-original=\"\/\/static2.mujerhoy.com\/www\/multimedia\/202307\/10\/media\/cortadas\/tamara-falco-traje-blanco-preboda-kUEB--460x637@MujerHoy.jpg\" class=\"lazy\" alt=\"Tamara Falc\u00f3 en la preboda. \/ INSTAGRAM\"><noscript><img src=\"http:\/\/hoycordobaweb.com\/wp-content\/uploads\/2023\/07\/todos-los-looks-de-tamara-falco-en-su-boda-de-los-vestidos-de-novia-al-camison-o-las-sandalias-planas-de-la-fiesta-1.jpg\" alt=\"Tamara Falc\u00f3 en la preboda. \/ INSTAGRAM\"><\/noscript><i class=\"voc-icons zoom voc-multimedia-box voc-ico-l\"><\/i><\/div><figcaption class=\"figure-caption\">Tamara Falc\u00f3 en la preboda. \/ INSTAGRAM<\/figcaption><\/picture><\/div>\n<div id=\"photoZoomModal-782\" class=\"voc-lightbox modal fade voc-lightbox--photo-zoom\" role=\"dialog\" data-voc-photozoom-lightbox>\n<div class=\"voc-lightbox__dialog\" role=\"document\">\n<div class=\"voc-lightbox__content\"><!-- Modal header --><!-- Modal content --><\/p>\n<div class=\"voc-lightbox__photo-container\"><picture class><img loading=\"lazy\" data-original=\"\/\/static2.mujerhoy.com\/www\/multimedia\/202307\/10\/media\/cortadas\/tamara-falco-traje-blanco-preboda-kUEB--460x637@MujerHoy.jpg\" alt=\"Tamara Falc\u00f3 en la preboda. \/ INSTAGRAM\" class=\"lazy\"><noscript><img src=\"http:\/\/hoycordobaweb.com\/wp-content\/uploads\/2023\/07\/todos-los-looks-de-tamara-falco-en-su-boda-de-los-vestidos-de-novia-al-camison-o-las-sandalias-planas-de-la-fiesta-1.jpg\" alt=\"Tamara Falc\u00f3 en la preboda. \/ INSTAGRAM\"><\/noscript><\/picture><\/div>\n<\/div>\n<\/div>\n<\/div>\n<p><h3 class=\"voc-detail__title\"> El look de la preboda<br \/>\n<\/h3>\n<\/p>\n<p class=\"voc-paragraph\">Para la preboda, Tamara Falc\u00f3 demostr\u00f3 lo mucho que le gusta la colecci\u00f3n que ella misma ha dise\u00f1ado junto a <strong>Pedro del Hierro <\/strong>y apost\u00f3 por un <strong>traje <\/strong>de esta colaboraci\u00f3n. Era un dise\u00f1o de pantal\u00f3n recto de talle alto, con blazer cropped y blusa con lazada. Todo en un total white que acompa\u00f1\u00f3 de una blusa con lazada, joyas de Tous y un bolso y zapatos de Aquazzura.\n<\/p>\n<div class=\"voc-detail__cmp\">\n<div class=\"voc-article-container\">\n<article class=\"voc-article voc-article--cmp-photo-text\" readability=\"26\">\n<div class=\"voc-img-container\" readability=\"7\"><picture>\n<div class=\"voc-horizontal voc-img-icon-link\"><img class=\"lazy\" loading=\"lazy\" data-original=\"\/\/static1.mujerhoy.com\/www\/multimedia\/202307\/10\/media\/cortadas\/camison-bata-tamara-falco-kUEB--624x624@MujerHoy.jpg\" alt=\"El conjunto de bata y camis\u00f3n de Namur con ES Fascinante.\"><\/div>\n<\/picture>\n<p class=\"figure-caption \"> El conjunto de bata y camis\u00f3n de Namur con ES Fascinante. <span class=\"voc-photo-author\"><\/span><\/p>\n<\/div>\n<\/article>\n<\/div>\n<\/div>\n<p><h3 class=\"voc-detail__title\"> El conjunto lencero con el que se prepar\u00f3<br \/>\n<\/h3>\n<\/p>\n<p class=\"voc-paragraph\">Para los preparativos en la finca El Rinc\u00f3n, justo antes de vestirse y pasar por el altar, Tamara Falc\u00f3 eligi\u00f3 un conjunto de camis\u00f3n y bata y de la firma Namur con ES Fascinante, dise\u00f1ado y personalizado especialmente para ella. Un dise\u00f1o de sat\u00e9n de lo m\u00e1s elegante.\n<\/p>\n<p><h3 class=\"voc-detail__title\"> El vestido de novia, el m\u00e1s esperado<br \/>\n<\/h3>\n<\/p>\n<p class=\"voc-paragraph\">Todos quer\u00edan ver el vestido de novia elegido por Tamara y el resultado final ha sorprendido y generado todo tipo de opiniones. La marquesa, de la mano de Wes Gordon, director creativo de <strong>Carolina Herrera<\/strong>, luci\u00f3 este vestido de<br \/>\n<strong> inspiraci\u00f3n royal y medieval <\/strong>con manga francesa escote en forma de pico y un bordado metalizado que recorr\u00eda de manera vertical toda la prenda.\n<\/p>\n<p class=\"voc-paragraph\">Un dise\u00f1o al que le han sacado parecido con el que llev\u00f3 la reina Letizia, pero tambi\u00e9n Carmina Ordo\u00f1ez o Carmen Mart\u00ednez Bordi\u00fa. Tamara quer\u00eda un look regio, arist\u00f3crata y digno de princesa y lo consigui\u00f3. Lo acompa\u00f1\u00f3 adem\u00e1s de una <strong>tiara y un velo<\/strong>. M\u00e1s cl\u00e1sica imposible.\n<\/p>\n<p><h3 class=\"voc-detail__title\"> El segundo vestido de novia, mucho m\u00e1s especial<br \/>\n<\/h3>\n<\/p>\n<p class=\"voc-paragraph\">Tras la ceremonia y para disfrutar de la fiesta, Tamara escogi\u00f3 un dise\u00f1o m\u00e1s sofisticado y especial. Tambi\u00e9n firmado por el dise\u00f1ador de Carolina Herrera, este era un dise\u00f1o en un nude rosado, con palabra de honor, cuerpo adornado por un <strong>lazo <\/strong>y una falda larga con volantes verticales.\n<\/p>\n<p class=\"voc-paragraph\">Era un vestido rom\u00e1ntico, confeccionado en organza y mucho m\u00e1s vaporoso que el primero. En este momento, se deshizo de la tiara y el velo y complet\u00f3 el estilismo con unas <strong>sandalias de tac\u00f3n doradas <\/strong>y una coleta baja. \u00a1Nos encanta!\n<\/p>\n<div class=\"voc-detail__cmp\">\n<div class=\"voc-article-container\">\n<article class=\"voc-article voc-article--cmp-photo-text\" readability=\"26\">\n<div class=\"voc-img-container\" readability=\"7\"><picture>\n<div class=\"voc-horizontal voc-img-icon-link\"><img class=\"lazy\" loading=\"lazy\" data-original=\"\/\/static.mujerhoy.com\/www\/multimedia\/202307\/10\/media\/cortadas\/tamara-falco-vestido-encaje-kUEB--624x624@MujerHoy.jpg\" alt=\"Tamara Falc\u00f3 con un vestido de encaje.\"><\/div>\n<\/picture>\n<p class=\"figure-caption \"> Tamara Falc\u00f3 con un vestido de encaje. \/ <span class=\"voc-photo-author\"> twitter <\/span><\/p>\n<\/div>\n<\/article>\n<\/div>\n<\/div>\n<p><h3 class=\"voc-detail__title\"> El vestido de encaje de la fiesta<br \/>\n<\/h3>\n<\/p>\n<p class=\"voc-paragraph\">Para volver de la fiesta en la que lo dio todo y poder seguir luciendo de novia, pero en una versi\u00f3n m\u00e1s c\u00f3moda e informal, Tamara escogi\u00f3 un vestido de encaje de <strong>Zimmermann<\/strong>, un dise\u00f1o de manga larga, ajustado y cuello redondo que acompa\u00f1\u00f3 de unas sandalias de <strong>Birkenstock <\/strong>en color blanco.\n<\/p>\n<div class=\"voc-detail__cmp\">\n<div class=\"voc-article-container\">\n<article class=\"voc-article voc-article--cmp-photo-text\" readability=\"26\">\n<div class=\"voc-img-container\" readability=\"7\"><picture>\n<div class=\"voc-horizontal voc-img-icon-link\"><img class=\"lazy\" loading=\"lazy\" data-original=\"\/\/static2.mujerhoy.com\/www\/multimedia\/202307\/10\/media\/cortadas\/tamara-falco-look-postboda-kUEB--624x624@MujerHoy.jpg\" alt=\"Tamara e \u00cd\u00f1igo con amigos en el brunch.\"><\/div>\n<\/picture>\n<p class=\"figure-caption \"> Tamara e \u00cd\u00f1igo con amigos en el brunch. <span class=\"voc-photo-author\"><\/span><\/p>\n<\/div>\n<\/article>\n<\/div>\n<\/div>\n<p class=\"voc-paragraph\">El \u00faltimo evento de la boda fue un brunch que Tamara e \u00cd\u00f1igo celebraron en el Ritz para algunos de los invitados, sobre todo, estuvieron amigos y familiares m\u00e1s allegados. Para esta cita m\u00e1s informal, la novia opt\u00f3 por un vestido de lunares en color verde botella y blanco de <strong>Johanna Ortiz<\/strong>. \u00bfCu\u00e1l es tu look favorito?\n<\/p>\n<p><!-- TOPICS --><\/p>\n","protected":false},"excerpt":{"rendered":"<p>Tamara Falc\u00f3 e \u00cd\u00f1igo Onieva ya son marido y mujer &#8211; as\u00ed va a ser su nueva vida-. \u00a1Por fin! La cita m\u00e1s esperada del momento ha llegado a su fin y poco a poco nos est\u00e1n llegando todos y cada uno de los detalles de enlace del a\u00f1o. Y s\u00ed, el que m\u00e1s expectaci\u00f3n [&hellip;]<\/p>\n","protected":false},"author":1,"featured_media":63097,"comment_status":"closed","ping_status":"closed","sticky":false,"template":"","format":"standard","meta":[],"categories":[1],"tags":[],"_links":{"self":[{"href":"http:\/\/hoycordobaweb.com\/index.php\/wp-json\/wp\/v2\/posts\/63096"}],"collection":[{"href":"http:\/\/hoycordobaweb.com\/index.php\/wp-json\/wp\/v2\/posts"}],"about":[{"href":"http:\/\/hoycordobaweb.com\/index.php\/wp-json\/wp\/v2\/types\/post"}],"author":[{"embeddable":true,"href":"http:\/\/hoycordobaweb.com\/index.php\/wp-json\/wp\/v2\/users\/1"}],"replies":[{"embeddable":true,"href":"http:\/\/hoycordobaweb.com\/index.php\/wp-json\/wp\/v2\/comments?post=63096"}],"version-history":[{"count":0,"href":"http:\/\/hoycordobaweb.com\/index.php\/wp-json\/wp\/v2\/posts\/63096\/revisions"}],"wp:featuredmedia":[{"embeddable":true,"href":"http:\/\/hoycordobaweb.com\/index.php\/wp-json\/wp\/v2\/media\/63097"}],"wp:attachment":[{"href":"http:\/\/hoycordobaweb.com\/index.php\/wp-json\/wp\/v2\/media?parent=63096"}],"wp:term":[{"taxonomy":"category","embeddable":true,"href":"http:\/\/hoycordobaweb.com\/index.php\/wp-json\/wp\/v2\/categories?post=63096"},{"taxonomy":"post_tag","embeddable":true,"href":"http:\/\/hoycordobaweb.com\/index.php\/wp-json\/wp\/v2\/tags?post=63096"}],"curies":[{"name":"wp","href":"https:\/\/api.w.org\/{rel}","templated":true}]}}