{"id":63088,"date":"2023-07-11T02:21:27","date_gmt":"2023-07-11T02:21:27","guid":{"rendered":"https:\/\/www.ole.com.ar\/futbol-internacional\/juan-antonio-pizzi-seleccion-bahrein_0_O9aaaHNnUw.html"},"modified":"2023-07-11T02:21:27","modified_gmt":"2023-07-11T02:21:27","slug":"luego-del-no-de-gareca-pizzi-asumira-en-barein","status":"publish","type":"post","link":"http:\/\/hoycordobaweb.com\/index.php\/2023\/07\/11\/luego-del-no-de-gareca-pizzi-asumira-en-barein\/","title":{"rendered":"Luego del \u00abno\u00bb de Gareca, Pizzi asumir\u00e1 en Bar\u00e9in"},"content":{"rendered":"<p><img src=\"http:\/\/hoycordobaweb.com\/wp-content\/uploads\/2023\/07\/luego-del-no-de-gareca-pizzi-asumira-en-barein.jpg\"><\/p>\n<p><time class=\"createDate\" datetime=\"2023-07-10T23:21:27-03:00\">10\/07\/2023 23:21hs.<\/time><time class=\"modificatedDate\" datetime=\"2023-07-10T23:21:27-03:00\"><\/time><\/p>\n<div id=\"storyBody\">\n<div class=\"custom-text \" readability=\"40\">\n<p>Otro entrenador argentino que se mudar\u00e1 a Medio Oriente aunque, este, ya tiene una larga experiencia. <strong>Juan Antonio Pizzi ha sido designado como el nuevo seleccionador de Bar\u00e9in,<\/strong> asumiendo el cargo en reemplazo del portugu\u00e9s <strong>H\u00e9lio Sousa <\/strong>y <strong>luego de la negativa de Ricardo Gareca<\/strong>. El DT ha acordado firmar un contrato que abarcar\u00e1 hasta el final de las Eliminatorias hacia la Copa del Mundo de Estados Unidos, M\u00e9xico y Canad\u00e1, y que podr\u00eda extenderse si el equipo logra clasificarse para el Mundial 2026.<\/p>\n<\/div>\n<div class=\"custom-text \" readability=\"41\">\n<p><strong>Esta ser\u00e1 la tercera experiencia de Pizzi como director t\u00e9cnico de una selecci\u00f3n, habiendo dirigido anteriormente a Chile y Arabia Saudit<\/strong>a. Con la Roja, Pizzi obtuvo el t\u00edtulo de la Copa Am\u00e9rica Centenario en 2016, ni m\u00e1s ni menos que derrotando a la Argentina de Gerardo Martino en la final, y fue subcampe\u00f3n en la Copa Confederaciones 2017, cayendo 1-0 frente a Alemania. Adem\u00e1s, <strong>tuvo la oportunidad de dirigir a Arabia Saudita en el Mundial de Rusia 2018.<\/strong><\/p>\n<\/div>\n<div class=\"custom-text \" readability=\"44\">\n<p><strong>La Selecci\u00f3n de Bahrein, afiliada a la Confederaci\u00f3n Asi\u00e1tica de F\u00fatbol (AFC), ocupa actualmente el puesto 86 en el ranking de la FIFA, con 1282.05 puntos<\/strong>. El siguiente objetivo del equipo ser\u00e1 la Copa de Asia, a disputarse a partir del 25\/1\/20204, en la cual El Rojo disputar\u00e1 el Grupo E, junto a Corea del Sur, Malasia y Jordania. Luego, desde mediados del 2024, Bar\u00e9in comenzar\u00e1 su camino hacia la Copa del Mundo.<\/p>\n<\/div>\n<div class=\"custom-text \" readability=\"38\">\n<p><strong>Pizzi cuenta con experiencia en la regi\u00f3n de Medio Oriente, habiendo dirigido al club Al Wasl de los Emiratos \u00c1rabes Unidos<\/strong> en su \u00faltima experiencia como entrenador. Su contrato finaliz\u00f3 a mediados de 2022 y no se lleg\u00f3 a un acuerdo para una posible renovaci\u00f3n. Dirigi\u00f3 33 partidos, habiendo ganado 17, empatado nueve y perdido siete. <strong>Su conocimiento de la cultura y el f\u00fatbol de la regi\u00f3n ser\u00e1 un activo importante para su trabajo en Bar\u00e9in<\/strong><\/p>\n<\/div>\n<div class=\"custom-text \" readability=\"38\">\n<p>Con su nombramiento como seleccionador de Bar\u00e9in, <strong>Pizzi se une a otros entrenadores argentinos que han dirigido a la selecci\u00f3n asi\u00e1tica, como Gabriel Calder\u00f3n (2012-2013) y Sergio Batista (2015-2016<\/strong>). Ahora, Pizzi tendr\u00e1 la oportunidad de dejar su huella en el f\u00fatbol asi\u00e1tico y llevar al equipo hacia nuevas metas y desaf\u00edos en las Eliminatorias para el Mundial de 2026. Con Arabia Saudita ya sent\u00f3 un precedente&#8230;<\/p>\n<\/div>\n<div class=\"sc-e7b891c4-0 jPbnQF\"><img alt=\"En Argentina, Pizzi dirigi\u00f3 a Col\u00f3n, Rosario Central, San Lorenzo en dos etapas y Racing.(Telam)\" src=\"http:\/\/hoycordobaweb.com\/wp-content\/uploads\/2023\/07\/luego-del-no-de-gareca-pizzi-asumira-en-barein-2.jpg\" width=\"720\" height=\"100\" decoding=\"async\" data-nimg=\"future\" loading=\"lazy\"><span class=\"epigraphe\">En Argentina, Pizzi dirigi\u00f3 a Col\u00f3n, Rosario Central, San Lorenzo en dos etapas y Racing.(Telam)<\/span><\/div>\n<p><h2><strong><em>Todos los clubes que dirigi\u00f3 Juan Antonio Pizzi<\/em><\/strong><\/h2>\n<\/p>\n<div class=\"custom-text \">\n<ul>\n<li>Col\u00f3n (2004-05)<\/li>\n<li>Uni\u00f3n de San Mart\u00edn de Per\u00fa (2006)<\/li>\n<li>Santiago Morning de Chile (2009-10)<\/li>\n<li>Universidad Cat\u00f3lica de Chile (2010-11)<\/li>\n<li>Rosario Central (2011-12)<\/li>\n<li>San Lorenzo (2012-14)<\/li>\n<li>Valencia (2013-14)<\/li>\n<li>Le\u00f3n (2015-16)<\/li>\n<li>Selecci\u00f3n de Chile (2016-17)<\/li>\n<li>Selecci\u00f3n de Arabia Saudita (2018-2019)<\/li>\n<li>San Lorenzo (2019-20)<\/li>\n<li>Racing (2021)<\/li>\n<li>Al Wasl (2022-23)<\/li>\n<li><strong>Selecci\u00f3n de Bar\u00e9in (2023-)<\/strong><\/li>\n<\/ul>\n<\/div>\n<div class=\"sc-a7166897-0 exHLBh\" readability=\"6\">\n<section readability=\"2\"><picture><img alt=\"Manchester United pide una locura de plata por Harry Maguire\" src=\"http:\/\/hoycordobaweb.com\/wp-content\/uploads\/2023\/07\/luego-del-no-de-gareca-pizzi-asumira-en-barein-3.jpg\" width=\"290\" height=\"290\" decoding=\"async\" data-nimg=\"future\" loading=\"lazy\"><\/picture>\n<p><span>Mir\u00e1 tambi\u00e9n<\/span><\/p>\n<hr>\n<h3>Manchester United pide una locura de plata por Harry Maguire<\/h3>\n<\/p>\n<\/section>\n<\/div>\n<div class=\"sc-a7166897-0 exHLBh\" readability=\"6\">\n<section readability=\"2\"><picture><img alt=\"Neymar volvi\u00f3 \u00bfpara quedarse?\" src=\"http:\/\/hoycordobaweb.com\/wp-content\/uploads\/2023\/07\/luego-del-no-de-gareca-pizzi-asumira-en-barein-4.jpg\" width=\"290\" height=\"290\" decoding=\"async\" data-nimg=\"future\" loading=\"lazy\"><\/picture>\n<p><span>Mir\u00e1 tambi\u00e9n<\/span><\/p>\n<hr>\n<h3>Neymar volvi\u00f3 \u00bfpara quedarse?<\/h3>\n<\/p>\n<\/section>\n<\/div>\n<div class=\"sc-a7166897-0 exHLBh\" readability=\"6\">\n<section readability=\"2\"><picture><img alt=\"El PSG post Messi: a qui\u00e9nes trajo y la duda con Mbapp\u00e9 y Neymar\" src=\"http:\/\/hoycordobaweb.com\/wp-content\/uploads\/2023\/07\/luego-del-no-de-gareca-pizzi-asumira-en-barein-5.jpg\" width=\"290\" height=\"290\" decoding=\"async\" data-nimg=\"future\" loading=\"lazy\"><\/picture>\n<p><span>Mir\u00e1 tambi\u00e9n<\/span><\/p>\n<hr>\n<h3>El PSG post Messi: a qui\u00e9nes trajo y la duda con Mbapp\u00e9 y Neymar<\/h3>\n<\/p>\n<\/section>\n<\/div>\n<\/div>\n","protected":false},"excerpt":{"rendered":"<p>10\/07\/2023 23:21hs. Otro entrenador argentino que se mudar\u00e1 a Medio Oriente aunque, este, ya tiene una larga experiencia. Juan Antonio Pizzi ha sido designado como el nuevo seleccionador de Bar\u00e9in, asumiendo el cargo en reemplazo del portugu\u00e9s H\u00e9lio Sousa y luego de la negativa de Ricardo Gareca. El DT ha acordado firmar un contrato que [&hellip;]<\/p>\n","protected":false},"author":1,"featured_media":63089,"comment_status":"open","ping_status":"closed","sticky":false,"template":"","format":"standard","meta":[],"categories":[16],"tags":[],"_links":{"self":[{"href":"http:\/\/hoycordobaweb.com\/index.php\/wp-json\/wp\/v2\/posts\/63088"}],"collection":[{"href":"http:\/\/hoycordobaweb.com\/index.php\/wp-json\/wp\/v2\/posts"}],"about":[{"href":"http:\/\/hoycordobaweb.com\/index.php\/wp-json\/wp\/v2\/types\/post"}],"author":[{"embeddable":true,"href":"http:\/\/hoycordobaweb.com\/index.php\/wp-json\/wp\/v2\/users\/1"}],"replies":[{"embeddable":true,"href":"http:\/\/hoycordobaweb.com\/index.php\/wp-json\/wp\/v2\/comments?post=63088"}],"version-history":[{"count":0,"href":"http:\/\/hoycordobaweb.com\/index.php\/wp-json\/wp\/v2\/posts\/63088\/revisions"}],"wp:featuredmedia":[{"embeddable":true,"href":"http:\/\/hoycordobaweb.com\/index.php\/wp-json\/wp\/v2\/media\/63089"}],"wp:attachment":[{"href":"http:\/\/hoycordobaweb.com\/index.php\/wp-json\/wp\/v2\/media?parent=63088"}],"wp:term":[{"taxonomy":"category","embeddable":true,"href":"http:\/\/hoycordobaweb.com\/index.php\/wp-json\/wp\/v2\/categories?post=63088"},{"taxonomy":"post_tag","embeddable":true,"href":"http:\/\/hoycordobaweb.com\/index.php\/wp-json\/wp\/v2\/tags?post=63088"}],"curies":[{"name":"wp","href":"https:\/\/api.w.org\/{rel}","templated":true}]}}