{"id":63072,"date":"2023-07-11T02:09:00","date_gmt":"2023-07-11T02:09:00","guid":{"rendered":"http:\/\/hoycordobaweb.com\/index.php\/2023\/07\/11\/debate-sin-acuerdo-entre-los-lideres-del-psoe-y-el-pp-con-vista-al-23-de-julio\/"},"modified":"2023-07-11T02:09:00","modified_gmt":"2023-07-11T02:09:00","slug":"debate-sin-acuerdo-entre-los-lideres-del-psoe-y-el-pp-con-vista-al-23-de-julio","status":"publish","type":"post","link":"http:\/\/hoycordobaweb.com\/index.php\/2023\/07\/11\/debate-sin-acuerdo-entre-los-lideres-del-psoe-y-el-pp-con-vista-al-23-de-julio\/","title":{"rendered":"Debate sin acuerdo entre los l\u00edderes del PSOE y el PP con vista al 23 de julio"},"content":{"rendered":"<p><img src=\"https:\/\/www.telam.com.ar\/advf\/imagenes\/2023\/01\/63d9691a71504.01.2023 foto prensa la moncloa.jpg\"><\/p>\n<p> El presidente del gobierno de Espa\u00f1a, Pedro S\u00e1nchez, del Partido Socialista (PSOE), rechaz\u00f3 la propuesta que le hizo el lunes el l\u00edder del Partido Popular (PP, conservador y principal opositor), Alberto N\u00fa\u00f1ez Feij\u00f3o, para firmar un acuerdo que permita encabezar la pr\u00f3xima administraci\u00f3n a la fuerza que sea la m\u00e1s votada en las elecciones generales del 23 de este mes, inform\u00f3 la prensa local.<\/p>\n<div id=\"div_cuerpo\" readability=\"86.740114699668\"> Al desechar la iniciativa, S\u00e1nchez aconsej\u00f3 a N\u00fa\u00f1ez Feij\u00f3o que hablara con el socialista Guillermo Fern\u00e1ndez Vara, que gan\u00f3 los comicios en Extremadura pero no podr\u00e1 gobernar en virtud de un pacto entre PP y su aliado de extrema derecha Vox.<\/p>\n<p>El contrapunto se produjo esta noche en el \u00fanico debate televisado entre ambos l\u00edderes con vista a las elecciones generales del 23.<\/p>\n<p>N\u00fa\u00f1ez Feij\u00f3o anticip\u00f3 la oferta en el segundo bloque del debate, que deb\u00eda destinarse a pol\u00edticas sociales y de igualdad, y la repiti\u00f3 varias veces en el tercero, para el que s\u00ed estaba programado hablar sobre pactos, seg\u00fan la agencia espa\u00f1ola de noticias Europa Press.<\/p>\n<blockquote class=\"twitter-tweet\" readability=\"7.0448275862069\">\n<p lang=\"es\" dir=\"ltr\">He propuesto a Pedro S\u00e1nchez un acuerdo para que ambos nos comprometamos a dejar gobernar a quien gane las elecciones.<\/p>\n<p>Sabe que no puede aceptarlo. Solo puede gobernar con sus socios.<a href=\"https:\/\/twitter.com\/hashtag\/CaraACaraAtresmedia?src=hash&amp;ref_src=twsrc%5Etfw\">#CaraACaraAtresmedia<\/a><a href=\"https:\/\/twitter.com\/hashtag\/23J?src=hash&amp;ref_src=twsrc%5Etfw\">#23J<\/a> <a href=\"https:\/\/t.co\/9f8clkV6gG\">pic.twitter.com\/9f8clkV6gG<\/a><\/p>\n<p>\u2014 Alberto N\u00fa\u00f1ez Feij\u00f3o (@NunezFeijoo) <a href=\"https:\/\/twitter.com\/NunezFeijoo\/status\/1678508643807797250?ref_src=twsrc%5Etfw\">July 10, 2023<\/a><\/p><\/blockquote>\n<p>\u201cLe traigo un pacto para clarificar este asunto\u201d, proclam\u00f3 el presidente del PP, que firm\u00f3 en directo un documento con ese compromiso de facilitar la investidura al m\u00e1s votado.<\/p>\n<p>\u201c\u00bfSi las gano yo, va a facilitar usted la investidura? Mire, se\u00f1or S\u00e1nchez, yo lo dejo aqu\u00ed\u201d, desafi\u00f3.<\/p>\n<p>N\u00fa\u00f1ez Feij\u00f3o insisti\u00f3 en firmar ese acuerdo antes de los comicios, con el fin de evitar que S\u00e1nchez se postule a continuar en la presidencia del gobierno mediante alianzas, aun si su partido no es el m\u00e1s votado.<\/p>\n<p>El l\u00edder opositor sostuvo que no podr\u00eda ser presidente si el PSOE \u201cgana las elecciones\u201d y record\u00f3 que el socialista Felipe Gonz\u00e1lez permiti\u00f3 en 1996 que gobernara el conservador Jos\u00e9 Mar\u00eda Aznar porque fue el m\u00e1s votado.<\/p>\n<p>\u201cTiene sentido del humor, se\u00f1or Feij\u00f3o; pues hable con Vara\u201d, respondi\u00f3 S\u00e1nchez.<\/p>\n<figure class=\"mb-3\"><img loading=\"lazy\" data-src=\"http:\/\/hoycordobaweb.com\/wp-content\/uploads\/2023\/07\/debate-sin-acuerdo-entre-los-lideres-del-psoe-y-el-pp-con-vista-al-23-de-julio.jpg\" src=\"https:\/\/www.telam.com.ar\/assets\/img\/not_image.png\" class=\" lazy \" width=\"100%\" height=\"100%\" alt=\"Nuez Feijo es el candidato opositor que ms mide en las encuestas Foto AFP\"><figcaption> Nu\u00f1ez Feij\u00f3o es el candidato opositor que m\u00e1s mide en las encuestas. Foto: AFP <\/figcaption><\/figure>\n<p>El presidente del gobierno tambi\u00e9n aludi\u00f3 al caso de la presidenta de Madrid, Isabel D\u00edaz Ayuso, quien obtuvo ese cargo pese a no haber sido el PP el m\u00e1s votado, gracias al pacto que esa fuerza celebr\u00f3 con Ciudadanos y al apoyo de Vox.<\/p>\n<p>Por otra parte, S\u00e1nchez y N\u00fa\u00f1ez Feij\u00f3o disintieron tambi\u00e9n acerca de la marcha econ\u00f3mica de Espa\u00f1a.<\/p>\n<p>El jefe del gobierno reivindic\u00f3 asuntos como la creaci\u00f3n de empleo, el control de la inflaci\u00f3n, el crecimiento y la reforma laboral. \u201cNo podemos dar volantazos, porque Feij\u00f3o y (el presidente de Vox, Santiago) Abascal aspiran a derogar todo esto, les echar\u00e1n un frenazo\u201d, argument\u00f3 S\u00e1nchez.<\/p>\n<blockquote class=\"twitter-tweet\" readability=\"10.900849858357\">\n<p lang=\"es\" dir=\"ltr\">El <a href=\"https:\/\/twitter.com\/hashtag\/23J?src=hash&amp;ref_src=twsrc%5Etfw\">#23J<\/a> Espa\u00f1a se juega por primera vez si contin\u00faa avanzando como en los \u00faltimos 40 a\u00f1os, o si entra de la mano de Feij\u00f3o y Abascal en un t\u00fanel del tiempo tenebroso que no sabemos d\u00f3nde acaba.<\/p>\n<p>Por eso te pido que votes, con confianza y esperanza, al <a href=\"https:\/\/twitter.com\/PSOE?ref_src=twsrc%5Etfw\">@PSOE<\/a>.<a href=\"https:\/\/twitter.com\/hashtag\/Adelante?src=hash&amp;ref_src=twsrc%5Etfw\">#Adelante<\/a>\u2026 <a href=\"https:\/\/t.co\/fgkoKIydLr\">pic.twitter.com\/fgkoKIydLr<\/a><\/p>\n<p>\u2014 Pedro S\u00e1nchez (@sanchezcastejon) <a href=\"https:\/\/twitter.com\/sanchezcastejon\/status\/1678532230161768449?ref_src=twsrc%5Etfw\">July 10, 2023<\/a><\/p><\/blockquote>\n<p>N\u00fa\u00f1ez Feij\u00f3o replic\u00f3 que el gobierno de S\u00e1nchez es uno de los que menos empleo cre\u00f3 desde la recuperaci\u00f3n de la democracia, solo por delante de la administraci\u00f3n del tambi\u00e9n socialista Jos\u00e9 Luis Rodr\u00edguez Zapatero.<\/p>\n<p>Asimismo, recrimin\u00f3 la \u201cpoca estabilidad\u201d de las pol\u00edticas del Ejecutivo, lo que se reflej\u00f3 en el nombramiento de \u201cm\u00e1s de 40 ministros\u201d, y sostuvo que su adversario \u201cmaquilla\u201d la estad\u00edsticas de desempleo.<\/p>\n<\/div>\n","protected":false},"excerpt":{"rendered":"<p>El presidente del gobierno de Espa\u00f1a, Pedro S\u00e1nchez, del Partido Socialista (PSOE), rechaz\u00f3 la propuesta que le hizo el lunes el l\u00edder del Partido Popular (PP, conservador y principal opositor), Alberto N\u00fa\u00f1ez Feij\u00f3o, para firmar un acuerdo que permita encabezar la pr\u00f3xima administraci\u00f3n a la fuerza que sea la m\u00e1s votada en las elecciones generales [&hellip;]<\/p>\n","protected":false},"author":1,"featured_media":63073,"comment_status":"open","ping_status":"closed","sticky":false,"template":"","format":"standard","meta":[],"categories":[24],"tags":[],"_links":{"self":[{"href":"http:\/\/hoycordobaweb.com\/index.php\/wp-json\/wp\/v2\/posts\/63072"}],"collection":[{"href":"http:\/\/hoycordobaweb.com\/index.php\/wp-json\/wp\/v2\/posts"}],"about":[{"href":"http:\/\/hoycordobaweb.com\/index.php\/wp-json\/wp\/v2\/types\/post"}],"author":[{"embeddable":true,"href":"http:\/\/hoycordobaweb.com\/index.php\/wp-json\/wp\/v2\/users\/1"}],"replies":[{"embeddable":true,"href":"http:\/\/hoycordobaweb.com\/index.php\/wp-json\/wp\/v2\/comments?post=63072"}],"version-history":[{"count":0,"href":"http:\/\/hoycordobaweb.com\/index.php\/wp-json\/wp\/v2\/posts\/63072\/revisions"}],"wp:featuredmedia":[{"embeddable":true,"href":"http:\/\/hoycordobaweb.com\/index.php\/wp-json\/wp\/v2\/media\/63073"}],"wp:attachment":[{"href":"http:\/\/hoycordobaweb.com\/index.php\/wp-json\/wp\/v2\/media?parent=63072"}],"wp:term":[{"taxonomy":"category","embeddable":true,"href":"http:\/\/hoycordobaweb.com\/index.php\/wp-json\/wp\/v2\/categories?post=63072"},{"taxonomy":"post_tag","embeddable":true,"href":"http:\/\/hoycordobaweb.com\/index.php\/wp-json\/wp\/v2\/tags?post=63072"}],"curies":[{"name":"wp","href":"https:\/\/api.w.org\/{rel}","templated":true}]}}