{"id":63043,"date":"2023-07-10T07:00:33","date_gmt":"2023-07-10T07:00:33","guid":{"rendered":"https:\/\/www.trendencias.com\/series-de-television\/que-ver-esta-semana-intensa-miniserie-netflix-que-tambien-pelicula-cara-historia-noruega"},"modified":"2023-07-10T07:00:33","modified_gmt":"2023-07-10T07:00:33","slug":"que-ver-esta-semana-la-intensa-miniserie-de-netflix-que-tambien-es-la-pelicula-mas-cara-de-la-historia-de-noruega","status":"publish","type":"post","link":"http:\/\/hoycordobaweb.com\/index.php\/2023\/07\/10\/que-ver-esta-semana-la-intensa-miniserie-de-netflix-que-tambien-es-la-pelicula-mas-cara-de-la-historia-de-noruega\/","title":{"rendered":"Qu\u00e9 ver esta semana: la intensa miniserie de Netflix que tambi\u00e9n es la pel\u00edcula m\u00e1s cara de la historia de Noruega"},"content":{"rendered":"<p>Una miniserie noruega que en realidad se trata de una pel\u00edcula. Concretamente la m\u00e1s cara de la historia de Noruega, y candidata para<a href=\"https:\/\/www.trendencias.com\/alfombra-roja\/oscar-2023-mejores-peores-looks-mejor-alfombra-roja-ano\"><u> los Oscar 2023<\/u><\/a>, aunque no consigui\u00f3 estar entre las nominadas.<\/p>\n<p><!-- BREAK 1 --><\/p>\n<p>Se trata de <em><strong>Un marinero en la guerra <\/strong><\/em><strong>(Krigsseileren), una de esas joyas que esconde Netflix <\/strong>en su plataforma y que es nuestra recomendaci\u00f3n semanal porque aporta al g\u00e9nero de guerra algo que pocas veces se cuenta, <a href=\"https:\/\/www.trendencias.com\/psicologia-1\/soy-defensora-derecho-a-estar-triste-estas-mis-razones\"><u>la tristeza<\/u><\/a> de quien se ve involucrado sin pretenderlo.<\/p>\n<p><!-- BREAK 2 --><\/p>\n<div class=\"article-asset article-asset-normal article-asset-center\">\n<div class=\"desvio-container\">\n<div class=\"desvio\">\n<div class=\"desvio-figure js-desvio-figure\"> <a href=\"https:\/\/www.trendencias.com\/celebrities\/feo-netflix-meghan-markle-asi-han-desterrado-nuevo-documental-principe-harry\"> <img alt=\"El feo de Netflix con Meghan Markle: as\u00ed la han desterrado del nuevo documental del pr\u00edncipe Harry\" src=\"http:\/\/hoycordobaweb.com\/wp-content\/uploads\/2023\/07\/que-ver-esta-semana-la-intensa-miniserie-de-netflix-que-tambien-es-la-pelicula-mas-cara-de-la-historia-de-noruega.jpg\"> <\/a> <\/div><\/div><\/div>\n<\/div>\n<h2><em>Un marinero en la guerra<\/em>, la intensa miniserie de Netflix<\/h2>\n<p>Dirigida por Gunnar Vikene, que tambi\u00e9n se encarg\u00f3 del gui\u00f3n, esta superproducci\u00f3n noruega est\u00e1 en Netflix en formato de miniserie, aunque en realidad fue concebida como una pel\u00edcula. Ahora est\u00e1 en la plataforma de Netflix <strong>con un nuevo montaje, m\u00e1s minutos y dividida en tres episodios<\/strong>.<\/p>\n<p><!-- BREAK 3 --><\/p>\n<div class=\"article-asset-image article-asset-normal article-asset-center\">\n<div class=\"asset-content\">\n<div class=\"base-wrapper-image\"> <img class=\"sf-lazy centro_sinmarco\" data-sf-srcset=\"http:\/\/hoycordobaweb.com\/wp-content\/uploads\/2023\/07\/que-ver-esta-semana-la-intensa-miniserie-de-netflix-que-tambien-es-la-pelicula-mas-cara-de-la-historia-de-noruega-1.jpg 450w, http:\/\/hoycordobaweb.com\/wp-content\/uploads\/2023\/07\/que-ver-esta-semana-la-intensa-miniserie-de-netflix-que-tambien-es-la-pelicula-mas-cara-de-la-historia-de-noruega-4.jpg 681w,http:\/\/hoycordobaweb.com\/wp-content\/uploads\/2023\/07\/que-ver-esta-semana-la-intensa-miniserie-de-netflix-que-tambien-es-la-pelicula-mas-cara-de-la-historia-de-noruega-5.jpg 1024w, http:\/\/hoycordobaweb.com\/wp-content\/uploads\/2023\/07\/que-ver-esta-semana-la-intensa-miniserie-de-netflix-que-tambien-es-la-pelicula-mas-cara-de-la-historia-de-noruega-6.jpg 1366w,\" data-sf-src=\"http:\/\/hoycordobaweb.com\/wp-content\/uploads\/2023\/07\/que-ver-esta-semana-la-intensa-miniserie-de-netflix-que-tambien-es-la-pelicula-mas-cara-de-la-historia-de-noruega-1.jpg\" alt=\"Un Marinero En La Guerra Krigsseileren Miniserie Netflix\"> <noscript><img alt=\"Un Marinero En La Guerra Krigsseileren Miniserie Netflix\" class=\"centro_sinmarco\" src=\"http:\/\/hoycordobaweb.com\/wp-content\/uploads\/2023\/07\/que-ver-esta-semana-la-intensa-miniserie-de-netflix-que-tambien-es-la-pelicula-mas-cara-de-la-historia-de-noruega-1.jpg\"><\/noscript> <\/div><\/div>\n<\/div>\n<p>La sinopsis oficial nos cuenta de qu\u00e9 va este duro drama b\u00e9lico: \u201cAlfred Garnes es un marinero de clase obrera que acaba de tener su tercer hijo. Mientras trabaja con Sigbj\u00f8rn Kvalen, su amigo de la infancia, en un barco mercante en mitad del Atl\u00e1ntico, estalla la Segunda Guerra Mundial. Son civiles desarmados en el frente de una guerra en la que no pidieron participar. Ambos luchan por sobrevivir en una espiral de muerte y violencia donde los submarinos alemanes pueden atacar sus valiosos buques en cualquier momento. Estos marineros sorprendidos en el frente tienen un objetivo: sobrevivir y volver a casa.\u201d<\/p>\n<p><!-- BREAK 4 --><\/p>\n<p><strong>Kristoffer Joner y P\u00e5l Sverre Hagen son los protagonistas<\/strong> y junto a ellos, Ine Marie Wilmann, Alexandra Gjerpen, Arthur Hakalahti y Chris Andr\u00e9 Lee completan el reparto de esta odisea de guerra en la que podremos ver un nuevo prisma de la Segunda Guerra Mundial. La historia de m\u00e1s de treinta mil marineros noruegos que se lanzaron al mar participando en los convoys aliados.<\/p>\n<p><!-- BREAK 5 --><\/p>\n<div class=\"article-asset article-asset-normal article-asset-center\">\n<div class=\"desvio-container\">\n<div class=\"desvio\">\n<div class=\"desvio-figure js-desvio-figure\"> <a href=\"https:\/\/www.trendencias.com\/series-de-television\/empece-a-ver-serie-vista-netflix-porque-amo-a-su-protagonista-ahora-estoy-enganchada\"> <img alt=\"Empec\u00e9 a ver la serie m\u00e1s vista de Netflix porque amo a su protagonista y ahora estoy enganchada \" src=\"http:\/\/hoycordobaweb.com\/wp-content\/uploads\/2023\/07\/que-ver-esta-semana-la-intensa-miniserie-de-netflix-que-tambien-es-la-pelicula-mas-cara-de-la-historia-de-noruega-2.jpg\"> <\/a> <\/div><\/div><\/div>\n<\/div>\n<p>Es dura, cruda en algunos momentos, visceral, emocional y una joya escondida en Netflix que estuvo a las puertas de los Oscar. Es intensa, y tiene un formato de tres episodios de 50 minutos que la hacen perfecta para marcarnos un marat\u00f3n seri\u00e9filo este verano.<\/p>\n<p><!-- BREAK 6 --><\/p>\n<p>Fotos | <a href=\"https:\/\/www.netflix.com\/title\/81643922\"><u>Un marinero en la guerra (Netflix)<\/u><\/a><\/p>\n<p><!-- BREAK 7 --><\/p>\n<p>En Trendencias |<a href=\"https:\/\/www.trendencias.com\/propuestas-y-consejos\/17-mejores-series-peliculas-que-se-estrenan-2023\"> <u>Las 25 mejores series y pel\u00edculas que se estrenan en 2023<\/u><\/a><\/p>\n<p><!-- BREAK 8 --> <\/p>\n","protected":false},"excerpt":{"rendered":"<p>Una miniserie noruega que en realidad se trata de una pel\u00edcula. Concretamente la m\u00e1s cara de la historia de Noruega, y candidata para los Oscar 2023, aunque no consigui\u00f3 estar entre las nominadas. Se trata de Un marinero en la guerra (Krigsseileren), una de esas joyas que esconde Netflix en su plataforma y que es [&hellip;]<\/p>\n","protected":false},"author":1,"featured_media":63044,"comment_status":"closed","ping_status":"closed","sticky":false,"template":"","format":"standard","meta":[],"categories":[1],"tags":[],"_links":{"self":[{"href":"http:\/\/hoycordobaweb.com\/index.php\/wp-json\/wp\/v2\/posts\/63043"}],"collection":[{"href":"http:\/\/hoycordobaweb.com\/index.php\/wp-json\/wp\/v2\/posts"}],"about":[{"href":"http:\/\/hoycordobaweb.com\/index.php\/wp-json\/wp\/v2\/types\/post"}],"author":[{"embeddable":true,"href":"http:\/\/hoycordobaweb.com\/index.php\/wp-json\/wp\/v2\/users\/1"}],"replies":[{"embeddable":true,"href":"http:\/\/hoycordobaweb.com\/index.php\/wp-json\/wp\/v2\/comments?post=63043"}],"version-history":[{"count":0,"href":"http:\/\/hoycordobaweb.com\/index.php\/wp-json\/wp\/v2\/posts\/63043\/revisions"}],"wp:featuredmedia":[{"embeddable":true,"href":"http:\/\/hoycordobaweb.com\/index.php\/wp-json\/wp\/v2\/media\/63044"}],"wp:attachment":[{"href":"http:\/\/hoycordobaweb.com\/index.php\/wp-json\/wp\/v2\/media?parent=63043"}],"wp:term":[{"taxonomy":"category","embeddable":true,"href":"http:\/\/hoycordobaweb.com\/index.php\/wp-json\/wp\/v2\/categories?post=63043"},{"taxonomy":"post_tag","embeddable":true,"href":"http:\/\/hoycordobaweb.com\/index.php\/wp-json\/wp\/v2\/tags?post=63043"}],"curies":[{"name":"wp","href":"https:\/\/api.w.org\/{rel}","templated":true}]}}