{"id":63039,"date":"2023-07-10T05:36:08","date_gmt":"2023-07-10T05:36:08","guid":{"rendered":"https:\/\/www.mujerhoy.com\/moda\/no-te-pierdas\/nuevo-vestidos-mango-basicos-baratos-verano-2023-20230710012733-nt.html"},"modified":"2023-07-10T05:36:08","modified_gmt":"2023-07-10T05:36:08","slug":"las-novedades-de-la-semana-de-mango-vestidos-estampados-sandalias-de-colores-y-faldas-vaqueras","status":"publish","type":"post","link":"http:\/\/hoycordobaweb.com\/index.php\/2023\/07\/10\/las-novedades-de-la-semana-de-mango-vestidos-estampados-sandalias-de-colores-y-faldas-vaqueras\/","title":{"rendered":"Las novedades de la semana de Mango: vestidos estampados, sandalias de colores y faldas vaqueras"},"content":{"rendered":"<p><!-- AUTHOR --><\/p>\n<div class=\"voc-author-timesocial \"><!-- AUTHOR --><\/p>\n<div class=\"voc-author-timesocial__signature\"><!-- IMAGE AUTHOR --><picture class=\"voc-image-signature\"><img class=\"voc-image-signature__img\" src=\"http:\/\/hoycordobaweb.com\/wp-content\/uploads\/2023\/07\/las-novedades-de-la-semana-de-mango-vestidos-estampados-sandalias-de-colores-y-faldas-vaqueras.jpg\" alt=\"Gemma Cano\"><\/picture><!-- INFO AUTHOR --><\/div>\n<\/div>\n<p><!-- COMPONENTS --><\/p>\n<p class=\"voc-paragraph\">Con los term\u00f3metros disparados y las <strong>rebajas de verano<\/strong> acaparando la atenci\u00f3n, es dif\u00edcil pasar p\u00e1gina para abrir el cap\u00edtulo de la <a data-voc-vtm-id=\"in-text-traffic\" href=\"https:\/\/www.mujerhoy.com\/moda\/no-te-pierdas\/vestidos-verano-massimo-dutti-baratos-rebajas-2023-20230630014415-nt.html\">nueva temporada<\/a>. Sin embargo, nuestras marcas favoritas, como Mango, nos invitan a hacer una transici\u00f3n suave y su <a data-voc-vtm-id=\"in-text-traffic\" href=\"https:\/\/www.mujerhoy.com\/moda\/no-te-pierdas\/vestidos-midi-hym-basicos-baratos-rebajas-verano-20230629003631-nt.html\">avance de colecci\u00f3n<\/a> tiene un marcado sabor veraniego.\n<\/p>\n<p class=\"voc-paragraph\">\u00bfQu\u00e9 nos propone Mango para que estrenemos su secci\u00f3n de novedades? Vestidos de todo tipo, accesorios de rafia de colores que combinan con cualquier look, propuestas para lucir en las noches de verano y <strong>muchas otras novedades<\/strong> que tienes que ver antes de que se agoten. \u00a1Toma nota!\n<\/p>\n<div class=\"voc-detail-photo-zoom\"><picture data-toggle=\"modal\" data-target=\"#photoZoomModal-523\" target=\"modal\">\n<div class=\"voc-img-icon-link\"><img loading=\"lazy\" data-original=\"\/\/static1.mujerhoy.com\/www\/multimedia\/202307\/10\/media\/cortadas\/vestido-mango-estampado-nuevo-zara-kjZB--460x637@MujerHoy.jpeg\" class=\"lazy\" alt=\"Vestido con estampado de lunares de Mango (59,99 euros)\"><noscript><img src=\"http:\/\/hoycordobaweb.com\/wp-content\/uploads\/2023\/07\/las-novedades-de-la-semana-de-mango-vestidos-estampados-sandalias-de-colores-y-faldas-vaqueras-1.jpg\" alt=\"Vestido con estampado de lunares de Mango (59,99 euros)\"><\/noscript><i class=\"voc-icons zoom voc-multimedia-box voc-ico-l\"><\/i><\/div><figcaption class=\"figure-caption\">Vestido con estampado de lunares de Mango (59,99 euros)<\/figcaption><\/picture><\/div>\n<div id=\"photoZoomModal-523\" class=\"voc-lightbox modal fade voc-lightbox--photo-zoom\" role=\"dialog\" data-voc-photozoom-lightbox>\n<div class=\"voc-lightbox__dialog\" role=\"document\">\n<div class=\"voc-lightbox__content\"><!-- Modal header --><!-- Modal content --><\/p>\n<div class=\"voc-lightbox__photo-container\"><picture class><img loading=\"lazy\" data-original=\"\/\/static1.mujerhoy.com\/www\/multimedia\/202307\/10\/media\/cortadas\/vestido-mango-estampado-nuevo-zara-kjZB--460x637@MujerHoy.jpeg\" alt=\"Vestido con estampado de lunares de Mango (59,99 euros)\" class=\"lazy\"><noscript><img src=\"http:\/\/hoycordobaweb.com\/wp-content\/uploads\/2023\/07\/las-novedades-de-la-semana-de-mango-vestidos-estampados-sandalias-de-colores-y-faldas-vaqueras-1.jpg\" alt=\"Vestido con estampado de lunares de Mango (59,99 euros)\"><\/noscript><\/picture><\/div>\n<\/div>\n<\/div>\n<\/div>\n<p><h3 class=\"voc-detail__title\"> Vestido con estampado de lunares de Mango (59,99 euros)<br \/>\n<\/h3>\n<\/p>\n<p class=\"voc-paragraph\">Si est\u00e1s en pleno proceso de terminar la maleta de vacaciones, este vestido tiene que ir dentro de ella. Podr\u00e1s llevarlo de d\u00eda o de noche. <\/p>\n<div class=\"voc-detail-photo-zoom\"><picture data-toggle=\"modal\" data-target=\"#photoZoomModal-795\" target=\"modal\">\n<div class=\"voc-img-icon-link\"><img loading=\"lazy\" data-original=\"\/\/static1.mujerhoy.com\/www\/multimedia\/202307\/10\/media\/cortadas\/vestido-mango-rayas-nuevo-zara-kjZB--460x637@MujerHoy.jpeg\" class=\"lazy\" alt=\"Vestido con estampado de rayas de Mango (39,99 euros)\"><noscript><img src=\"http:\/\/hoycordobaweb.com\/wp-content\/uploads\/2023\/07\/las-novedades-de-la-semana-de-mango-vestidos-estampados-sandalias-de-colores-y-faldas-vaqueras-2.jpg\" alt=\"Vestido con estampado de rayas de Mango (39,99 euros)\"><\/noscript><i class=\"voc-icons zoom voc-multimedia-box voc-ico-l\"><\/i><\/div><figcaption class=\"figure-caption\">Vestido con estampado de rayas de Mango (39,99 euros)<\/figcaption><\/picture><\/div>\n<div id=\"photoZoomModal-795\" class=\"voc-lightbox modal fade voc-lightbox--photo-zoom\" role=\"dialog\" data-voc-photozoom-lightbox>\n<div class=\"voc-lightbox__dialog\" role=\"document\">\n<div class=\"voc-lightbox__content\"><!-- Modal header --><!-- Modal content --><\/p>\n<div class=\"voc-lightbox__photo-container\"><picture class><img loading=\"lazy\" data-original=\"\/\/static1.mujerhoy.com\/www\/multimedia\/202307\/10\/media\/cortadas\/vestido-mango-rayas-nuevo-zara-kjZB--460x637@MujerHoy.jpeg\" alt=\"Vestido con estampado de rayas de Mango (39,99 euros)\" class=\"lazy\"><noscript><img src=\"http:\/\/hoycordobaweb.com\/wp-content\/uploads\/2023\/07\/las-novedades-de-la-semana-de-mango-vestidos-estampados-sandalias-de-colores-y-faldas-vaqueras-2.jpg\" alt=\"Vestido con estampado de rayas de Mango (39,99 euros)\"><\/noscript><\/picture><\/div>\n<\/div>\n<\/div>\n<\/div>\n<p><h3 class=\"voc-detail__title\"> Vestido con estampado de rayas de Mango (39,99 euros)<br \/>\n<\/h3>\n<\/p>\n<p class=\"voc-paragraph\">Las t\u00edpicas rayas marineras son una opci\u00f3n perfecta para los d\u00edas de verano. Ll\u00e9valas sobre un fresquito vestido de tirantes.\n<\/p>\n<div class=\"voc-detail-photo-zoom\"><picture data-toggle=\"modal\" data-target=\"#photoZoomModal-109\" target=\"modal\">\n<div class=\"voc-img-icon-link\"><img loading=\"lazy\" data-original=\"\/\/static.mujerhoy.com\/www\/multimedia\/202307\/10\/media\/cortadas\/falda-mango-estampado-nuevo-zara-kjZB--460x637@MujerHoy.jpeg\" class=\"lazy\" alt=\"Falda vaquera de Mango (39,99 euros)\"><noscript><img src=\"http:\/\/hoycordobaweb.com\/wp-content\/uploads\/2023\/07\/las-novedades-de-la-semana-de-mango-vestidos-estampados-sandalias-de-colores-y-faldas-vaqueras-3.jpg\" alt=\"Falda vaquera de Mango (39,99 euros)\"><\/noscript><i class=\"voc-icons zoom voc-multimedia-box voc-ico-l\"><\/i><\/div><figcaption class=\"figure-caption\">Falda vaquera de Mango (39,99 euros)<\/figcaption><\/picture><\/div>\n<div id=\"photoZoomModal-109\" class=\"voc-lightbox modal fade voc-lightbox--photo-zoom\" role=\"dialog\" data-voc-photozoom-lightbox>\n<div class=\"voc-lightbox__dialog\" role=\"document\">\n<div class=\"voc-lightbox__content\"><!-- Modal header --><!-- Modal content --><\/p>\n<div class=\"voc-lightbox__photo-container\"><picture class><img loading=\"lazy\" data-original=\"\/\/static.mujerhoy.com\/www\/multimedia\/202307\/10\/media\/cortadas\/falda-mango-estampado-nuevo-zara-kjZB--460x637@MujerHoy.jpeg\" alt=\"Falda vaquera de Mango (39,99 euros)\" class=\"lazy\"><noscript><img src=\"http:\/\/hoycordobaweb.com\/wp-content\/uploads\/2023\/07\/las-novedades-de-la-semana-de-mango-vestidos-estampados-sandalias-de-colores-y-faldas-vaqueras-3.jpg\" alt=\"Falda vaquera de Mango (39,99 euros)\"><\/noscript><\/picture><\/div>\n<\/div>\n<\/div>\n<\/div>\n<p><h3 class=\"voc-detail__title\"> Falda vaquera de Mango (39,99 euros)<br \/>\n<\/h3>\n<\/p>\n<p class=\"voc-paragraph\">\u00bfC\u00f3mo llevar el tejido vaquero en verano? Deja de lado los pantalones y apuesta por una falda larga.\n<\/p>\n<div class=\"voc-detail-photo-zoom\"><picture data-toggle=\"modal\" data-target=\"#photoZoomModal-912\" target=\"modal\">\n<div class=\"voc-img-icon-link\"><img loading=\"lazy\" data-original=\"\/\/static1.mujerhoy.com\/www\/multimedia\/202307\/10\/media\/cortadas\/vestido-mango-blanco-nuevo-zara-kjZB--460x637@MujerHoy.jpeg\" class=\"lazy\" alt=\"Vestido de punto de Mango (39,99 euros)\"><noscript><img src=\"http:\/\/hoycordobaweb.com\/wp-content\/uploads\/2023\/07\/las-novedades-de-la-semana-de-mango-vestidos-estampados-sandalias-de-colores-y-faldas-vaqueras-4.jpg\" alt=\"Vestido de punto de Mango (39,99 euros)\"><\/noscript><i class=\"voc-icons zoom voc-multimedia-box voc-ico-l\"><\/i><\/div><figcaption class=\"figure-caption\">Vestido de punto de Mango (39,99 euros)<\/figcaption><\/picture><\/div>\n<div id=\"photoZoomModal-912\" class=\"voc-lightbox modal fade voc-lightbox--photo-zoom\" role=\"dialog\" data-voc-photozoom-lightbox>\n<div class=\"voc-lightbox__dialog\" role=\"document\">\n<div class=\"voc-lightbox__content\"><!-- Modal header --><!-- Modal content --><\/p>\n<div class=\"voc-lightbox__photo-container\"><picture class><img loading=\"lazy\" data-original=\"\/\/static1.mujerhoy.com\/www\/multimedia\/202307\/10\/media\/cortadas\/vestido-mango-blanco-nuevo-zara-kjZB--460x637@MujerHoy.jpeg\" alt=\"Vestido de punto de Mango (39,99 euros)\" class=\"lazy\"><noscript><img src=\"http:\/\/hoycordobaweb.com\/wp-content\/uploads\/2023\/07\/las-novedades-de-la-semana-de-mango-vestidos-estampados-sandalias-de-colores-y-faldas-vaqueras-4.jpg\" alt=\"Vestido de punto de Mango (39,99 euros)\"><\/noscript><\/picture><\/div>\n<\/div>\n<\/div>\n<\/div>\n<p><h3 class=\"voc-detail__title\"> Vestido de punto de Mango (39,99 euros)<br \/>\n<\/h3>\n<\/p>\n<p class=\"voc-paragraph\">Blanco y m\u00e1s blanco para lucir un perfecto look de verano. Este dise\u00f1o con escote halter tienen todos lo que necesitas para brillar en cualquier fiesta.\n<\/p>\n<div class=\"voc-detail-photo-zoom\"><picture data-toggle=\"modal\" data-target=\"#photoZoomModal-221\" target=\"modal\">\n<div class=\"voc-img-icon-link\"><img loading=\"lazy\" data-original=\"\/\/static1.mujerhoy.com\/www\/multimedia\/202307\/10\/media\/cortadas\/camisa-mango-estampado-nuevo-zara-kjZB--460x637@MujerHoy.jpeg\" class=\"lazy\" alt=\"Camisa estampada de Mango (29,99 euros)\"><noscript><img src=\"http:\/\/hoycordobaweb.com\/wp-content\/uploads\/2023\/07\/las-novedades-de-la-semana-de-mango-vestidos-estampados-sandalias-de-colores-y-faldas-vaqueras-5.jpg\" alt=\"Camisa estampada de Mango (29,99 euros)\"><\/noscript><i class=\"voc-icons zoom voc-multimedia-box voc-ico-l\"><\/i><\/div><figcaption class=\"figure-caption\">Camisa estampada de Mango (29,99 euros)<\/figcaption><\/picture><\/div>\n<div id=\"photoZoomModal-221\" class=\"voc-lightbox modal fade voc-lightbox--photo-zoom\" role=\"dialog\" data-voc-photozoom-lightbox>\n<div class=\"voc-lightbox__dialog\" role=\"document\">\n<div class=\"voc-lightbox__content\"><!-- Modal header --><!-- Modal content --><\/p>\n<div class=\"voc-lightbox__photo-container\"><picture class><img loading=\"lazy\" data-original=\"\/\/static1.mujerhoy.com\/www\/multimedia\/202307\/10\/media\/cortadas\/camisa-mango-estampado-nuevo-zara-kjZB--460x637@MujerHoy.jpeg\" alt=\"Camisa estampada de Mango (29,99 euros)\" class=\"lazy\"><noscript><img src=\"http:\/\/hoycordobaweb.com\/wp-content\/uploads\/2023\/07\/las-novedades-de-la-semana-de-mango-vestidos-estampados-sandalias-de-colores-y-faldas-vaqueras-5.jpg\" alt=\"Camisa estampada de Mango (29,99 euros)\"><\/noscript><\/picture><\/div>\n<\/div>\n<\/div>\n<\/div>\n<p><h3 class=\"voc-detail__title\"> Camisa estampada de Mango (29,99 euros)<br \/>\n<\/h3>\n<\/p>\n<p class=\"voc-paragraph\">Aunque las prendas de manga larga suelen pasar a segundo plano en verano, esta blusa podr\u00e1s llevarla con tus shorts vaqueros favoritos.\n<\/p>\n<div class=\"voc-detail-photo-zoom\"><picture data-toggle=\"modal\" data-target=\"#photoZoomModal-482\" target=\"modal\">\n<div class=\"voc-img-icon-link\"><img loading=\"lazy\" data-original=\"\/\/static1.mujerhoy.com\/www\/multimedia\/202307\/10\/media\/cortadas\/sandalias-mango-estampado-nuevo-zara-kjZB--460x637@MujerHoy.jpeg\" class=\"lazy\" alt=\"Sandalias rosas de Mango (39,99 euros)\"><noscript><img src=\"http:\/\/hoycordobaweb.com\/wp-content\/uploads\/2023\/07\/las-novedades-de-la-semana-de-mango-vestidos-estampados-sandalias-de-colores-y-faldas-vaqueras-6.jpg\" alt=\"Sandalias rosas de Mango (39,99 euros)\"><\/noscript><i class=\"voc-icons zoom voc-multimedia-box voc-ico-l\"><\/i><\/div><figcaption class=\"figure-caption\">Sandalias rosas de Mango (39,99 euros)<\/figcaption><\/picture><\/div>\n<div id=\"photoZoomModal-482\" class=\"voc-lightbox modal fade voc-lightbox--photo-zoom\" role=\"dialog\" data-voc-photozoom-lightbox>\n<div class=\"voc-lightbox__dialog\" role=\"document\">\n<div class=\"voc-lightbox__content\"><!-- Modal header --><!-- Modal content --><\/p>\n<div class=\"voc-lightbox__photo-container\"><picture class><img loading=\"lazy\" data-original=\"\/\/static1.mujerhoy.com\/www\/multimedia\/202307\/10\/media\/cortadas\/sandalias-mango-estampado-nuevo-zara-kjZB--460x637@MujerHoy.jpeg\" alt=\"Sandalias rosas de Mango (39,99 euros)\" class=\"lazy\"><noscript><img src=\"http:\/\/hoycordobaweb.com\/wp-content\/uploads\/2023\/07\/las-novedades-de-la-semana-de-mango-vestidos-estampados-sandalias-de-colores-y-faldas-vaqueras-6.jpg\" alt=\"Sandalias rosas de Mango (39,99 euros)\"><\/noscript><\/picture><\/div>\n<\/div>\n<\/div>\n<\/div>\n<p><h3 class=\"voc-detail__title\"> Sandalias rosas de Mango (39,99 euros)<br \/>\n<\/h3>\n<\/p>\n<p class=\"voc-paragraph\">El rosa es tendencia gracias al llamado \u00abBarbiecore\u00bb. Ll\u00e9valo sobre una par de zapatos de tiras como este bonito dise\u00f1o.\n<\/p>\n<div class=\"voc-detail-photo-zoom\"><picture data-toggle=\"modal\" data-target=\"#photoZoomModal-25\" target=\"modal\">\n<div class=\"voc-img-icon-link\"><img loading=\"lazy\" data-original=\"\/\/static1.mujerhoy.com\/www\/multimedia\/202307\/10\/media\/cortadas\/bolso-mango-estampado-nuevo-zara-kjZB--460x637@MujerHoy.jpeg\" class=\"lazy\" alt=\"Bolso de rafia de Mango (35,99 euros)\"><noscript><img src=\"http:\/\/hoycordobaweb.com\/wp-content\/uploads\/2023\/07\/las-novedades-de-la-semana-de-mango-vestidos-estampados-sandalias-de-colores-y-faldas-vaqueras-7.jpg\" alt=\"Bolso de rafia de Mango (35,99 euros)\"><\/noscript><i class=\"voc-icons zoom voc-multimedia-box voc-ico-l\"><\/i><\/div><figcaption class=\"figure-caption\">Bolso de rafia de Mango (35,99 euros)<\/figcaption><\/picture><\/div>\n<div id=\"photoZoomModal-25\" class=\"voc-lightbox modal fade voc-lightbox--photo-zoom\" role=\"dialog\" data-voc-photozoom-lightbox>\n<div class=\"voc-lightbox__dialog\" role=\"document\">\n<div class=\"voc-lightbox__content\"><!-- Modal header --><!-- Modal content --><\/p>\n<div class=\"voc-lightbox__photo-container\"><picture class><img loading=\"lazy\" data-original=\"\/\/static1.mujerhoy.com\/www\/multimedia\/202307\/10\/media\/cortadas\/bolso-mango-estampado-nuevo-zara-kjZB--460x637@MujerHoy.jpeg\" alt=\"Bolso de rafia de Mango (35,99 euros)\" class=\"lazy\"><noscript><img src=\"http:\/\/hoycordobaweb.com\/wp-content\/uploads\/2023\/07\/las-novedades-de-la-semana-de-mango-vestidos-estampados-sandalias-de-colores-y-faldas-vaqueras-7.jpg\" alt=\"Bolso de rafia de Mango (35,99 euros)\"><\/noscript><\/picture><\/div>\n<\/div>\n<\/div>\n<\/div>\n<p><h3 class=\"voc-detail__title\"> Bolso de rafia de Mango (35,99 euros)<br \/>\n<\/h3>\n<\/p>\n<p class=\"voc-paragraph\">Si est\u00e1s buscando un bolso de verano para llevar en el hombro, este dise\u00f1o de color naranja tiene que ser tuyo.\n<\/p>\n<div class=\"voc-detail-photo-zoom\"><picture data-toggle=\"modal\" data-target=\"#photoZoomModal-474\" target=\"modal\">\n<div class=\"voc-img-icon-link\"><img loading=\"lazy\" data-original=\"\/\/static1.mujerhoy.com\/www\/multimedia\/202307\/10\/media\/cortadas\/bolsos-mango-estampado-nuevo-zara-kjZB--460x637@MujerHoy.jpeg\" class=\"lazy\" alt=\"Bolso rosa de Mango (22,99 euros)\"><noscript><img src=\"http:\/\/hoycordobaweb.com\/wp-content\/uploads\/2023\/07\/las-novedades-de-la-semana-de-mango-vestidos-estampados-sandalias-de-colores-y-faldas-vaqueras-8.jpg\" alt=\"Bolso rosa de Mango (22,99 euros)\"><\/noscript><i class=\"voc-icons zoom voc-multimedia-box voc-ico-l\"><\/i><\/div><figcaption class=\"figure-caption\">Bolso rosa de Mango (22,99 euros)<\/figcaption><\/picture><\/div>\n<div id=\"photoZoomModal-474\" class=\"voc-lightbox modal fade voc-lightbox--photo-zoom\" role=\"dialog\" data-voc-photozoom-lightbox>\n<div class=\"voc-lightbox__dialog\" role=\"document\">\n<div class=\"voc-lightbox__content\"><!-- Modal header --><!-- Modal content --><\/p>\n<div class=\"voc-lightbox__photo-container\"><picture class><img loading=\"lazy\" data-original=\"\/\/static1.mujerhoy.com\/www\/multimedia\/202307\/10\/media\/cortadas\/bolsos-mango-estampado-nuevo-zara-kjZB--460x637@MujerHoy.jpeg\" alt=\"Bolso rosa de Mango (22,99 euros)\" class=\"lazy\"><noscript><img src=\"http:\/\/hoycordobaweb.com\/wp-content\/uploads\/2023\/07\/las-novedades-de-la-semana-de-mango-vestidos-estampados-sandalias-de-colores-y-faldas-vaqueras-8.jpg\" alt=\"Bolso rosa de Mango (22,99 euros)\"><\/noscript><\/picture><\/div>\n<\/div>\n<\/div>\n<\/div>\n<p><h3 class=\"voc-detail__title\"> Bolso rosa de Mango (22,99 euros)<br \/>\n<\/h3>\n<\/p>\n<p class=\"voc-paragraph\">Otro accesorio de color rosa que tiene que ser tuyo. Un bonito bolso acolchado para llevar en tus planes m\u00e1s especiales del verano.\n<\/p>\n<div class=\"voc-detail-photo-zoom\"><picture data-toggle=\"modal\" data-target=\"#photoZoomModal-625\" target=\"modal\">\n<div class=\"voc-img-icon-link\"><img loading=\"lazy\" data-original=\"\/\/static2.mujerhoy.com\/www\/multimedia\/202307\/10\/media\/cortadas\/faldas-mango-estampado-nuevo-zara-kjZB--460x637@MujerHoy.jpeg\" class=\"lazy\" alt=\"Falda estampada de Mango (29,99 euros)\"><noscript><img src=\"http:\/\/hoycordobaweb.com\/wp-content\/uploads\/2023\/07\/las-novedades-de-la-semana-de-mango-vestidos-estampados-sandalias-de-colores-y-faldas-vaqueras-9.jpg\" alt=\"Falda estampada de Mango (29,99 euros)\"><\/noscript><i class=\"voc-icons zoom voc-multimedia-box voc-ico-l\"><\/i><\/div><figcaption class=\"figure-caption\">Falda estampada de Mango (29,99 euros)<\/figcaption><\/picture><\/div>\n<div id=\"photoZoomModal-625\" class=\"voc-lightbox modal fade voc-lightbox--photo-zoom\" role=\"dialog\" data-voc-photozoom-lightbox>\n<div class=\"voc-lightbox__dialog\" role=\"document\">\n<div class=\"voc-lightbox__content\"><!-- Modal header --><!-- Modal content --><\/p>\n<div class=\"voc-lightbox__photo-container\"><picture class><img loading=\"lazy\" data-original=\"\/\/static2.mujerhoy.com\/www\/multimedia\/202307\/10\/media\/cortadas\/faldas-mango-estampado-nuevo-zara-kjZB--460x637@MujerHoy.jpeg\" alt=\"Falda estampada de Mango (29,99 euros)\" class=\"lazy\"><noscript><img src=\"http:\/\/hoycordobaweb.com\/wp-content\/uploads\/2023\/07\/las-novedades-de-la-semana-de-mango-vestidos-estampados-sandalias-de-colores-y-faldas-vaqueras-9.jpg\" alt=\"Falda estampada de Mango (29,99 euros)\"><\/noscript><\/picture><\/div>\n<\/div>\n<\/div>\n<\/div>\n<p><h3 class=\"voc-detail__title\"> Falda estampada de Mango (29,99 euros)<br \/>\n<\/h3>\n<\/p>\n<p class=\"voc-paragraph\">Aunque el vestido es la pieza estrella del verano, la falda le sigue los pasos de cerca.\n<\/p>\n<div class=\"voc-detail-photo-zoom\"><picture data-toggle=\"modal\" data-target=\"#photoZoomModal-374\" target=\"modal\">\n<div class=\"voc-img-icon-link\"><img loading=\"lazy\" data-original=\"\/\/static.mujerhoy.com\/www\/multimedia\/202307\/10\/media\/cortadas\/bikini-mango-estampado-nuevo-zara-kjZB--460x637@MujerHoy.jpeg\" class=\"lazy\" alt=\"Ba\u00f1ador estampado Mango (39,99 euros)\"><noscript><img src=\"http:\/\/hoycordobaweb.com\/wp-content\/uploads\/2023\/07\/las-novedades-de-la-semana-de-mango-vestidos-estampados-sandalias-de-colores-y-faldas-vaqueras-10.jpg\" alt=\"Ba\u00f1ador estampado Mango (39,99 euros)\"><\/noscript><i class=\"voc-icons zoom voc-multimedia-box voc-ico-l\"><\/i><\/div><figcaption class=\"figure-caption\">Ba\u00f1ador estampado Mango (39,99 euros)<\/figcaption><\/picture><\/div>\n<div id=\"photoZoomModal-374\" class=\"voc-lightbox modal fade voc-lightbox--photo-zoom\" role=\"dialog\" data-voc-photozoom-lightbox>\n<div class=\"voc-lightbox__dialog\" role=\"document\">\n<div class=\"voc-lightbox__content\"><!-- Modal header --><!-- Modal content --><\/p>\n<div class=\"voc-lightbox__photo-container\"><picture class><img loading=\"lazy\" data-original=\"\/\/static.mujerhoy.com\/www\/multimedia\/202307\/10\/media\/cortadas\/bikini-mango-estampado-nuevo-zara-kjZB--460x637@MujerHoy.jpeg\" alt=\"Ba\u00f1ador estampado Mango (39,99 euros)\" class=\"lazy\"><noscript><img src=\"http:\/\/hoycordobaweb.com\/wp-content\/uploads\/2023\/07\/las-novedades-de-la-semana-de-mango-vestidos-estampados-sandalias-de-colores-y-faldas-vaqueras-10.jpg\" alt=\"Ba\u00f1ador estampado Mango (39,99 euros)\"><\/noscript><\/picture><\/div>\n<\/div>\n<\/div>\n<\/div>\n<p><h3 class=\"voc-detail__title\"> Ba\u00f1ador estampado Mango (39,99 euros)<br \/>\n<\/h3>\n<\/p>\n<p class=\"voc-paragraph\">Y para terminar con nuestras recomendaciones de la semana, nada mejor que un bonito ba\u00f1ador con estampado de flores.\n<\/p>\n<p><!-- TOPICS --><\/p>\n","protected":false},"excerpt":{"rendered":"<p>Con los term\u00f3metros disparados y las rebajas de verano acaparando la atenci\u00f3n, es dif\u00edcil pasar p\u00e1gina para abrir el cap\u00edtulo de la nueva temporada. Sin embargo, nuestras marcas favoritas, como Mango, nos invitan a hacer una transici\u00f3n suave y su avance de colecci\u00f3n tiene un marcado sabor veraniego. \u00bfQu\u00e9 nos propone Mango para que estrenemos [&hellip;]<\/p>\n","protected":false},"author":1,"featured_media":63040,"comment_status":"closed","ping_status":"closed","sticky":false,"template":"","format":"standard","meta":[],"categories":[1],"tags":[],"_links":{"self":[{"href":"http:\/\/hoycordobaweb.com\/index.php\/wp-json\/wp\/v2\/posts\/63039"}],"collection":[{"href":"http:\/\/hoycordobaweb.com\/index.php\/wp-json\/wp\/v2\/posts"}],"about":[{"href":"http:\/\/hoycordobaweb.com\/index.php\/wp-json\/wp\/v2\/types\/post"}],"author":[{"embeddable":true,"href":"http:\/\/hoycordobaweb.com\/index.php\/wp-json\/wp\/v2\/users\/1"}],"replies":[{"embeddable":true,"href":"http:\/\/hoycordobaweb.com\/index.php\/wp-json\/wp\/v2\/comments?post=63039"}],"version-history":[{"count":0,"href":"http:\/\/hoycordobaweb.com\/index.php\/wp-json\/wp\/v2\/posts\/63039\/revisions"}],"wp:featuredmedia":[{"embeddable":true,"href":"http:\/\/hoycordobaweb.com\/index.php\/wp-json\/wp\/v2\/media\/63040"}],"wp:attachment":[{"href":"http:\/\/hoycordobaweb.com\/index.php\/wp-json\/wp\/v2\/media?parent=63039"}],"wp:term":[{"taxonomy":"category","embeddable":true,"href":"http:\/\/hoycordobaweb.com\/index.php\/wp-json\/wp\/v2\/categories?post=63039"},{"taxonomy":"post_tag","embeddable":true,"href":"http:\/\/hoycordobaweb.com\/index.php\/wp-json\/wp\/v2\/tags?post=63039"}],"curies":[{"name":"wp","href":"https:\/\/api.w.org\/{rel}","templated":true}]}}