{"id":63010,"date":"2023-06-28T00:33:00","date_gmt":"2023-06-28T00:33:00","guid":{"rendered":"https:\/\/fm-comunicar.com.ar\/contenido\/20341\/paola-nanini-cerro-campana-con-martin-llaryora"},"modified":"2023-06-28T00:33:00","modified_gmt":"2023-06-28T00:33:00","slug":"paola-nanini-cerro-campana-con-martin-llaryora","status":"publish","type":"post","link":"http:\/\/hoycordobaweb.com\/index.php\/2023\/06\/28\/paola-nanini-cerro-campana-con-martin-llaryora\/","title":{"rendered":"Paola Nanini cerr\u00f3 campa\u00f1a con Mart\u00edn Llaryora"},"content":{"rendered":"<p>El flamante gobernador electo acompa\u00f1\u00f3 a la candidata de Proyecto Caroya en el acto previo a las elecciones del pr\u00f3ximo 2 de julio. Tambi\u00e9n estuvo Miriam Prunotto.<img src=\"http:\/\/hoycordobaweb.com\/wp-content\/uploads\/2023\/07\/paola-nanini-cerro-campana-con-martin-llaryora.jpg\"><\/p>\n","protected":false},"excerpt":{"rendered":"<p>El flamante gobernador electo acompa\u00f1\u00f3 a la candidata de Proyecto Caroya en el acto previo a las elecciones del pr\u00f3ximo 2 de julio. Tambi\u00e9n estuvo Miriam Prunotto.<\/p>\n","protected":false},"author":1,"featured_media":63011,"comment_status":"closed","ping_status":"closed","sticky":false,"template":"","format":"standard","meta":[],"categories":[18],"tags":[],"_links":{"self":[{"href":"http:\/\/hoycordobaweb.com\/index.php\/wp-json\/wp\/v2\/posts\/63010"}],"collection":[{"href":"http:\/\/hoycordobaweb.com\/index.php\/wp-json\/wp\/v2\/posts"}],"about":[{"href":"http:\/\/hoycordobaweb.com\/index.php\/wp-json\/wp\/v2\/types\/post"}],"author":[{"embeddable":true,"href":"http:\/\/hoycordobaweb.com\/index.php\/wp-json\/wp\/v2\/users\/1"}],"replies":[{"embeddable":true,"href":"http:\/\/hoycordobaweb.com\/index.php\/wp-json\/wp\/v2\/comments?post=63010"}],"version-history":[{"count":0,"href":"http:\/\/hoycordobaweb.com\/index.php\/wp-json\/wp\/v2\/posts\/63010\/revisions"}],"wp:featuredmedia":[{"embeddable":true,"href":"http:\/\/hoycordobaweb.com\/index.php\/wp-json\/wp\/v2\/media\/63011"}],"wp:attachment":[{"href":"http:\/\/hoycordobaweb.com\/index.php\/wp-json\/wp\/v2\/media?parent=63010"}],"wp:term":[{"taxonomy":"category","embeddable":true,"href":"http:\/\/hoycordobaweb.com\/index.php\/wp-json\/wp\/v2\/categories?post=63010"},{"taxonomy":"post_tag","embeddable":true,"href":"http:\/\/hoycordobaweb.com\/index.php\/wp-json\/wp\/v2\/tags?post=63010"}],"curies":[{"name":"wp","href":"https:\/\/api.w.org\/{rel}","templated":true}]}}