{"id":6301,"date":"2020-11-29T16:54:53","date_gmt":"2020-11-29T16:54:53","guid":{"rendered":"https:\/\/www.ole.com.ar\/river-plate\/gallardo-final-boca-madrid-anos_0_z_Q6O5Rde.html"},"modified":"2020-11-29T16:54:53","modified_gmt":"2020-11-29T16:54:53","slug":"gallardo-festejara-el-segundo-aniversario-de-la-final-eterna-contra-boca-por-streaming","status":"publish","type":"post","link":"http:\/\/hoycordobaweb.com\/index.php\/2020\/11\/29\/gallardo-festejara-el-segundo-aniversario-de-la-final-eterna-contra-boca-por-streaming\/","title":{"rendered":"Gallardo festejar\u00e1 el segundo aniversario de la final eterna contra Boca por streaming"},"content":{"rendered":"<div><img src=\"http:\/\/hoycordobaweb.com\/wp-content\/uploads\/2020\/11\/gallardo-festejara-el-segundo-aniversario-de-la-final-eterna-contra-boca-por-streaming.jpg\" class=\"ff-og-image-inserted\"><\/div>\n<p>Los festejos ser\u00e1n m\u00faltiples, en cada rinc\u00f3n del pa\u00eds y en diferentes lugares del mundo. Pero s\u00f3lo uno, al menos por ahora, contar\u00e1 con la presencia, en vivo y a trav\u00e9s de todas las diferentes plataformas virtuales, de <strong><a alt=\"marcelo-gallardo\" class=\"slug\" href=\"https:\/\/www.ole.com.ar\/tema\/marcelo-gallardo.html\" target=\"_blank\" title=\"marcelo-gallardo\" rel=\"noopener noreferrer\">Marcelo Gallardo<\/a><\/strong>, <a data-cke-saved-href=\"https:\/\/www.ole.com.ar\/river-plate\/marcelo-gallardo-river-estatua-muneco_0_FOBtId9nP.html\" target=\"_blank\" href=\"https:\/\/www.ole.com.ar\/river-plate\/marcelo-gallardo-river-estatua-muneco_0_FOBtId9nP.html\" rel=\"noopener noreferrer\"><strong>el hombre que se gan\u00f3 la estatua (a\u00fan en construcci\u00f3n)<\/strong><\/a> en la puerta del Monumental por el eterno triunfo contra Boca en Madrid en la final de la Copa Libertadores 2018. <strong>El mi\u00e9rcoles 9 de diciembre se cumplir\u00e1n dos a\u00f1os del partido m\u00e1s glorioso de la historia de River y el Mu\u00f1eco decidi\u00f3 festejarlo con un streaming junto al emblem\u00e1tico relator partidario Atilio Costa Febre<\/strong>, quien tiene una relaci\u00f3n afectiva muy fuerte con el entrenador desde sus inicios como futbolista y fue el creador del apodo de Napole\u00f3n.<\/p>\n<p><strong>Gallardo revivir\u00e1 la final del 9\/12\/2018 en una charla con Lito que se podr\u00e1 ver, a las 22, adquiriendo el acceso en el sitio entradaUno, que ya tiene en venta el ingreso a un valor de 500 pesos<\/strong>. All\u00ed, Gallardo contar\u00e1 c\u00f3mo vivi\u00f3 en la extensa espera entre el 2-2 de la ida en la Bombonera y el 3-1 en el estadio Santiago Bernab\u00e9u, recordar\u00e1 sus sensaciones de esos 120 minutos inolvidables que terminaron con la corrida memorable del Pity Mart\u00ednez y compartir\u00e1 sus emociones, pasadas y presentes, con todos los hinchas de River que se sumen a esta propuesta de Costa Febre.<\/p>\n<p>De todas maneras, <a data-cke-saved-href=\"https:\/\/www.ole.com.ar\/river-plate\/river-fiesta-caravana-9-12-libertadores_0__nojNCJSY.html\" target=\"_blank\" href=\"https:\/\/www.ole.com.ar\/river-plate\/river-fiesta-caravana-9-12-libertadores_0__nojNCJSY.html\" rel=\"noopener noreferrer\"><strong>los fan\u00e1ticos de la Banda ya tienen organizada \u00abuna nueva fiesta millonaria\u00bb con una&nbsp;caravana desde el Obelisco al Monumental en veh\u00edculos<\/strong><\/a>, debido a que a\u00fan se deben seguir manteniendo los cuidados para evitar los contagios de Covid-19. La cita est\u00e1 programada para las 19.30 y, l\u00f3gicamente, la celebraci\u00f3n&nbsp;ser\u00e1 muy diferente a la del a\u00f1o pasado, que se realiz\u00f3 en el estadio luego del 0-1 frente a San Lorenzo por la Superliga.<\/p>\n<div class=\"entry-tags\">\n<h2>TEMAS QUE APARECEN EN ESTA NOTA<\/h2>\n<\/p><\/div>\n","protected":false},"excerpt":{"rendered":"<p>Los festejos ser\u00e1n m\u00faltiples, en cada rinc\u00f3n del pa\u00eds y en diferentes lugares del mundo. Pero s\u00f3lo uno, al menos por ahora, contar\u00e1 con la presencia, en vivo y a trav\u00e9s de todas las diferentes plataformas virtuales, de Marcelo Gallardo, el hombre que se gan\u00f3 la estatua (a\u00fan en construcci\u00f3n) en la puerta del Monumental [&hellip;]<\/p>\n","protected":false},"author":1,"featured_media":6302,"comment_status":"open","ping_status":"closed","sticky":false,"template":"","format":"standard","meta":[],"categories":[16],"tags":[],"_links":{"self":[{"href":"http:\/\/hoycordobaweb.com\/index.php\/wp-json\/wp\/v2\/posts\/6301"}],"collection":[{"href":"http:\/\/hoycordobaweb.com\/index.php\/wp-json\/wp\/v2\/posts"}],"about":[{"href":"http:\/\/hoycordobaweb.com\/index.php\/wp-json\/wp\/v2\/types\/post"}],"author":[{"embeddable":true,"href":"http:\/\/hoycordobaweb.com\/index.php\/wp-json\/wp\/v2\/users\/1"}],"replies":[{"embeddable":true,"href":"http:\/\/hoycordobaweb.com\/index.php\/wp-json\/wp\/v2\/comments?post=6301"}],"version-history":[{"count":0,"href":"http:\/\/hoycordobaweb.com\/index.php\/wp-json\/wp\/v2\/posts\/6301\/revisions"}],"wp:featuredmedia":[{"embeddable":true,"href":"http:\/\/hoycordobaweb.com\/index.php\/wp-json\/wp\/v2\/media\/6302"}],"wp:attachment":[{"href":"http:\/\/hoycordobaweb.com\/index.php\/wp-json\/wp\/v2\/media?parent=6301"}],"wp:term":[{"taxonomy":"category","embeddable":true,"href":"http:\/\/hoycordobaweb.com\/index.php\/wp-json\/wp\/v2\/categories?post=6301"},{"taxonomy":"post_tag","embeddable":true,"href":"http:\/\/hoycordobaweb.com\/index.php\/wp-json\/wp\/v2\/tags?post=6301"}],"curies":[{"name":"wp","href":"https:\/\/api.w.org\/{rel}","templated":true}]}}