{"id":63006,"date":"2023-07-09T20:02:00","date_gmt":"2023-07-09T20:02:00","guid":{"rendered":"https:\/\/www.espinof.com\/directores-y-guionistas\/momento-que-christopher-nolan-hizo-padrino-cine-superheroes-17-fascinantes-curiosidades-caballero-oscuro"},"modified":"2023-07-09T20:02:00","modified_gmt":"2023-07-09T20:02:00","slug":"15-anos-del-momento-en-el-que-christopher-nolan-hizo-el-padrino-del-cine-de-superheroes-17-fascinantes-curiosidades-sobre-el-caballero-oscuro-que-quiza-no-conocias","status":"publish","type":"post","link":"http:\/\/hoycordobaweb.com\/index.php\/2023\/07\/09\/15-anos-del-momento-en-el-que-christopher-nolan-hizo-el-padrino-del-cine-de-superheroes-17-fascinantes-curiosidades-sobre-el-caballero-oscuro-que-quiza-no-conocias\/","title":{"rendered":"15 a\u00f1os del momento en el que Christopher Nolan hizo el Padrino del cine de superh\u00e9roes: 17 fascinantes curiosidades sobre &#8216;El caballero oscuro&#8217; que quiz\u00e1 no conoc\u00edas"},"content":{"rendered":"<p>Parece que fue ayer \u2014de hecho, si cierro los ojos a\u00fan me veo hist\u00e9rico esperando a que terminasen los trailers para que empezase la pel\u00edcula en la sala de cine\u2014, pero la realidad es que <strong>ya han pasado nada menos que 15 a\u00f1os<\/strong> desde que se estrenase esa maravilla titulada <a href=\"https:\/\/www.espinof.com\/criticas\/comic-en-cine-el-caballero-oscuro-de-christopher-nolan\">&#8216;El caballero oscuro&#8217;<\/a> (&#8216;The Dark Knight&#8217;), cuya <em>premi\u00e8re<\/em> tuvo lugar en Nueva York el 14 de julio de 2008. Un largometraje catalogado por muchos como <strong>&#8216;El padrino&#8217; del cine de superh\u00e9roes<\/strong>.<\/p>\n<p><!-- BREAK 1 --><\/p>\n<h2>Bat-trivial<\/h2>\n<p>Para celebrar la que, sin duda, es una de las mejores pel\u00edculas jam\u00e1s rodadas sobre <strong>Batman<\/strong> \u2014con permiso de <a href=\"https:\/\/www.espinof.com\/criticas\/comic-en-cine-batman-la-mascara-del-fantasma-de-bruce-timm-y-eric-radomski\">&#8216;La M\u00e1scara del Fantasma&#8217;<\/a> de Bruce Timm y Eric Radomski\u2014, os traemos este v\u00eddeo en el que recopilamos <strong>17 curiosidades<\/strong> que tal vez no conozc\u00e1is sobre la segunda pel\u00edcula de <strong>Christopher Nolan<\/strong> centrada en el h\u00e9roe de <strong>DC<\/strong> Bruce Wayne, al que da vida <strong>Christian Bale<\/strong>.<\/p>\n<p><!-- BREAK 2 --> <\/p>\n<div class=\"article-asset article-asset-normal article-asset-center\">\n<div class=\"desvio-container\">\n<div class=\"desvio\">\n<div class=\"desvio-figure js-desvio-figure\"> <a href=\"https:\/\/www.espinof.com\/listas\/todos-guinos-easter-eggs-flash-que-te-has-podido-perder-mejunje-multiversal-ultima-pelicula-dc-esta-lleno-cameos-fanservice\"> <img alt=\"Todos los gui\u00f1os y easter-eggs de 'Flash' que te has podido perder: el mejunje multiversal de la \u00faltima pel\u00edcula de DC est\u00e1 lleno de cameos y fanservice\" src=\"http:\/\/hoycordobaweb.com\/wp-content\/uploads\/2023\/07\/15-anos-del-momento-en-el-que-christopher-nolan-hizo-el-padrino-del-cine-de-superheroes-17-fascinantes-curiosidades-sobre-el-caballero-oscuro-que-quiza-no-conocias.jpg\"> <\/a> <\/div><\/div><\/div>\n<\/div>\n<p>\u00bfConoc\u00edais todas las curiosidades que hemos mencionado en el v\u00eddeo? \u00bfSab\u00e9is de alguna otra que os haya llamado especialmente la atenci\u00f3n? No dud\u00e9is en cont\u00e1rnoslo en la secci\u00f3n de comentarios. Yo, por mi parte, voy a desempolvar el Blu-Ray de &#8216;El caballero oscuro&#8217; y a meterme entre pecho y espalda por en\u00e9sima vez el <strong>peque\u00f1o prodigio<\/strong> que gest\u00f3 el bueno de Nolan en un ya lejano 2008 y <strong>para el que parece no haber pasado el tiempo<\/strong>.<\/p>\n<p><!-- BREAK 3 --><\/p>\n<p>En Espinof | <a href=\"https:\/\/www.espinof.com\/listas\/todas-peliculas-universo-dc-ordenadas-peor-a-mejor\">Todas las pel\u00edculas del Universo Extendido de DC, ordenadas de peor a mejor<\/a><\/p>\n<p><!-- BREAK 4 --> <\/p>\n","protected":false},"excerpt":{"rendered":"<p>Parece que fue ayer \u2014de hecho, si cierro los ojos a\u00fan me veo hist\u00e9rico esperando a que terminasen los trailers para que empezase la pel\u00edcula en la sala de cine\u2014, pero la realidad es que ya han pasado nada menos que 15 a\u00f1os desde que se estrenase esa maravilla titulada &#8216;El caballero oscuro&#8217; (&#8216;The Dark [&hellip;]<\/p>\n","protected":false},"author":1,"featured_media":63007,"comment_status":"open","ping_status":"closed","sticky":false,"template":"","format":"standard","meta":[],"categories":[10],"tags":[],"_links":{"self":[{"href":"http:\/\/hoycordobaweb.com\/index.php\/wp-json\/wp\/v2\/posts\/63006"}],"collection":[{"href":"http:\/\/hoycordobaweb.com\/index.php\/wp-json\/wp\/v2\/posts"}],"about":[{"href":"http:\/\/hoycordobaweb.com\/index.php\/wp-json\/wp\/v2\/types\/post"}],"author":[{"embeddable":true,"href":"http:\/\/hoycordobaweb.com\/index.php\/wp-json\/wp\/v2\/users\/1"}],"replies":[{"embeddable":true,"href":"http:\/\/hoycordobaweb.com\/index.php\/wp-json\/wp\/v2\/comments?post=63006"}],"version-history":[{"count":0,"href":"http:\/\/hoycordobaweb.com\/index.php\/wp-json\/wp\/v2\/posts\/63006\/revisions"}],"wp:featuredmedia":[{"embeddable":true,"href":"http:\/\/hoycordobaweb.com\/index.php\/wp-json\/wp\/v2\/media\/63007"}],"wp:attachment":[{"href":"http:\/\/hoycordobaweb.com\/index.php\/wp-json\/wp\/v2\/media?parent=63006"}],"wp:term":[{"taxonomy":"category","embeddable":true,"href":"http:\/\/hoycordobaweb.com\/index.php\/wp-json\/wp\/v2\/categories?post=63006"},{"taxonomy":"post_tag","embeddable":true,"href":"http:\/\/hoycordobaweb.com\/index.php\/wp-json\/wp\/v2\/tags?post=63006"}],"curies":[{"name":"wp","href":"https:\/\/api.w.org\/{rel}","templated":true}]}}