{"id":62982,"date":"2023-07-08T22:13:05","date_gmt":"2023-07-08T22:13:05","guid":{"rendered":"https:\/\/www.ole.com.ar\/ecuador\/internacional\/kang-in-lee-nuevo-refuerzo-psg-coreano-historia-fanatico-maradona-reality_0_rVacRpPV5L.html"},"modified":"2023-07-08T22:13:05","modified_gmt":"2023-07-08T22:13:05","slug":"gano-un-reality-a-los-6-anos-y-es-fanatico-de-maradona-quien-es-el-flamante-refuerzo-del-psg","status":"publish","type":"post","link":"http:\/\/hoycordobaweb.com\/index.php\/2023\/07\/08\/gano-un-reality-a-los-6-anos-y-es-fanatico-de-maradona-quien-es-el-flamante-refuerzo-del-psg\/","title":{"rendered":"Gan\u00f3 un reality a los 6 a\u00f1os y es fan\u00e1tico de Maradona: qui\u00e9n es el flamante refuerzo del PSG"},"content":{"rendered":"<p><img src=\"http:\/\/hoycordobaweb.com\/wp-content\/uploads\/2023\/07\/gano-un-reality-a-los-6-anos-y-es-fanatico-de-maradona-quien-es-el-flamante-refuerzo-del-psg.jpg\"><\/p>\n<p><time class=\"createDate\" datetime=\"2023-07-08T19:13:005-03:00\">08\/07\/2023 19:13hs.<\/time><time class=\"modificatedDate\" datetime=\"2023-07-08T19:13:004-03:00\"><\/time><\/p>\n<div id=\"storyBody\">\n<div class=\"custom-text \" readability=\"40.5625\">\n<p>Luego de otra temporada decepcionante, donde quedaron eliminados en octavos de la Champions, sumado a que <strong><a href=\"https:\/\/www.ole.com.ar\/tema\/lionel-messi.html\" title=\"Lionel Messi\" alt=\"Lionel Messi\" class=\"slug\">Lionel Messi<\/a><\/strong> se fue del club y que<strong><a href=\"https:\/\/www.ole.com.ar\/tema\/kylian-mbappe.html\" title=\"Kylian Mbapp\u00e9\" alt=\"Kylian Mbapp\u00e9\" class=\"slug\"> Kylian Mbapp\u00e9<\/a><\/strong> anunci\u00f3 que no renovar\u00e1 su contrato, <strong><a href=\"https:\/\/www.ole.com.ar\/tema\/paris-saint-germain.html\" title=\"Paris Saint Germain\" alt=\"Paris Saint Germain\" class=\"slug\">Paris Saint Germain<\/a> decidi\u00f3 patear el tablero:<\/strong> despidi\u00f3 a Christopher Galtier, c<strong>ontrat\u00f3 a Luis Enrique y modific\u00f3 su filosof\u00eda de fichajes, nada de refuerzos estrellas ni grandes inversiones. Es por esto que apost\u00f3 por jugadores libres y futuras promesas<\/strong>. Ya presentaron a Milan Skriniar, Marco Asensio, al uruguayo Manuel Ugarte y, <strong>este s\u00e1bado, fue el turno de Kang-In Lee.<\/strong><\/p>\n<\/div>\n<div class=\"custom-text \" readability=\"37\">\n<p><strong>El futbolista coreano lleg\u00f3 proveniente del Mallorca de Espa\u00f1a a cambio de 22 millones de euros y firm\u00f3 contrato por cinco temporadas<\/strong>. \u00abEstoy encantado de unirme al Paris Saint-Germain. Es uno de los clubes m\u00e1s grandes del mundo, con algunos de los mejores jugadores del mundo. No puedo esperar para comenzar esta nueva aventura. Tengo muchas ganas de conocer a los aficionados y darles alegr\u00eda en el campo\u00bb, sostuvo en su presentaci\u00f3n.<\/p>\n<\/div>\n<p><h2><strong>La historia de Kang-In Lee<\/strong><\/h2>\n<\/p>\n<div class=\"custom-text \" readability=\"37\">\n<p><strong>El primer contacto de Kang-In Lee<\/strong> con el f\u00fatbol ocurri\u00f3 a los seis a\u00f1os sorpresivamente a partir de <strong>un reality show en Corea del Sur llamado Fly Shooter y que se emiti\u00f3 en 2007.<\/strong> El joven futbolista termin\u00f3 siendo el ganador del programa de televisi\u00f3n que consist\u00eda en una competencia de equipos dirigidos por famosos locales y del que participaron m\u00e1s de 700 chicos. Con su victoria, <strong>logr\u00f3 un auspicioso premio: un viaje a Manchester para ver jugar al United y conocer a Park Ji-Sung, estrella del pa\u00eds por ese entonces.<\/strong><\/p>\n<\/div>\n<div class=\"custom-text \" readability=\"36.733333333333\">\n<p>Desde muy chico, sus padres ya sab\u00edan que estaba destinado a jugar al f\u00fatbol. Mientras otros chicos de su edad se entreten\u00edan mirando dibujos animados, \u00e9l prefer\u00eda ver videos de <strong><a href=\"https:\/\/www.ole.com.ar\/tema\/diego-maradona.html\" title=\"Diego Maradona\" alt=\"Diego Maradona\" class=\"slug\">Diego Maradona<\/a><\/strong>. <strong>\u201cSiempre me ha gustado much\u00edsimo y es del que m\u00e1s me he fijado. Maradona es el que m\u00e1s me ha aportado en el f\u00fatbol\u201d<\/strong>, reconoci\u00f3 Lee en una entrevista tiempo atr\u00e1s y admiti\u00f3 que le gustaba jugar a ser como Diego.<\/p>\n<\/div>\n<div class=\"custom-text \" readability=\"43\">\n<p>De all\u00ed, comenz\u00f3 su carrera por las inferiores del Incheon, hasta que sus padres <strong>lo llevaron a probarse a Valencia en 2011, con tan s\u00f3lo diez a\u00f1os. Con su talento, deslumbr\u00f3 a los coordinadores de las juveniles del equipo Che, firm\u00f3 contrato,<\/strong> se mud\u00f3 con su familia a Espa\u00f1a y, con 17 a\u00f1os, se convirti\u00f3 en el primer surcoreano en vestir la camiseta del club.<\/p>\n<\/div>\n<div class=\"sc-e7b891c4-0 jPbnQF\"><img alt=\"Lee, en su paso por Valencia. \" src=\"http:\/\/hoycordobaweb.com\/wp-content\/uploads\/2023\/07\/gano-un-reality-a-los-6-anos-y-es-fanatico-de-maradona-quien-es-el-flamante-refuerzo-del-psg-2.jpg\" width=\"720\" height=\"100\" decoding=\"async\" data-nimg=\"future\" loading=\"lazy\"><span class=\"epigraphe\">Lee, en su paso por Valencia. <\/span><\/div>\n<div class=\"custom-text \" readability=\"39\">\n<p>Sus primeras impresiones fueron tan positivas, que despertaron el inter\u00e9s de clubes como Juventus y Real Madrid. Es por esto que <strong>su cl\u00e1usula aument\u00f3 repentinamente a 80 millones de euros. Es m\u00e1s, fue el Bal\u00f3n de Oro del Mundial Sub 20 2019,<\/strong> donde su selecci\u00f3n lleg\u00f3 hasta la final y cay\u00f3 3 a 1 con Ucrania. Pero el estado de gracia termin\u00f3 un d\u00eda. Valencia entr\u00f3 en una meseta en su nivel, pasaron los entrenadores y ninguno confi\u00f3 en Lee para ser titular. <\/p>\n<\/div>\n<div class=\"sc-e7b891c4-0 jPbnQF\"><img alt=\"Kang-In Lee, el nuevo jugador coreano del PSG (Foto: Mallorca).\" src=\"http:\/\/hoycordobaweb.com\/wp-content\/uploads\/2023\/07\/gano-un-reality-a-los-6-anos-y-es-fanatico-de-maradona-quien-es-el-flamante-refuerzo-del-psg-3.jpg\" width=\"720\" height=\"100\" decoding=\"async\" data-nimg=\"future\" loading=\"lazy\"><span class=\"epigraphe\">Kang-In Lee, el nuevo jugador coreano del PSG (Foto: Mallorca).<\/span><\/div>\n<div class=\"custom-text \" readability=\"38\">\n<p>Finalmente,<strong> termin\u00f3 march\u00e1ndose libre en 2021 con 62 partidos jugados y tres goles convertidos y recay\u00f3 en las filas del Mallorca<\/strong>. En la isla, consigui\u00f3 su segunda oportunidad y enseguida se volvi\u00f3 indiscutido en el equipo de Javier Aguirre: 73 encuentros y siete goles en total y <strong>en la \u00faltima campa\u00f1a se mantuvieron en la pelea para clasificar a copas internacionales hasta el final, pero se quedaron afuera.<\/strong><\/p>\n<\/div>\n<div class=\"custom-text \" readability=\"37\">\n<p>Por su parte, Kang-In Lee <strong>integr\u00f3 la lista de convocados de Paulo Bento para la Selecci\u00f3n de Corea del Sur en el Mundial de Qatar 2022, donde vencieron a Portugal y clasificaron a octavos, pero se fueron goleados 4 a 1 por Brasil<\/strong>. El mediocampista ofensivo jug\u00f3 todos los encuentros.<\/p>\n<\/div>\n<div class=\"sc-e7b891c4-0 jPbnQF\"><img alt=\"Lee, contra Uruguay en Qatar 2022.\" src=\"http:\/\/hoycordobaweb.com\/wp-content\/uploads\/2023\/07\/gano-un-reality-a-los-6-anos-y-es-fanatico-de-maradona-quien-es-el-flamante-refuerzo-del-psg-4.jpg\" width=\"720\" height=\"100\" decoding=\"async\" data-nimg=\"future\" loading=\"lazy\"><span class=\"epigraphe\">Lee, contra Uruguay en Qatar 2022.<\/span><\/div>\n<div class=\"custom-text \" readability=\"36\">\n<p>Con esta nueva etapa, <strong>el futbolista de 22 a\u00f1os deber\u00e1 demostrar que est\u00e1 a la altura de jugar en equipo grande como el Paris Saint Germain,<\/strong> que lo eligi\u00f3 para ser uno de los responsables de la reconstrucci\u00f3n del club bajo las \u00f3rdenes de Luis Enrique.<\/p>\n<\/div>\n<div class=\"sc-a7166897-0 exHLBh\" readability=\"6.5\">\n<section readability=\"3\"><picture><img alt=\"Esc\u00e1ndalo en Brasil: el arquero de Atl\u00e9tico Mineiro denunci\u00f3 extorsiones \u00a1de su amante!\" src=\"http:\/\/hoycordobaweb.com\/wp-content\/uploads\/2023\/07\/gano-un-reality-a-los-6-anos-y-es-fanatico-de-maradona-quien-es-el-flamante-refuerzo-del-psg-5.jpg\" width=\"290\" height=\"290\" decoding=\"async\" data-nimg=\"future\" loading=\"lazy\"><\/picture>\n<p><span>Mir\u00e1 tambi\u00e9n<\/span><\/p>\n<hr>\n<h3>Esc\u00e1ndalo en Brasil: el arquero de Atl\u00e9tico Mineiro denunci\u00f3 extorsiones \u00a1de su amante!<\/h3>\n<\/p>\n<\/section>\n<\/div>\n<div class=\"sc-a7166897-0 exHLBh\" readability=\"6\">\n<section readability=\"2\"><picture><img alt=\"Sergio Rico: de salvarse por &quot;medio cent\u00edmetro&quot; a perder 20 kilos\" src=\"http:\/\/hoycordobaweb.com\/wp-content\/uploads\/2023\/07\/gano-un-reality-a-los-6-anos-y-es-fanatico-de-maradona-quien-es-el-flamante-refuerzo-del-psg-6.jpg\" width=\"290\" height=\"290\" decoding=\"async\" data-nimg=\"future\" loading=\"lazy\"><\/picture>\n<p><span>Mir\u00e1 tambi\u00e9n<\/span><\/p>\n<hr>\n<h3>Sergio Rico: de salvarse por \u00abmedio cent\u00edmetro\u00bb a perder 20 kilos<\/h3>\n<\/p>\n<\/section>\n<\/div>\n<div class=\"sc-a7166897-0 exHLBh\" readability=\"6.5\">\n<section readability=\"3\"><picture><img alt=\"La modelo de OnlyFans a la que Neymar le ofreci\u00f3 un trio, \u00bfde novia con Vinicius?\" src=\"http:\/\/hoycordobaweb.com\/wp-content\/uploads\/2023\/07\/gano-un-reality-a-los-6-anos-y-es-fanatico-de-maradona-quien-es-el-flamante-refuerzo-del-psg-7.jpg\" width=\"290\" height=\"290\" decoding=\"async\" data-nimg=\"future\" loading=\"lazy\"><\/picture>\n<p><span>Mir\u00e1 tambi\u00e9n<\/span><\/p>\n<hr>\n<h3>La modelo de OnlyFans a la que Neymar le ofreci\u00f3 un trio, \u00bfde novia con Vinicius?<\/h3>\n<\/p>\n<\/section>\n<\/div>\n<div class=\"sc-a7166897-0 exHLBh\" readability=\"6\">\n<section readability=\"2\"><picture><img alt=\"El dif\u00edcil momento de Van der Sar: hemorragia cerebral y terapia intensiva\" src=\"http:\/\/hoycordobaweb.com\/wp-content\/uploads\/2023\/07\/gano-un-reality-a-los-6-anos-y-es-fanatico-de-maradona-quien-es-el-flamante-refuerzo-del-psg-8.jpg\" width=\"290\" height=\"290\" decoding=\"async\" data-nimg=\"future\" loading=\"lazy\"><\/picture>\n<p><span>Mir\u00e1 tambi\u00e9n<\/span><\/p>\n<hr>\n<h3>El dif\u00edcil momento de Van der Sar: hemorragia cerebral y terapia intensiva<\/h3>\n<\/p>\n<\/section>\n<\/div>\n<\/div>\n","protected":false},"excerpt":{"rendered":"<p>08\/07\/2023 19:13hs. Luego de otra temporada decepcionante, donde quedaron eliminados en octavos de la Champions, sumado a que Lionel Messi se fue del club y que Kylian Mbapp\u00e9 anunci\u00f3 que no renovar\u00e1 su contrato, Paris Saint Germain decidi\u00f3 patear el tablero: despidi\u00f3 a Christopher Galtier, contrat\u00f3 a Luis Enrique y modific\u00f3 su filosof\u00eda de fichajes, [&hellip;]<\/p>\n","protected":false},"author":1,"featured_media":62983,"comment_status":"open","ping_status":"closed","sticky":false,"template":"","format":"standard","meta":[],"categories":[16],"tags":[],"_links":{"self":[{"href":"http:\/\/hoycordobaweb.com\/index.php\/wp-json\/wp\/v2\/posts\/62982"}],"collection":[{"href":"http:\/\/hoycordobaweb.com\/index.php\/wp-json\/wp\/v2\/posts"}],"about":[{"href":"http:\/\/hoycordobaweb.com\/index.php\/wp-json\/wp\/v2\/types\/post"}],"author":[{"embeddable":true,"href":"http:\/\/hoycordobaweb.com\/index.php\/wp-json\/wp\/v2\/users\/1"}],"replies":[{"embeddable":true,"href":"http:\/\/hoycordobaweb.com\/index.php\/wp-json\/wp\/v2\/comments?post=62982"}],"version-history":[{"count":0,"href":"http:\/\/hoycordobaweb.com\/index.php\/wp-json\/wp\/v2\/posts\/62982\/revisions"}],"wp:featuredmedia":[{"embeddable":true,"href":"http:\/\/hoycordobaweb.com\/index.php\/wp-json\/wp\/v2\/media\/62983"}],"wp:attachment":[{"href":"http:\/\/hoycordobaweb.com\/index.php\/wp-json\/wp\/v2\/media?parent=62982"}],"wp:term":[{"taxonomy":"category","embeddable":true,"href":"http:\/\/hoycordobaweb.com\/index.php\/wp-json\/wp\/v2\/categories?post=62982"},{"taxonomy":"post_tag","embeddable":true,"href":"http:\/\/hoycordobaweb.com\/index.php\/wp-json\/wp\/v2\/tags?post=62982"}],"curies":[{"name":"wp","href":"https:\/\/api.w.org\/{rel}","templated":true}]}}