{"id":62978,"date":"2023-07-09T00:01:16","date_gmt":"2023-07-09T00:01:16","guid":{"rendered":"https:\/\/www.ole.com.ar\/futbol-internacional\/libertadores\/nacional-uruguay-boca-cruce-copa-libertadores_0_zu0ZCIJfyk.html"},"modified":"2023-07-09T00:01:16","modified_gmt":"2023-07-09T00:01:16","slug":"video-el-desafiante-canto-de-nacional-de-montevideo-contra-boca","status":"publish","type":"post","link":"http:\/\/hoycordobaweb.com\/index.php\/2023\/07\/09\/video-el-desafiante-canto-de-nacional-de-montevideo-contra-boca\/","title":{"rendered":"Video: el desafiante canto de Nacional de Montevideo contra Boca"},"content":{"rendered":"<p><img src=\"http:\/\/hoycordobaweb.com\/wp-content\/uploads\/2023\/07\/video-el-desafiante-canto-de-nacional-de-montevideo-contra-boca.jpg\"><\/p>\n<p><time class=\"createDate\" datetime=\"2023-07-08T21:01:16-03:00\">08\/07\/2023 21:01hs.<\/time><time class=\"modificatedDate\" datetime=\"2023-07-08T21:01:16-03:00\"><\/time><\/p>\n<div id=\"storyBody\">\n<div class=\"custom-text \" readability=\"12.688453159041\">\n<p>Faltan 25 d\u00edas para que <a href=\"https:\/\/www.ole.com.ar\/tema\/boca-juniors.html\" title=\"Boca Juniors\" alt=\"Boca Juniors\" class=\"slug\">Boca<\/a> salga a la cancha a disputar un partido trascendental para sus aspiraciones en este 2023. El calendario marca que <strong>el mi\u00e9rcoles 2 de agosto a las 21, el Xeneize deber\u00e1 visitar a <\/strong><a href=\"https:\/\/www.ole.com.ar\/tema\/nacional-de-montevideo.html\" title=\"Nacional de Montevideo\" alt=\"Nacional de Montevideo\" class=\"slug\">Nacional de Montevideo<\/a>, <strong>por el partido de ida de los octavos de final de la<\/strong> <a href=\"https:\/\/www.ole.com.ar\/tema\/copa-libertadores.html\" title=\"Copa Libertadores\" alt=\"Copa Libertadores\" class=\"slug\">Copa Libertadores<\/a>, el gran objetivo del a\u00f1o. La revancha ser\u00e1 apenas una semana m\u00e1s tarde, el mi\u00e9rcoles 9 a la misma hora ambos conjuntos se enfrentar\u00e1n en la Bombonera.<\/p>\n<\/div>\n<div class=\"sc-a7166897-0 exHLBh\" readability=\"7\">\n<section readability=\"4\"><picture><img alt=\"Jorge Ameal, en la inauguraci\u00f3n de la cancha de Hockey de Boca: &quot;Todos queremos ganar la S\u00e9ptima&quot;\" src=\"http:\/\/hoycordobaweb.com\/wp-content\/uploads\/2023\/07\/video-el-desafiante-canto-de-nacional-de-montevideo-contra-boca-2.jpg\" width=\"290\" height=\"290\" decoding=\"async\" data-nimg=\"future\" loading=\"lazy\"><\/picture>\n<p><span>Mir\u00e1 tambi\u00e9n<\/span><\/p>\n<hr>\n<h3>Jorge Ameal, en la inauguraci\u00f3n de la cancha de Hockey de Boca: \u00abTodos queremos ganar la S\u00e9ptima\u00bb<\/h3>\n<\/p>\n<\/section>\n<\/div>\n<div class=\"custom-text \" readability=\"13\">\n<p>A pesar de que a\u00fan quedan por delante varias semanas para preparar esos encuentros cruciales, en Uruguay ya se palpita el partido. En el \u00faltimo partido que disput\u00f3 Nacional en su estadio ante Plaza Colonia (4-1), por la 4\u00b0 fecha de la fase de grupos del torneo de Primera Divisi\u00f3n, los hinchas del Bolso le dedicaron algunas canciones a su rival copero.<\/p>\n<\/div>\n<div class=\"sc-a7166897-0 exHLBh\" readability=\"6\">\n<section readability=\"2\"><picture><img alt=\"Estudiantes-Racing: un cero gigante\" src=\"http:\/\/hoycordobaweb.com\/wp-content\/uploads\/2023\/07\/video-el-desafiante-canto-de-nacional-de-montevideo-contra-boca-3.jpg\" width=\"290\" height=\"290\" decoding=\"async\" data-nimg=\"future\" loading=\"lazy\"><\/picture>\n<p><span>Mir\u00e1 tambi\u00e9n<\/span><\/p>\n<hr>\n<h3>Estudiantes-Racing: un cero gigante<\/h3>\n<\/p>\n<\/section>\n<\/div>\n<p><h2><strong>Un canto provocador<\/strong><\/h2>\n<\/p>\n<div class=\"custom-text \" readability=\"14\">\n<p><strong>\u00abEl que no salta es de Boca y Pe\u00f1arol\u00bb<\/strong>, fue el primer cantito que retumb\u00f3 en las tribunas del estadio Gran Parque Central, con capacidad para 34.000 espectadores. Y la temperatura fue subiendo con una canci\u00f3n provocadora.<strong> \u00abA mi me volvi\u00f3 loco ser del Tricolor. Vamo&#8217; a ir a La Boca, se la vamo&#8217; a quemar. El Xeneize no existe sin la Federal\u00bb<\/strong>, se escuch\u00f3 con fuerza desde todos los sectores de la cancha.<\/p>\n<\/div>\n<div class=\"sc-a7166897-0 exHLBh\" readability=\"7\">\n<section readability=\"4\"><picture><img alt=\"El t\u00e9cnico de Nacional analiz\u00f3 a Boca, su pr\u00f3ximo rival: &quot;Es un equipo que tiene altibajos&quot;\" src=\"http:\/\/hoycordobaweb.com\/wp-content\/uploads\/2023\/07\/video-el-desafiante-canto-de-nacional-de-montevideo-contra-boca-4.jpg\" width=\"290\" height=\"290\" decoding=\"async\" data-nimg=\"future\" loading=\"lazy\"><\/picture>\n<p><span>Mir\u00e1 tambi\u00e9n<\/span><\/p>\n<hr>\n<h3>El t\u00e9cnico de Nacional analiz\u00f3 a Boca, su pr\u00f3ximo rival: \u00abEs un equipo que tiene altibajos\u00bb<\/h3>\n<\/p>\n<\/section>\n<\/div>\n<div class=\"sc-7ce6049-0 dwIKul\">\n<div class=\"sc-7ce6049-1 bdcBBS videoText\" id=\"contentTitleundefinedMmPzBE30\" readability=\"6\"><svg fill=\"#ffffff\"><symbol id=\"play\" viewBox=\"0 0 512 512\"><path d=\"M512 256C512 397.4 397.4 512 256 512C114.6 512 0 397.4 0 256C0 114.6 114.6 0 256 0C397.4 0 512 114.6 512 256zM176 168V344C176 352.7 180.7 360.7 188.3 364.9C195.8 369.2 205.1 369 212.5 364.5L356.5 276.5C363.6 272.1 368 264.4 368 256C368 247.6 363.6 239.9 356.5 235.5L212.5 147.5C205.1 142.1 195.8 142.8 188.3 147.1C180.7 151.3 176 159.3 176 168V168z\" \/><\/symbol><use xlink:href=\"#play\" \/><\/svg><\/p>\n<div class=\"right\" readability=\"7\">\n<p>Nacional de Montevideo<!-- --> &#8211;<!-- --> <span>8-7-2023<\/span><\/p>\n<h2 class=\"title-vid\">El cantito de los hinchas de Nacional para Boca<\/h2>\n<\/div>\n<\/div>\n<p><span class=\"back\" id=\"spanBackundefinedMmPzBE30\"><\/span><\/div>\n<div class=\"custom-text \" readability=\"15\">\n<p><strong>\u00abVamos a llegar muy bien a la Copa. Tenemos semanas largas para recuperarnos. Vamos a estar muy bien, tenemos tiempo para preparar todo. Vamos a llegar muy fuertes\u00bb<\/strong>, fue el mensaje de Jorge Almir\u00f3n, entrenador de Boca, una vez consumado el empate del jueves pasado contra Uni\u00f3n (0-0), en Santa Fe. El entrenador de 52 a\u00f1os pretende que le traigan refuerzos para tratar de fortalecer al equipo. Y destac\u00f3 la importancia de conseguir cierta solidez defensiva para armar un equipo duro de cara las instancias decisivas del m\u00e1ximo certamen continental.<\/p>\n<\/div>\n<div class=\"sc-a7166897-0 exHLBh\" readability=\"7\">\n<section readability=\"4\"><picture><img alt=\"En medio de la pol\u00e9mica por su posible llegada a River, Colidio fue homenajeado por Atl\u00e9tico Rafaela\" src=\"http:\/\/hoycordobaweb.com\/wp-content\/uploads\/2023\/07\/video-el-desafiante-canto-de-nacional-de-montevideo-contra-boca-5.jpg\" width=\"290\" height=\"290\" decoding=\"async\" data-nimg=\"future\" loading=\"lazy\"><\/picture>\n<p><span>Mir\u00e1 tambi\u00e9n<\/span><\/p>\n<hr>\n<h3>En medio de la pol\u00e9mica por su posible llegada a River, Colidio fue homenajeado por Atl\u00e9tico Rafaela<\/h3>\n<\/p>\n<\/section>\n<\/div>\n<div class=\"sc-a7166897-0 exHLBh\" readability=\"6\">\n<section readability=\"2\"><picture><img alt=\"Las bajas que tendr\u00e1 Boca contra Hurac\u00e1n\" src=\"http:\/\/hoycordobaweb.com\/wp-content\/uploads\/2023\/07\/video-el-desafiante-canto-de-nacional-de-montevideo-contra-boca-6.jpg\" width=\"290\" height=\"290\" decoding=\"async\" data-nimg=\"future\" loading=\"lazy\"><\/picture>\n<p><span>Mir\u00e1 tambi\u00e9n<\/span><\/p>\n<hr>\n<h3>Las bajas que tendr\u00e1 Boca contra Hurac\u00e1n<\/h3>\n<\/p>\n<\/section>\n<\/div>\n<p><h2><strong>As\u00ed llega Nacional<\/strong><\/h2>\n<\/p>\n<div class=\"custom-text \" readability=\"13\">\n<p>Nacional de Montevideo marcha tercero en el Grupo B del campeonato charr\u00faa, con siete unidades producto de dos triunfos, un empate y una derrota. Tendr\u00e1 que disputar tres partidos antes del choque contra el equipo argentino. Este domingo a las 18 visitar\u00e1 a Racing de Uruguay, el s\u00e1bado 15 recibir\u00e1 a F\u00e9nix y el 23 a Cerro Largo. Los hinchas del Bolso ya tienen en la cabeza el partido frente a Boca.<\/p>\n<\/div>\n<\/div>\n","protected":false},"excerpt":{"rendered":"<p>08\/07\/2023 21:01hs. Faltan 25 d\u00edas para que Boca salga a la cancha a disputar un partido trascendental para sus aspiraciones en este 2023. El calendario marca que el mi\u00e9rcoles 2 de agosto a las 21, el Xeneize deber\u00e1 visitar a Nacional de Montevideo, por el partido de ida de los octavos de final de la [&hellip;]<\/p>\n","protected":false},"author":1,"featured_media":62979,"comment_status":"open","ping_status":"closed","sticky":false,"template":"","format":"standard","meta":[],"categories":[16],"tags":[],"_links":{"self":[{"href":"http:\/\/hoycordobaweb.com\/index.php\/wp-json\/wp\/v2\/posts\/62978"}],"collection":[{"href":"http:\/\/hoycordobaweb.com\/index.php\/wp-json\/wp\/v2\/posts"}],"about":[{"href":"http:\/\/hoycordobaweb.com\/index.php\/wp-json\/wp\/v2\/types\/post"}],"author":[{"embeddable":true,"href":"http:\/\/hoycordobaweb.com\/index.php\/wp-json\/wp\/v2\/users\/1"}],"replies":[{"embeddable":true,"href":"http:\/\/hoycordobaweb.com\/index.php\/wp-json\/wp\/v2\/comments?post=62978"}],"version-history":[{"count":0,"href":"http:\/\/hoycordobaweb.com\/index.php\/wp-json\/wp\/v2\/posts\/62978\/revisions"}],"wp:featuredmedia":[{"embeddable":true,"href":"http:\/\/hoycordobaweb.com\/index.php\/wp-json\/wp\/v2\/media\/62979"}],"wp:attachment":[{"href":"http:\/\/hoycordobaweb.com\/index.php\/wp-json\/wp\/v2\/media?parent=62978"}],"wp:term":[{"taxonomy":"category","embeddable":true,"href":"http:\/\/hoycordobaweb.com\/index.php\/wp-json\/wp\/v2\/categories?post=62978"},{"taxonomy":"post_tag","embeddable":true,"href":"http:\/\/hoycordobaweb.com\/index.php\/wp-json\/wp\/v2\/tags?post=62978"}],"curies":[{"name":"wp","href":"https:\/\/api.w.org\/{rel}","templated":true}]}}