{"id":62917,"date":"2023-07-08T03:05:24","date_gmt":"2023-07-08T03:05:24","guid":{"rendered":"https:\/\/www.ole.com.ar\/ecuador\/internacional\/santos-laguna-gano-puebla-felix-torres-titular_0_iCvPTed8Qt.html"},"modified":"2023-07-08T03:05:24","modified_gmt":"2023-07-08T03:05:24","slug":"santos-laguna-le-gano-a-puebla-con-felix-torres-de-titular","status":"publish","type":"post","link":"http:\/\/hoycordobaweb.com\/index.php\/2023\/07\/08\/santos-laguna-le-gano-a-puebla-con-felix-torres-de-titular\/","title":{"rendered":"Santos Laguna le gan\u00f3 a Puebla con F\u00e9lix Torres de titular"},"content":{"rendered":"<p><img src=\"http:\/\/hoycordobaweb.com\/wp-content\/uploads\/2023\/07\/santos-laguna-le-gano-a-puebla-con-felix-torres-de-titular.jpg\"><\/p>\n<p><time class=\"createDate\" datetime=\"2023-07-08T00:05:24-03:00\">08\/07\/2023 00:05hs.<\/time><time class=\"modificatedDate\" datetime=\"2023-07-08T00:05:24-03:00\"><\/time><\/p>\n<div id=\"storyBody\">\n<div class=\"custom-text \" readability=\"33.326203208556\">\n<p>La segunda fecha del Apertura 2023 de la <a href=\"https:\/\/www.ole.com.ar\/tema\/liga-bbva-mx.html\" title=\"Liga BBVA MX\" alt=\"Liga BBVA MX\" class=\"slug\">Liga MX<\/a> se abri\u00f3 con el partido entre Puebla y <a href=\"https:\/\/www.ole.com.ar\/tema\/santos-laguna.html\" title=\"Santos Laguna\" alt=\"Santos Laguna\" class=\"slug\">Santos Laguna<\/a>. Los de Torre\u00f3n, dirigidos por <a href=\"https:\/\/www.ole.com.ar\/tema\/pablo-repetto.html\" title=\"Pablo Repetto\" alt=\"Pablo Repetto\" class=\"slug\">Pablo Repetto<\/a>, tuvieron a <a href=\"https:\/\/www.ole.com.ar\/tema\/felix-torres.html\" title=\"F\u00e9lix Torres\" alt=\"F\u00e9lix Torres\" class=\"slug\">F\u00e9lix Torres<\/a> como titular y disputando los 90 minutos. <strong>3-2 fue el marcador final a favor del equipo del zaguero ecuatoriano, que consigui\u00f3 el triunfo con doblete de Harold Preciado y un gol de Joaqu\u00edn Brunetta.<\/strong><\/p>\n<\/div>\n<div class=\"custom-text \" readability=\"37\">\n<p><strong>Las acciones del primer tiempo estuvieron muy movidas desde el inicio con Federico Mancuello anotando el 1-0 para Puebla con un remate desde afuera del \u00e1rea que rebot\u00f3 en un rival y descoloc\u00f3 al arquero de la visita, Gibran Lajud<\/strong>.<strong> <\/strong>Los Laguneros no tardaron en igualar las acciones y a las 26 minutos Harold Preciado puso el 1-1 al quedar solo frente al arquero tras un gran pase de Duv\u00e1n Vergara. Joaqu\u00edn Brunetta tuvo un penal, pero el arquero de Puebla impidi\u00f3 su gol.<\/p>\n<\/div>\n<div class=\"custom-text \" readability=\"38\">\n<p>El Puebla volvi\u00f3 a ser peligroso tras el empate y al 38&#8242; apareci\u00f3 Mancuello para dar una asistencia desde un tiro libre a Brayan Angulo, jugador que cabece\u00f3 y tras una floja respuesta de Lajud, anot\u00f3 el 2-1. <strong>Cuando todo apuntaba a que los locales se llevaban la ventaja al descanso, Preciado anot\u00f3 un doblete desde el punto penal para el 2-2 en la \u00faltima jugador de la primera parte.<\/strong><\/p>\n<\/div>\n<p><h2><strong>Santos Laguna consigui\u00f3 la victoria en el segundo tiempo<\/strong><\/h2>\n<\/p>\n<div class=\"custom-text \" readability=\"36\">\n<p>Lajud se repuso del error en el primer tiempo y se convirti\u00f3 en figura de Santos al impedir el gol en varias ocasiones de peligro de Puebla en el inicio de la parte complementaria. <strong>Torres se mostr\u00f3 muy firme en defensa y complet\u00f3 un buen partido al tener cierres importantes, adem\u00e1s de anticipar en varias ocasiones a los delanteros rivales.<\/strong><\/p>\n<\/div>\n<div class=\"sc-e7b891c4-0 jPbnQF\"><img alt=\"Preciado anot\u00f3 un doblete. (EFE)\" src=\"http:\/\/hoycordobaweb.com\/wp-content\/uploads\/2023\/07\/santos-laguna-le-gano-a-puebla-con-felix-torres-de-titular-2.jpg\" width=\"720\" height=\"100\" decoding=\"async\" data-nimg=\"future\" loading=\"lazy\"><span class=\"epigraphe\">Preciado anot\u00f3 un doblete. (EFE)<\/span><\/div>\n<div class=\"custom-text \" readability=\"37\">\n<p><strong>Emerson realiz\u00f3 una gran jugada en el \u00e1rea de Puebla al driblar a un rival, llegar a l\u00ednea de fondo para enviar un centro atr\u00e1s que fue rematado de primera por Joaqu\u00edn Brunetta para anotar el 2-3.<\/strong> El marcador no se volvi\u00f3 a mover y el equipo de Repetto consigui\u00f3 los primeros tres puntos en el Apertura, reponi\u00e9ndose de la derrota frente a Quer\u00e9taro en la fecha 1.<\/p>\n<\/div>\n<div class=\"sc-e7b891c4-0 jPbnQF\"><img alt=\"Santos Laguna le gan\u00f3 a Pubela. (EFE)\" src=\"http:\/\/hoycordobaweb.com\/wp-content\/uploads\/2023\/07\/santos-laguna-le-gano-a-puebla-con-felix-torres-de-titular-3.jpg\" width=\"720\" height=\"100\" decoding=\"async\" data-nimg=\"future\" loading=\"lazy\"><span class=\"epigraphe\">Santos Laguna le gan\u00f3 a Pubela. (EFE)<\/span><\/div>\n<div class=\"sc-a7166897-0 exHLBh\" readability=\"6\">\n<section readability=\"2\"><picture><img alt=\"Inter se prepara para visitar al Fluminense: \u00a1Enner Valencia podr\u00eda ser titular!\" src=\"http:\/\/hoycordobaweb.com\/wp-content\/uploads\/2023\/07\/santos-laguna-le-gano-a-puebla-con-felix-torres-de-titular-4.jpg\" width=\"290\" height=\"290\" decoding=\"async\" data-nimg=\"future\" loading=\"lazy\"><\/picture>\n<p><span>Mir\u00e1 tambi\u00e9n<\/span><\/p>\n<hr>\n<h3>Inter se prepara para visitar al Fluminense: \u00a1Enner Valencia podr\u00eda ser titular!<\/h3>\n<\/p>\n<\/section>\n<\/div>\n<div class=\"sc-a7166897-0 exHLBh\" readability=\"6.5\">\n<section readability=\"3\"><picture><img alt=\"N\u00e9icer Reasco sobre la salida de M\u00e9ndez: &quot;Respaldan a DTs desconocidos que no ganan nada&quot; \" src=\"http:\/\/hoycordobaweb.com\/wp-content\/uploads\/2023\/07\/santos-laguna-le-gano-a-puebla-con-felix-torres-de-titular-5.jpg\" width=\"290\" height=\"290\" decoding=\"async\" data-nimg=\"future\" loading=\"lazy\"><\/picture>\n<p><span>Mir\u00e1 tambi\u00e9n<\/span><\/p>\n<hr>\n<h3>N\u00e9icer Reasco sobre la salida de M\u00e9ndez: \u00abRespaldan a DTs desconocidos que no ganan nada\u00bb <\/h3>\n<\/p>\n<\/section>\n<\/div>\n<div class=\"sc-a7166897-0 exHLBh\" readability=\"6\">\n<section readability=\"2\"><picture><img alt=\"Mart\u00ednez Borja tras rescindir en la Cat\u00f3lica: &quot;Llevo a LDU en el coraz\u00f3n&quot;\" src=\"http:\/\/hoycordobaweb.com\/wp-content\/uploads\/2023\/07\/santos-laguna-le-gano-a-puebla-con-felix-torres-de-titular-6.jpg\" width=\"290\" height=\"290\" decoding=\"async\" data-nimg=\"future\" loading=\"lazy\"><\/picture>\n<p><span>Mir\u00e1 tambi\u00e9n<\/span><\/p>\n<hr>\n<h3>Mart\u00ednez Borja tras rescindir en la Cat\u00f3lica: \u00abLlevo a LDU en el coraz\u00f3n\u00bb<\/h3>\n<\/p>\n<\/section>\n<\/div>\n<div class=\"sc-a7166897-0 exHLBh\" readability=\"6.5\">\n<section readability=\"3\"><picture><img alt=\"La modelo de OnlyFans a la que Neymar le ofreci\u00f3 un trio, \u00bfde novia con Vinicius?\" src=\"http:\/\/hoycordobaweb.com\/wp-content\/uploads\/2023\/07\/santos-laguna-le-gano-a-puebla-con-felix-torres-de-titular-7.jpg\" width=\"290\" height=\"290\" decoding=\"async\" data-nimg=\"future\" loading=\"lazy\"><\/picture>\n<p><span>Mir\u00e1 tambi\u00e9n<\/span><\/p>\n<hr>\n<h3>La modelo de OnlyFans a la que Neymar le ofreci\u00f3 un trio, \u00bfde novia con Vinicius?<\/h3>\n<\/p>\n<\/section>\n<\/div>\n<div class=\"sc-a7166897-0 exHLBh\" readability=\"6\">\n<section readability=\"2\"><picture><img alt=\"El dif\u00edcil momento de Van der Sar: hemorragia cerebral y terapia intensiva\" src=\"http:\/\/hoycordobaweb.com\/wp-content\/uploads\/2023\/07\/santos-laguna-le-gano-a-puebla-con-felix-torres-de-titular-8.jpg\" width=\"290\" height=\"290\" decoding=\"async\" data-nimg=\"future\" loading=\"lazy\"><\/picture>\n<p><span>Mir\u00e1 tambi\u00e9n<\/span><\/p>\n<hr>\n<h3>El dif\u00edcil momento de Van der Sar: hemorragia cerebral y terapia intensiva<\/h3>\n<\/p>\n<\/section>\n<\/div>\n<\/div>\n","protected":false},"excerpt":{"rendered":"<p>08\/07\/2023 00:05hs. La segunda fecha del Apertura 2023 de la Liga MX se abri\u00f3 con el partido entre Puebla y Santos Laguna. Los de Torre\u00f3n, dirigidos por Pablo Repetto, tuvieron a F\u00e9lix Torres como titular y disputando los 90 minutos. 3-2 fue el marcador final a favor del equipo del zaguero ecuatoriano, que consigui\u00f3 el [&hellip;]<\/p>\n","protected":false},"author":1,"featured_media":62918,"comment_status":"open","ping_status":"closed","sticky":false,"template":"","format":"standard","meta":[],"categories":[16],"tags":[],"_links":{"self":[{"href":"http:\/\/hoycordobaweb.com\/index.php\/wp-json\/wp\/v2\/posts\/62917"}],"collection":[{"href":"http:\/\/hoycordobaweb.com\/index.php\/wp-json\/wp\/v2\/posts"}],"about":[{"href":"http:\/\/hoycordobaweb.com\/index.php\/wp-json\/wp\/v2\/types\/post"}],"author":[{"embeddable":true,"href":"http:\/\/hoycordobaweb.com\/index.php\/wp-json\/wp\/v2\/users\/1"}],"replies":[{"embeddable":true,"href":"http:\/\/hoycordobaweb.com\/index.php\/wp-json\/wp\/v2\/comments?post=62917"}],"version-history":[{"count":0,"href":"http:\/\/hoycordobaweb.com\/index.php\/wp-json\/wp\/v2\/posts\/62917\/revisions"}],"wp:featuredmedia":[{"embeddable":true,"href":"http:\/\/hoycordobaweb.com\/index.php\/wp-json\/wp\/v2\/media\/62918"}],"wp:attachment":[{"href":"http:\/\/hoycordobaweb.com\/index.php\/wp-json\/wp\/v2\/media?parent=62917"}],"wp:term":[{"taxonomy":"category","embeddable":true,"href":"http:\/\/hoycordobaweb.com\/index.php\/wp-json\/wp\/v2\/categories?post=62917"},{"taxonomy":"post_tag","embeddable":true,"href":"http:\/\/hoycordobaweb.com\/index.php\/wp-json\/wp\/v2\/tags?post=62917"}],"curies":[{"name":"wp","href":"https:\/\/api.w.org\/{rel}","templated":true}]}}